{"id":49701,"date":"2018-07-29T11:33:50","date_gmt":"2018-07-29T09:33:50","guid":{"rendered":"http:\/\/www.region-schwabach.de\/wordpress\/?p=49701"},"modified":"2018-07-29T11:49:41","modified_gmt":"2018-07-29T09:49:41","slug":"der-wilson-gospelchor-hat-die-termine-fuer-die-gospeltour-2018-veroeffentlicht","status":"publish","type":"post","link":"https:\/\/www.region-schwabach.de\/wordpress\/der-wilson-gospelchor-hat-die-termine-fuer-die-gospeltour-2018-veroeffentlicht\/","title":{"rendered":"Der Wilson Gospelchor hat die Termine f\u00fcr die Gospeltour 2018 ver\u00f6ffentlicht"},"content":{"rendered":"\t\t<div data-elementor-type=\"wp-post\" data-elementor-id=\"49701\" class=\"elementor elementor-49701 elementor-bc-flex-widget\">\n\t\t\t\t\t\t<section class=\"elementor-section elementor-top-section elementor-element elementor-element-678181b elementor-section-boxed elementor-section-height-default elementor-section-height-default\" data-id=\"678181b\" data-element_type=\"section\">\n\t\t\t\t\t\t<div class=\"elementor-container elementor-column-gap-default\">\n\t\t\t\t\t<div class=\"elementor-column elementor-col-66 elementor-top-column elementor-element elementor-element-6b34026\" data-id=\"6b34026\" data-element_type=\"column\">\n\t\t\t<div class=\"elementor-widget-wrap elementor-element-populated\">\n\t\t\t\t\t\t<div class=\"elementor-element elementor-element-443ab98 elementor-widget elementor-widget-text-editor\" data-id=\"443ab98\" data-element_type=\"widget\" data-widget_type=\"text-editor.default\">\n\t\t\t\t<div class=\"elementor-widget-container\">\n\t\t\t\t\t\t\t<h3 class=\"entry-title\">Der Wilson Gospelchor hat die Termine f\u00fcr die Gospeltour 2018 ver\u00f6ffentlicht<\/h3><p>Schwabach &#8211; Auch dieses Jahr ist der Wilson Gospelchor wieder auf gro\u00dfer Tour unterwegs, und tritt dabei auch in unserer Region auf.<\/p><h3>Hier die Termine:<\/h3><ul style=\"list-style-type: disc;\"><li>Sonntag,\u00a026.08.2018,\u00a016:00 Uhr,\u00a0Abenberg,\u00a0Evang. Kirche St. Johannis<\/li><li>Dienstag,\u00a028.08.2018,\u00a019:30 Uhr,\u00a0Heideck,Kath. Kirche St. Johannis<\/li><li>Donnerstag,\u00a030.08.2018, 19:30 Uhr,\u00a0Roth,\u00a0Evang. Stadtkirche\u00a0mit dem Rother Gospelchor \u201eSiyahamba\u201c<\/li><li>Freitag,\u00a031.08.2018,\u00a019:30 Uhr,\u00a0Spalt,\u00a0Kath. Kirche St. Emmeram<\/li><li>Sonntag,\u00a002.09.2018,\u00a016:00 Uhr,\u00a0Neuburg\/ Donau,\u00a0Evang. Apostelkirche<\/li><li>Dienstag,\u00a004.09.2018,\u00a019:30 Uhr,\u00a0B\u00fcchenbach,\u00a0Evang. Willibaldskirche<\/li><li>Donnerstag,\u00a006.09.2018,\u00a019:30 Uhr,\u00a0Markt Berolzheim,\u00a0Evang. Kirche St. Michael\u00a0mit den \u201eBerolzheimer Gospelvoices\u201c<\/li><li>Freitag,\u00a007.09.2018,\u00a019:30 Uhr,\u00a0Schwand,\u00a0Evang. Johanneskirche<\/li><li>Sonntag,\u00a009.09.2018,\u00a016:00 Uhr,\u00a0Betzenstein,\u00a0Evang. Stadtpfarrkirche\u00a0mit dem Chor \u201cColours of Trinity\u201c aus Warmensteinach<\/li><li>Dienstag,\u00a011.09.2018,\u00a019:30 Uhr,\u00a0Wolframs-Eschenbach,\u00a0Kath. Liebfrauenm\u00fcnster<\/li><li>Donnerstag,\u00a013.09.2018,\u00a019:30 Uhr,\u00a0N\u00fcrnberg-Gebersdorf,\u00a0Evang. Stephanuskirche<\/li><li>Freitag,\u00a014.09.2018,\u00a019:30 Uhr,\u00a0Hilpoltstein,\u00a0Evang. Christuskirche<\/li><li>Sonntag,\u00a016.09.2018,\u00a016:00 Uhr,\u00a0Wendelstein,\u00a0Evang. Georgskirche mit dem Gospelchor des\u00a0Heilp\u00e4dagogischen Kinderzentrums der Lebenshilfe e.V. Schwabach (Hans-Peter-Ruf-Schule)<\/li><\/ul><h3>Weiterf\u00fchrende Links:<\/h3><p><a href=\"http:\/\/www.wilson-gospelchor.de\/\" target=\"_blank\" rel=\"noopener\">Die Homepage vom Wilson Gospelchor ist hier zu finden &#8230;<\/a><\/p>\t\t\t\t\t\t<\/div>\n\t\t\t\t<\/div>\n\t\t\t\t<div class=\"elementor-element elementor-element-2e07568 elementor-widget-divider--view-line elementor-widget elementor-widget-divider\" data-id=\"2e07568\" data-element_type=\"widget\" data-widget_type=\"divider.default\">\n\t\t\t\t<div class=\"elementor-widget-container\">\n\t\t\t\t\t<div class=\"elementor-divider\">\n\t\t\t<span class=\"elementor-divider-separator\">\n\t\t\t\t\t\t<\/span>\n\t\t<\/div>\n\t\t\t\t<\/div>\n\t\t\t\t<\/div>\n\t\t\t\t<div class=\"elementor-element elementor-element-a6b86d7 elementor-widget elementor-widget-google_maps\" data-id=\"a6b86d7\" data-element_type=\"widget\" data-widget_type=\"google_maps.default\">\n\t\t\t\t<div class=\"elementor-widget-container\">\n\t\t\t\t\t<div class=\"elementor-custom-embed\">\n\t\t\t<iframe loading=\"lazy\"\n\t\t\t\t\tsrc=\"https:\/\/maps.google.com\/maps?q=Schwabach%2C%20Deutschland&#038;t=m&#038;z=10&#038;output=embed&#038;iwloc=near\"\n\t\t\t\t\ttitle=\"Schwabach, Deutschland\"\n\t\t\t\t\taria-label=\"Schwabach, Deutschland\"\n\t\t\t><\/iframe>\n\t\t<\/div>\n\t\t\t\t<\/div>\n\t\t\t\t<\/div>\n\t\t\t\t\t<\/div>\n\t\t<\/div>\n\t\t\t\t<div class=\"elementor-column elementor-col-33 elementor-top-column elementor-element elementor-element-f645137\" data-id=\"f645137\" data-element_type=\"column\">\n\t\t\t<div class=\"elementor-widget-wrap elementor-element-populated\">\n\t\t\t\t\t\t<div class=\"elementor-element elementor-element-25043c1 elementor-widget elementor-widget-image\" data-id=\"25043c1\" data-element_type=\"widget\" data-widget_type=\"image.default\">\n\t\t\t\t<div class=\"elementor-widget-container\">\n\t\t\t\t\t\t\t\t\t\t\t\t\t<img fetchpriority=\"high\" decoding=\"async\" width=\"300\" height=\"300\" src=\"https:\/\/www.region-schwabach.de\/wordpress\/wp-content\/uploads\/2018\/04\/werbung1-300x300.png\" class=\"attachment-medium size-medium wp-image-35382\" alt=\"\" srcset=\"https:\/\/www.region-schwabach.de\/wordpress\/wp-content\/uploads\/2018\/04\/werbung1-300x300.png 300w, https:\/\/www.region-schwabach.de\/wordpress\/wp-content\/uploads\/2018\/04\/werbung1-150x150.png 150w, https:\/\/www.region-schwabach.de\/wordpress\/wp-content\/uploads\/2018\/04\/werbung1-768x768.png 768w, https:\/\/www.region-schwabach.de\/wordpress\/wp-content\/uploads\/2018\/04\/werbung1-1024x1024.png 1024w, https:\/\/www.region-schwabach.de\/wordpress\/wp-content\/uploads\/2018\/04\/werbung1.png 1200w\" sizes=\"(max-width: 300px) 100vw, 300px\" \/>\t\t\t\t\t\t\t\t\t\t\t\t\t<\/div>\n\t\t\t\t<\/div>\n\t\t\t\t\t<\/div>\n\t\t<\/div>\n\t\t\t\t\t<\/div>\n\t\t<\/section>\n\t\t\t\t<section class=\"elementor-section elementor-top-section elementor-element elementor-element-b88be32 elementor-section-boxed elementor-section-height-default elementor-section-height-default\" data-id=\"b88be32\" data-element_type=\"section\">\n\t\t\t\t\t\t<div class=\"elementor-container elementor-column-gap-default\">\n\t\t\t\t\t<div class=\"elementor-column elementor-col-100 elementor-top-column elementor-element elementor-element-f2287df\" data-id=\"f2287df\" data-element_type=\"column\">\n\t\t\t<div class=\"elementor-widget-wrap elementor-element-populated\">\n\t\t\t\t\t\t<div class=\"elementor-element elementor-element-fa7a624 elementor-widget elementor-widget-image\" data-id=\"fa7a624\" data-element_type=\"widget\" data-widget_type=\"image.default\">\n\t\t\t\t<div class=\"elementor-widget-container\">\n\t\t\t\t\t\t\t\t\t\t\t\t\t<img decoding=\"async\" src=\"http:\/\/www.region-schwabach.de\/wordpress\/wp-content\/uploads\/2018\/07\/oh_happay_day2.pdf\" title=\"\" alt=\"\" loading=\"lazy\" \/>\t\t\t\t\t\t\t\t\t\t\t\t\t<\/div>\n\t\t\t\t<\/div>\n\t\t\t\t\t<\/div>\n\t\t<\/div>\n\t\t\t\t\t<\/div>\n\t\t<\/section>\n\t\t\t\t<\/div>\n\t\t","protected":false},"excerpt":{"rendered":"<div class=\"mh-excerpt\"><p>Der Wilson Gospelchor hat die Termine f\u00fcr die Gospeltour 2018 ver\u00f6ffentlicht Schwabach &#8211; Auch dieses Jahr ist der Wilson Gospelchor wieder auf gro\u00dfer Tour unterwegs, und tritt dabei auch in unserer Region auf. Hier die <a class=\"mh-excerpt-more\" href=\"https:\/\/www.region-schwabach.de\/wordpress\/der-wilson-gospelchor-hat-die-termine-fuer-die-gospeltour-2018-veroeffentlicht\/\" title=\"Der Wilson Gospelchor hat die Termine f\u00fcr die Gospeltour 2018 ver\u00f6ffentlicht\">[&#8230;]<\/a><\/p>\n<\/div>","protected":false},"author":1,"featured_media":49702,"comment_status":"open","ping_status":"open","sticky":false,"template":"","format":"standard","meta":{"_cbd_carousel_blocks":"[]","footnotes":""},"categories":[16,1,287,231,46],"tags":[578,492,5244,596,297,5247,32,19,1691,628,5246,31,5245],"class_list":{"0":"post-49701","1":"post","2":"type-post","3":"status-publish","4":"format-standard","5":"has-post-thumbnail","7":"category-aktuell","8":"category-allgemein","9":"category-jugend-und-familie","10":"category-veranstaltungsnews","11":"category-verbaende","12":"tag-abenberg","13":"tag-buechenbach","14":"tag-gospeltour-2018","15":"tag-heideck","16":"tag-hilpoltstein","17":"tag-oh-happy-day","18":"tag-roth","19":"tag-schwabach","20":"tag-schwand","21":"tag-spalt","22":"tag-termine","23":"tag-wendelstein","24":"tag-wilson-gospelchor"},"_links":{"self":[{"href":"https:\/\/www.region-schwabach.de\/wordpress\/wp-json\/wp\/v2\/posts\/49701","targetHints":{"allow":["GET"]}}],"collection":[{"href":"https:\/\/www.region-schwabach.de\/wordpress\/wp-json\/wp\/v2\/posts"}],"about":[{"href":"https:\/\/www.region-schwabach.de\/wordpress\/wp-json\/wp\/v2\/types\/post"}],"author":[{"embeddable":true,"href":"https:\/\/www.region-schwabach.de\/wordpress\/wp-json\/wp\/v2\/users\/1"}],"replies":[{"embeddable":true,"href":"https:\/\/www.region-schwabach.de\/wordpress\/wp-json\/wp\/v2\/comments?post=49701"}],"version-history":[{"count":0,"href":"https:\/\/www.region-schwabach.de\/wordpress\/wp-json\/wp\/v2\/posts\/49701\/revisions"}],"wp:featuredmedia":[{"embeddable":true,"href":"https:\/\/www.region-schwabach.de\/wordpress\/wp-json\/wp\/v2\/media\/49702"}],"wp:attachment":[{"href":"https:\/\/www.region-schwabach.de\/wordpress\/wp-json\/wp\/v2\/media?parent=49701"}],"wp:term":[{"taxonomy":"category","embeddable":true,"href":"https:\/\/www.region-schwabach.de\/wordpress\/wp-json\/wp\/v2\/categories?post=49701"},{"taxonomy":"post_tag","embeddable":true,"href":"https:\/\/www.region-schwabach.de\/wordpress\/wp-json\/wp\/v2\/tags?post=49701"}],"curies":[{"name":"wp","href":"https:\/\/api.w.org\/{rel}","templated":true}]}}