{"id":5019,"date":"2017-08-03T13:15:55","date_gmt":"2017-08-03T11:15:55","guid":{"rendered":"http:\/\/www.region-schwabach.de\/wordpress\/?p=5019"},"modified":"2018-07-30T09:47:45","modified_gmt":"2018-07-30T07:47:45","slug":"vollsperrung-rother-strasse-vom-5-auf-6-august","status":"publish","type":"post","link":"https:\/\/www.region-schwabach.de\/wordpress\/vollsperrung-rother-strasse-vom-5-auf-6-august\/","title":{"rendered":"Vollsperrung Rother Stra\u00dfe vom 5. auf 6. August"},"content":{"rendered":"\t\t<div data-elementor-type=\"wp-post\" data-elementor-id=\"5019\" class=\"elementor elementor-5019 elementor-bc-flex-widget\">\n\t\t\t\t\t\t<section class=\"elementor-section elementor-top-section elementor-element elementor-element-1dzeyuh elementor-section-boxed elementor-section-height-default elementor-section-height-default\" data-id=\"1dzeyuh\" data-element_type=\"section\">\n\t\t\t\t\t\t<div class=\"elementor-container elementor-column-gap-default\">\n\t\t\t\t\t<div class=\"elementor-column elementor-col-66 elementor-top-column elementor-element elementor-element-aam59ft\" data-id=\"aam59ft\" data-element_type=\"column\">\n\t\t\t<div class=\"elementor-widget-wrap elementor-element-populated\">\n\t\t\t\t\t\t<div class=\"elementor-element elementor-element-k9p1oyc elementor-widget elementor-widget-text-editor\" data-id=\"k9p1oyc\" data-element_type=\"widget\" data-widget_type=\"text-editor.default\">\n\t\t\t\t<div class=\"elementor-widget-container\">\n\t\t\t\t\t\t\t<h3>Sperrung wegen Br\u00fcckenarbeiten<\/h3><p>Wegen des 6-streifigen Ausbaus &#8211; und den damit verbundenen Br\u00fcckenbauarbeiten &#8211; kommt es von Samstag auf Sonntag zur Sperrung der Rother Stra\u00dfe (B2).<\/p><h3>Sperrung von Samstag 21.00 Uhr bis Sonntag 10.00 Uhr<\/h3><p>Die Vollsperrung im Stadtgebiet Schwabach erfolgt \u00a0von Samstag, den 5. August, ab 21.00 Uhr bis Sonntag, den 6. August, ca. \u00a010.00 Uhr. Betroffen ist die Rother Stra\u00dfe (B2) zwischen den Anschlussstellen Schwabach-West und Roth unterhalb der A6.<\/p><h3>Umleitung wird eingerichtet<\/h3><p>F\u00fcr die Dauer der Sperrung wird eine Umleitung eingerichtet. Deies erfolgt in beiden Fahrtrichtungen \u00fcber die Berliner Stra\u00dfe, Penzendorfer Hauptstra\u00dfe, Penzendorfer Stra\u00dfe und Wei\u00dfenburger Stra\u00dfe.<\/p><h3>Sperrung betrifft auch den Geh- und Radweg<\/h3><p>Im Zuge der Sperrung der Rother Stra\u00dfe wird auch der Geh- und Radweg in diesem Bereich gesperrt.\u00a0<\/p>\t\t\t\t\t\t<\/div>\n\t\t\t\t<\/div>\n\t\t\t\t<div class=\"elementor-element elementor-element-rf47wqh elementor-widget elementor-widget-google_maps\" data-id=\"rf47wqh\" data-element_type=\"widget\" data-widget_type=\"google_maps.default\">\n\t\t\t\t<div class=\"elementor-widget-container\">\n\t\t\t\t\t<div class=\"elementor-custom-embed\">\n\t\t\t<iframe loading=\"lazy\"\n\t\t\t\t\tsrc=\"https:\/\/maps.google.com\/maps?q=Rother%20Stra%C3%9Fe%2C%20Schwabach%2C%20Deutschland&#038;t=m&#038;z=15&#038;output=embed&#038;iwloc=near\"\n\t\t\t\t\ttitle=\"Rother Stra\u00dfe, Schwabach, Deutschland\"\n\t\t\t\t\taria-label=\"Rother Stra\u00dfe, Schwabach, Deutschland\"\n\t\t\t><\/iframe>\n\t\t<\/div>\n\t\t\t\t<\/div>\n\t\t\t\t<\/div>\n\t\t\t\t\t<\/div>\n\t\t<\/div>\n\t\t\t\t<div class=\"elementor-column elementor-col-33 elementor-top-column elementor-element elementor-element-uferl75\" data-id=\"uferl75\" data-element_type=\"column\">\n\t\t\t<div class=\"elementor-widget-wrap elementor-element-populated\">\n\t\t\t\t\t\t<div class=\"elementor-element elementor-element-xuttsc2 elementor-widget elementor-widget-image\" data-id=\"xuttsc2\" data-element_type=\"widget\" data-widget_type=\"image.default\">\n\t\t\t\t<div class=\"elementor-widget-container\">\n\t\t\t\t\t\t\t\t\t\t\t\t\t<img fetchpriority=\"high\" decoding=\"async\" width=\"300\" height=\"300\" src=\"https:\/\/www.region-schwabach.de\/wordpress\/wp-content\/uploads\/2017\/06\/werbung8-300x300.png\" class=\"attachment-medium size-medium wp-image-2484\" alt=\"\" srcset=\"https:\/\/www.region-schwabach.de\/wordpress\/wp-content\/uploads\/2017\/06\/werbung8-300x300.png 300w, https:\/\/www.region-schwabach.de\/wordpress\/wp-content\/uploads\/2017\/06\/werbung8-150x150.png 150w, https:\/\/www.region-schwabach.de\/wordpress\/wp-content\/uploads\/2017\/06\/werbung8-768x768.png 768w, https:\/\/www.region-schwabach.de\/wordpress\/wp-content\/uploads\/2017\/06\/werbung8-1024x1024.png 1024w, https:\/\/www.region-schwabach.de\/wordpress\/wp-content\/uploads\/2017\/06\/werbung8-600x600.png 600w, https:\/\/www.region-schwabach.de\/wordpress\/wp-content\/uploads\/2017\/06\/werbung8.png 1200w\" sizes=\"(max-width: 300px) 100vw, 300px\" \/>\t\t\t\t\t\t\t\t\t\t\t\t\t<\/div>\n\t\t\t\t<\/div>\n\t\t\t\t\t<\/div>\n\t\t<\/div>\n\t\t\t\t\t<\/div>\n\t\t<\/section>\n\t\t\t\t<\/div>\n\t\t","protected":false},"excerpt":{"rendered":"<div class=\"mh-excerpt\"><p>Sperrung wegen Br\u00fcckenarbeiten Wegen des 6-streifigen Ausbaus &#8211; und den damit verbundenen Br\u00fcckenbauarbeiten &#8211; kommt es von Samstag auf Sonntag zur Sperrung der Rother Stra\u00dfe (B2). Sperrung von Samstag 21.00 Uhr bis Sonntag 10.00 Uhr <a class=\"mh-excerpt-more\" href=\"https:\/\/www.region-schwabach.de\/wordpress\/vollsperrung-rother-strasse-vom-5-auf-6-august\/\" title=\"Vollsperrung Rother Stra\u00dfe vom 5. auf 6. August\">[&#8230;]<\/a><\/p>\n<\/div>","protected":false},"author":1,"featured_media":14958,"comment_status":"open","ping_status":"open","sticky":false,"template":"template-full.php","format":"standard","meta":{"_cbd_carousel_blocks":"[]","footnotes":""},"categories":[16,14],"tags":[233,32,170,71,232],"class_list":{"0":"post-5019","1":"post","2":"type-post","3":"status-publish","4":"format-standard","5":"has-post-thumbnail","7":"category-aktuell","8":"category-verkehrsinfos","9":"tag-anschlussstelle-schwabach-west","10":"tag-roth","11":"tag-rother-strasse","12":"tag-strassensperre","13":"tag-vollsperrung"},"_links":{"self":[{"href":"https:\/\/www.region-schwabach.de\/wordpress\/wp-json\/wp\/v2\/posts\/5019","targetHints":{"allow":["GET"]}}],"collection":[{"href":"https:\/\/www.region-schwabach.de\/wordpress\/wp-json\/wp\/v2\/posts"}],"about":[{"href":"https:\/\/www.region-schwabach.de\/wordpress\/wp-json\/wp\/v2\/types\/post"}],"author":[{"embeddable":true,"href":"https:\/\/www.region-schwabach.de\/wordpress\/wp-json\/wp\/v2\/users\/1"}],"replies":[{"embeddable":true,"href":"https:\/\/www.region-schwabach.de\/wordpress\/wp-json\/wp\/v2\/comments?post=5019"}],"version-history":[{"count":0,"href":"https:\/\/www.region-schwabach.de\/wordpress\/wp-json\/wp\/v2\/posts\/5019\/revisions"}],"wp:featuredmedia":[{"embeddable":true,"href":"https:\/\/www.region-schwabach.de\/wordpress\/wp-json\/wp\/v2\/media\/14958"}],"wp:attachment":[{"href":"https:\/\/www.region-schwabach.de\/wordpress\/wp-json\/wp\/v2\/media?parent=5019"}],"wp:term":[{"taxonomy":"category","embeddable":true,"href":"https:\/\/www.region-schwabach.de\/wordpress\/wp-json\/wp\/v2\/categories?post=5019"},{"taxonomy":"post_tag","embeddable":true,"href":"https:\/\/www.region-schwabach.de\/wordpress\/wp-json\/wp\/v2\/tags?post=5019"}],"curies":[{"name":"wp","href":"https:\/\/api.w.org\/{rel}","templated":true}]}}