{"id":50408,"date":"2018-08-04T00:08:57","date_gmt":"2018-08-03T22:08:57","guid":{"rendered":"http:\/\/www.region-schwabach.de\/wordpress\/?p=50408"},"modified":"2018-08-04T01:00:28","modified_gmt":"2018-08-03T23:00:28","slug":"goldschlaeger-nacht-am-4-august-2018","status":"publish","type":"post","link":"https:\/\/www.region-schwabach.de\/wordpress\/goldschlaeger-nacht-am-4-august-2018\/","title":{"rendered":"&#8222;goldschl\u00e4ger nacht&#8220; am 4. August 2018"},"content":{"rendered":"\t\t<div data-elementor-type=\"wp-post\" data-elementor-id=\"50408\" class=\"elementor elementor-50408 elementor-bc-flex-widget\">\n\t\t\t\t\t\t<section class=\"elementor-section elementor-top-section elementor-element elementor-element-678181b elementor-section-boxed elementor-section-height-default elementor-section-height-default\" data-id=\"678181b\" data-element_type=\"section\">\n\t\t\t\t\t\t<div class=\"elementor-container elementor-column-gap-default\">\n\t\t\t\t\t<div class=\"elementor-column elementor-col-66 elementor-top-column elementor-element elementor-element-6b34026\" data-id=\"6b34026\" data-element_type=\"column\">\n\t\t\t<div class=\"elementor-widget-wrap elementor-element-populated\">\n\t\t\t\t\t\t<div class=\"elementor-element elementor-element-443ab98 elementor-widget elementor-widget-text-editor\" data-id=\"443ab98\" data-element_type=\"widget\" data-widget_type=\"text-editor.default\">\n\t\t\t\t<div class=\"elementor-widget-container\">\n\t\t\t\t\t\t\t<h3>&#8222;goldschl\u00e4ger nacht&#8220; in der Schwabacher Altstadt<\/h3><p>Schwabach &#8211;\u00a0F\u00fcr die &#8222;goldschl\u00e4ger nacht&#8220; am Samstag, den 4. August 2018, h\u00fcllen sich Schwabachs Altstadt und das Stadtmuseum ab 18.00 Uhr wieder im Glanz des Edelmetalls. Viele Gassen und Pl\u00e4tze in der Innenstadt werden dann wie jedes Mal zu B\u00fchnen f\u00fcr Bildende Kunst, Musik, und f\u00fcr Handwerksk\u00fcnste rund ums Gold.<\/p><h3>An 27 Stationen\u00a0ist sicher f\u00fcr jeden etwas dabei<\/h3><p>Alle B\u00fcrger und B\u00fcrgerinnen sind eingeladen, mit offenen Sinnen einen Parcours durch die Schwabacher Innenstadt zu absolvieren. An 27 Stationen\u00a0ist sicher f\u00fcr jeden etwas dabei \u2013 von\u00a0 Bands verschiedener Musikrichtungen, \u00fcber Kunstausstellungen, bis hin zu Feuer- und Jonglageshows,\u00a0 Stelzenperformances\u00a0und Sandd\u00fcnen f\u00fcr Goldsucher.<\/p><h3>Kunst, Kultur, Kulinarisches, Handwerk<\/h3><p>Neben dem Schwabacher Stadtmuseum und den Kultur- und Bildungseinrichtungen, laden auch zahlreiche Gesch\u00e4fte, Institutionen, Privatleute und auch viele gastronomische Betriebe alle G\u00e4ste aus Nah und Fern ein, das abwechslungs- und umfangreiche Programm, auf dem neben Kunst, Kultur und Kulinarischem auch das Handwerk rund um das Edelmetall Gold stehen, zu genie\u00dfen. .<\/p><h3>Mitternachtsspektakel zum Abschluss<\/h3><p>Zum kr\u00f6nenden Abschluss der \u201egoldschl\u00e4ger nacht\u201c findet dann das Mitternachtsspektakel auf dem K\u00f6nigsplatz statt, zu dem wieder das spektakul\u00e4re Windballett eingeladen wurde. Hier werden zu sp\u00e4ter Stunde drei Luftschl\u00e4uche von Windmaschinen 60 Meter hoch in den Nachthimmel aufsteigen, und einen zauberhaften Abschluss f\u00fcr diese tolle Veranstaltung bilden.<\/p><h3>Weiterf\u00fchrende Links:<\/h3><p><a href=\"http:\/\/www.schwabach.de\/images\/referate\/Kulturamt\/Kulturamt\/Festivals\/goldschlaeger_nacht\/Downloads\/gn-2018-web.pdf\" target=\"_blank\" rel=\"noopener\">Den Folder mit dem vollst\u00e4ndigen Programm zum Download finden Sie hier &#8230;<\/a><\/p>\t\t\t\t\t\t<\/div>\n\t\t\t\t<\/div>\n\t\t\t\t<div class=\"elementor-element elementor-element-0c834d7 elementor-widget-divider--view-line elementor-widget elementor-widget-divider\" data-id=\"0c834d7\" data-element_type=\"widget\" data-widget_type=\"divider.default\">\n\t\t\t\t<div class=\"elementor-widget-container\">\n\t\t\t\t\t<div class=\"elementor-divider\">\n\t\t\t<span class=\"elementor-divider-separator\">\n\t\t\t\t\t\t<\/span>\n\t\t<\/div>\n\t\t\t\t<\/div>\n\t\t\t\t<\/div>\n\t\t\t\t<div class=\"elementor-element elementor-element-325f51f elementor-widget elementor-widget-google_maps\" data-id=\"325f51f\" data-element_type=\"widget\" data-widget_type=\"google_maps.default\">\n\t\t\t\t<div class=\"elementor-widget-container\">\n\t\t\t\t\t<div class=\"elementor-custom-embed\">\n\t\t\t<iframe loading=\"lazy\"\n\t\t\t\t\tsrc=\"https:\/\/maps.google.com\/maps?q=K%C3%B6nigsplatz%2029a%2C%20Schwabach%2C%20Deutschland&#038;t=m&#038;z=18&#038;output=embed&#038;iwloc=near\"\n\t\t\t\t\ttitle=\"K\u00f6nigsplatz 29a, Schwabach, Deutschland\"\n\t\t\t\t\taria-label=\"K\u00f6nigsplatz 29a, Schwabach, Deutschland\"\n\t\t\t><\/iframe>\n\t\t<\/div>\n\t\t\t\t<\/div>\n\t\t\t\t<\/div>\n\t\t\t\t\t<\/div>\n\t\t<\/div>\n\t\t\t\t<div class=\"elementor-column elementor-col-33 elementor-top-column elementor-element elementor-element-f645137\" data-id=\"f645137\" data-element_type=\"column\">\n\t\t\t<div class=\"elementor-widget-wrap elementor-element-populated\">\n\t\t\t\t\t\t<div class=\"elementor-element elementor-element-25043c1 elementor-widget elementor-widget-image\" data-id=\"25043c1\" data-element_type=\"widget\" data-widget_type=\"image.default\">\n\t\t\t\t<div class=\"elementor-widget-container\">\n\t\t\t\t\t\t\t\t\t\t\t\t\t<img fetchpriority=\"high\" decoding=\"async\" width=\"300\" height=\"300\" src=\"https:\/\/www.region-schwabach.de\/wordpress\/wp-content\/uploads\/2018\/04\/werbung1-300x300.png\" class=\"attachment-medium size-medium wp-image-35382\" alt=\"\" srcset=\"https:\/\/www.region-schwabach.de\/wordpress\/wp-content\/uploads\/2018\/04\/werbung1-300x300.png 300w, https:\/\/www.region-schwabach.de\/wordpress\/wp-content\/uploads\/2018\/04\/werbung1-150x150.png 150w, https:\/\/www.region-schwabach.de\/wordpress\/wp-content\/uploads\/2018\/04\/werbung1-768x768.png 768w, https:\/\/www.region-schwabach.de\/wordpress\/wp-content\/uploads\/2018\/04\/werbung1-1024x1024.png 1024w, https:\/\/www.region-schwabach.de\/wordpress\/wp-content\/uploads\/2018\/04\/werbung1.png 1200w\" sizes=\"(max-width: 300px) 100vw, 300px\" \/>\t\t\t\t\t\t\t\t\t\t\t\t\t<\/div>\n\t\t\t\t<\/div>\n\t\t\t\t\t<\/div>\n\t\t<\/div>\n\t\t\t\t\t<\/div>\n\t\t<\/section>\n\t\t\t\t<section class=\"elementor-section elementor-top-section elementor-element elementor-element-ee5bc20 elementor-section-boxed elementor-section-height-default elementor-section-height-default\" data-id=\"ee5bc20\" data-element_type=\"section\">\n\t\t\t\t\t\t<div class=\"elementor-container elementor-column-gap-default\">\n\t\t\t\t\t<div class=\"elementor-column elementor-col-100 elementor-top-column elementor-element elementor-element-dfe7329\" data-id=\"dfe7329\" data-element_type=\"column\">\n\t\t\t<div class=\"elementor-widget-wrap elementor-element-populated\">\n\t\t\t\t\t\t<div class=\"elementor-element elementor-element-41e8a69 elementor-widget elementor-widget-heading\" data-id=\"41e8a69\" data-element_type=\"widget\" data-widget_type=\"heading.default\">\n\t\t\t\t<div class=\"elementor-widget-container\">\n\t\t\t<h2 class=\"elementor-heading-title elementor-size-default\">Programmfolder f\u00fcr goldschl\u00e4ger nacht 2018<\/h2>\t\t<\/div>\n\t\t\t\t<\/div>\n\t\t\t\t<div class=\"elementor-element elementor-element-ee56bf1 elementor-widget elementor-widget-image\" data-id=\"ee56bf1\" data-element_type=\"widget\" data-widget_type=\"image.default\">\n\t\t\t\t<div class=\"elementor-widget-container\">\n\t\t\t\t\t\t\t\t\t\t<figure class=\"wp-caption\">\n\t\t\t\t\t\t\t\t\t\t\t<a href=\"http:\/\/www.schwabach.de\/images\/referate\/Kulturamt\/Kulturamt\/Festivals\/goldschlaeger_nacht\/Downloads\/gn-2018-web.pdf\" target=\"_blank\">\n\t\t\t\t\t\t\t<img decoding=\"async\" width=\"493\" height=\"697\" src=\"https:\/\/www.region-schwabach.de\/wordpress\/wp-content\/uploads\/2018\/07\/folder_gn_2018.jpg\" class=\"attachment-full size-full wp-image-50415\" alt=\"\" srcset=\"https:\/\/www.region-schwabach.de\/wordpress\/wp-content\/uploads\/2018\/07\/folder_gn_2018.jpg 493w, https:\/\/www.region-schwabach.de\/wordpress\/wp-content\/uploads\/2018\/07\/folder_gn_2018-212x300.jpg 212w\" sizes=\"(max-width: 493px) 100vw, 493px\" \/>\t\t\t\t\t\t\t\t<\/a>\n\t\t\t\t\t\t\t\t\t\t\t<figcaption class=\"widget-image-caption wp-caption-text\">Zur Ansicht einfach anklicken<\/figcaption>\n\t\t\t\t\t\t\t\t\t\t<\/figure>\n\t\t\t\t\t\t\t<\/div>\n\t\t\t\t<\/div>\n\t\t\t\t\t<\/div>\n\t\t<\/div>\n\t\t\t\t\t<\/div>\n\t\t<\/section>\n\t\t\t\t<\/div>\n\t\t","protected":false},"excerpt":{"rendered":"<div class=\"mh-excerpt\"><p>&#8222;goldschl\u00e4ger nacht&#8220; in der Schwabacher Altstadt Schwabach &#8211;\u00a0F\u00fcr die &#8222;goldschl\u00e4ger nacht&#8220; am Samstag, den 4. August 2018, h\u00fcllen sich Schwabachs Altstadt und das Stadtmuseum ab 18.00 Uhr wieder im Glanz des Edelmetalls. Viele Gassen und <a class=\"mh-excerpt-more\" href=\"https:\/\/www.region-schwabach.de\/wordpress\/goldschlaeger-nacht-am-4-august-2018\/\" title=\"&#8222;goldschl\u00e4ger nacht&#8220; am 4. August 2018\">[&#8230;]<\/a><\/p>\n<\/div>","protected":false},"author":1,"featured_media":50409,"comment_status":"open","ping_status":"open","sticky":false,"template":"","format":"standard","meta":{"_cbd_carousel_blocks":"[]","footnotes":""},"categories":[16,1,287,61,231],"tags":[4772,1581,5304,5222,5305,388,522,4051,1480,19,3739],"class_list":{"0":"post-50408","1":"post","2":"type-post","3":"status-publish","4":"format-standard","5":"has-post-thumbnail","7":"category-aktuell","8":"category-allgemein","9":"category-jugend-und-familie","10":"category-rathaus","11":"category-veranstaltungsnews","12":"tag-04-08-2018","13":"tag-altstadt","14":"tag-bildende-kunst","15":"tag-goldschlaeger-nacht","16":"tag-handwerkskuenste","17":"tag-innenstadt","18":"tag-koenigsplatz","19":"tag-musik","20":"tag-rathaus","21":"tag-schwabach","22":"tag-stadtmuseum"},"_links":{"self":[{"href":"https:\/\/www.region-schwabach.de\/wordpress\/wp-json\/wp\/v2\/posts\/50408","targetHints":{"allow":["GET"]}}],"collection":[{"href":"https:\/\/www.region-schwabach.de\/wordpress\/wp-json\/wp\/v2\/posts"}],"about":[{"href":"https:\/\/www.region-schwabach.de\/wordpress\/wp-json\/wp\/v2\/types\/post"}],"author":[{"embeddable":true,"href":"https:\/\/www.region-schwabach.de\/wordpress\/wp-json\/wp\/v2\/users\/1"}],"replies":[{"embeddable":true,"href":"https:\/\/www.region-schwabach.de\/wordpress\/wp-json\/wp\/v2\/comments?post=50408"}],"version-history":[{"count":0,"href":"https:\/\/www.region-schwabach.de\/wordpress\/wp-json\/wp\/v2\/posts\/50408\/revisions"}],"wp:featuredmedia":[{"embeddable":true,"href":"https:\/\/www.region-schwabach.de\/wordpress\/wp-json\/wp\/v2\/media\/50409"}],"wp:attachment":[{"href":"https:\/\/www.region-schwabach.de\/wordpress\/wp-json\/wp\/v2\/media?parent=50408"}],"wp:term":[{"taxonomy":"category","embeddable":true,"href":"https:\/\/www.region-schwabach.de\/wordpress\/wp-json\/wp\/v2\/categories?post=50408"},{"taxonomy":"post_tag","embeddable":true,"href":"https:\/\/www.region-schwabach.de\/wordpress\/wp-json\/wp\/v2\/tags?post=50408"}],"curies":[{"name":"wp","href":"https:\/\/api.w.org\/{rel}","templated":true}]}}