{"id":50505,"date":"2018-07-24T10:49:09","date_gmt":"2018-07-24T08:49:09","guid":{"rendered":"http:\/\/www.region-schwabach.de\/wordpress\/?p=50505"},"modified":"2018-08-03T10:54:55","modified_gmt":"2018-08-03T08:54:55","slug":"sommerferien-auf-dem-aktivspielplatz","status":"publish","type":"post","link":"https:\/\/www.region-schwabach.de\/wordpress\/sommerferien-auf-dem-aktivspielplatz\/","title":{"rendered":"Sommerferien auf dem Aktivspielplatz"},"content":{"rendered":"\t\t<div data-elementor-type=\"wp-post\" data-elementor-id=\"50505\" class=\"elementor elementor-50505 elementor-bc-flex-widget\">\n\t\t\t\t\t\t<section class=\"elementor-section elementor-top-section elementor-element elementor-element-678181b elementor-section-boxed elementor-section-height-default elementor-section-height-default\" data-id=\"678181b\" data-element_type=\"section\">\n\t\t\t\t\t\t<div class=\"elementor-container elementor-column-gap-default\">\n\t\t\t\t\t<div class=\"elementor-column elementor-col-66 elementor-top-column elementor-element elementor-element-6b34026\" data-id=\"6b34026\" data-element_type=\"column\">\n\t\t\t<div class=\"elementor-widget-wrap elementor-element-populated\">\n\t\t\t\t\t\t<div class=\"elementor-element elementor-element-443ab98 elementor-widget elementor-widget-text-editor\" data-id=\"443ab98\" data-element_type=\"widget\" data-widget_type=\"text-editor.default\">\n\t\t\t\t<div class=\"elementor-widget-container\">\n\t\t\t\t\t\t\t<h3>Sommerferien auf dem Aktivspielplatz<\/h3><p>Endlich ist die Sonne wieder da und der Platz zeigt sich von seiner sch\u00f6nsten Seite. Der Spa\u00df kommt nat\u00fcrlich auch in diesen Ferien nicht zu kurz.<\/p><p>Drei Wochen voller Spa\u00df, Spannung und Kreativit\u00e4t sind geplant. In den Wochen von Montag, 30. Juli, bis Freitag, 3. August, und Montag, 6. August, bis Freitag, 10. August, findet jeweils von 9 bis 14 Uhr die Rauszeit f\u00fcr Kinder von sechs bis 13 Jahren statt, die in diesem Jahr Jahr bereits komplett ausgebucht.<\/p><p>Jedoch ist auch f\u00fcr alle anderen Kinder einiges geboten, denn im Anschluss an die Rauszeit findet wie gewohnt die Offene T\u00fcr von 14 bis 18 Uhr statt. Diese ist f\u00fcr alle Kinder von sechs bis 13 Jahren ohne Anmeldung. Hier hei\u00dft es wieder ran an die Hammer und S\u00e4gen um an der eigenen H\u00fctte zu werkeln. Auch wird der Pizzaofen wieder zum Treffpunkt f\u00fcr neue Pl\u00e4ne oder Unterhaltungen. Es wird gebastelt, Fu\u00dfball gespielt und auch der Musikwagen steht mit Schlagzeug und E-Gitarre f\u00fcr euch bereit. An sonnigen Tagen wird der Wasserspielplatz bef\u00fcllt und l\u00e4dt zum Staudamm bauen und matschen ein.<\/p><p>Um sich von der ganzen Sommer-Aktion wieder zu erholen ist der Aki dann von Montag, 13. August, bis einschlie\u00dflich Freitag, 31. August, geschlossen. Drei Wochen Urlaub sind f\u00fcr den Platz dann aber auch genug und er \u00f6ffnet wieder am Montag, 3. September, bis Freitag, 7. September, seine Tore um die letzte Ferienwoche noch einmal so richtig zu genie\u00dfen. Auch hier startet der Vormittag von 9 bis 14 Uhr mit der Rauszeit. Im Anschluss an die Rauszeit ist der Aki dann wieder von 14 bis 18 Uhr f\u00fcr alle Kinder zwischen sechs und 13 Jahren ohne Anmeldung ge\u00f6ffnet. Nach den Sommerferien hat der Aktivspielplatz dann wieder wie gewohnt jeden Dienstag bis Freitag von 14 bis 18 Uhr ge\u00f6ffnet. Schnappt euch festes Schuhwerk und los. Der Aki freut sich auf unvergessliche Ferien.<\/p><h3>Weiterf\u00fchrende Links:<\/h3><p><a dir=\"ltr\" title=\"Hier finden Sie das PICK Fr\u00fchjahrsprogramm 2018 als PDF- Datei\" href=\"https:\/\/www.schwabach.de\/de\/zuhause-in-schwabach\/jung-in-schwabach\/aktivspielplatz.html\" target=\"_blank\" rel=\"noopener\">Homepage vom Aktivspielplatz Goldnagel &#8230;<\/a><\/p>\t\t\t\t\t\t<\/div>\n\t\t\t\t<\/div>\n\t\t\t\t<div class=\"elementor-element elementor-element-f496332 elementor-widget-divider--view-line elementor-widget elementor-widget-divider\" data-id=\"f496332\" data-element_type=\"widget\" data-widget_type=\"divider.default\">\n\t\t\t\t<div class=\"elementor-widget-container\">\n\t\t\t\t\t<div class=\"elementor-divider\">\n\t\t\t<span class=\"elementor-divider-separator\">\n\t\t\t\t\t\t<\/span>\n\t\t<\/div>\n\t\t\t\t<\/div>\n\t\t\t\t<\/div>\n\t\t\t\t<div class=\"elementor-element elementor-element-8a35f7d elementor-widget elementor-widget-google_maps\" data-id=\"8a35f7d\" data-element_type=\"widget\" data-widget_type=\"google_maps.default\">\n\t\t\t\t<div class=\"elementor-widget-container\">\n\t\t\t\t\t<div class=\"elementor-custom-embed\">\n\t\t\t<iframe loading=\"lazy\"\n\t\t\t\t\tsrc=\"https:\/\/maps.google.com\/maps?q=Wasserstra%C3%9Fe%201c%2C%20Schwabach%2C%20Deutschland&#038;t=m&#038;z=17&#038;output=embed&#038;iwloc=near\"\n\t\t\t\t\ttitle=\"Wasserstra\u00dfe 1c, Schwabach, Deutschland\"\n\t\t\t\t\taria-label=\"Wasserstra\u00dfe 1c, Schwabach, Deutschland\"\n\t\t\t><\/iframe>\n\t\t<\/div>\n\t\t\t\t<\/div>\n\t\t\t\t<\/div>\n\t\t\t\t\t<\/div>\n\t\t<\/div>\n\t\t\t\t<div class=\"elementor-column elementor-col-33 elementor-top-column elementor-element elementor-element-f645137\" data-id=\"f645137\" data-element_type=\"column\">\n\t\t\t<div class=\"elementor-widget-wrap elementor-element-populated\">\n\t\t\t\t\t\t<div class=\"elementor-element elementor-element-25043c1 elementor-widget elementor-widget-image\" data-id=\"25043c1\" data-element_type=\"widget\" data-widget_type=\"image.default\">\n\t\t\t\t<div class=\"elementor-widget-container\">\n\t\t\t\t\t\t\t\t\t\t\t\t\t<img fetchpriority=\"high\" decoding=\"async\" width=\"300\" height=\"300\" src=\"https:\/\/www.region-schwabach.de\/wordpress\/wp-content\/uploads\/2018\/04\/werbung1-300x300.png\" class=\"attachment-medium size-medium wp-image-35382\" alt=\"\" srcset=\"https:\/\/www.region-schwabach.de\/wordpress\/wp-content\/uploads\/2018\/04\/werbung1-300x300.png 300w, https:\/\/www.region-schwabach.de\/wordpress\/wp-content\/uploads\/2018\/04\/werbung1-150x150.png 150w, https:\/\/www.region-schwabach.de\/wordpress\/wp-content\/uploads\/2018\/04\/werbung1-768x768.png 768w, https:\/\/www.region-schwabach.de\/wordpress\/wp-content\/uploads\/2018\/04\/werbung1-1024x1024.png 1024w, https:\/\/www.region-schwabach.de\/wordpress\/wp-content\/uploads\/2018\/04\/werbung1.png 1200w\" sizes=\"(max-width: 300px) 100vw, 300px\" \/>\t\t\t\t\t\t\t\t\t\t\t\t\t<\/div>\n\t\t\t\t<\/div>\n\t\t\t\t\t<\/div>\n\t\t<\/div>\n\t\t\t\t\t<\/div>\n\t\t<\/section>\n\t\t\t\t<\/div>\n\t\t","protected":false},"excerpt":{"rendered":"<div class=\"mh-excerpt\"><p>Sommerferien auf dem Aktivspielplatz Endlich ist die Sonne wieder da und der Platz zeigt sich von seiner sch\u00f6nsten Seite. Der Spa\u00df kommt nat\u00fcrlich auch in diesen Ferien nicht zu kurz. Drei Wochen voller Spa\u00df, Spannung <a class=\"mh-excerpt-more\" href=\"https:\/\/www.region-schwabach.de\/wordpress\/sommerferien-auf-dem-aktivspielplatz\/\" title=\"Sommerferien auf dem Aktivspielplatz\">[&#8230;]<\/a><\/p>\n<\/div>","protected":false},"author":1,"featured_media":50506,"comment_status":"open","ping_status":"open","sticky":false,"template":"","format":"standard","meta":{"_cbd_carousel_blocks":"[]","footnotes":""},"categories":[16,1,61,231,46],"tags":[4230,4231,5328,1480,19,5160,5327,5326],"class_list":{"0":"post-50505","1":"post","2":"type-post","3":"status-publish","4":"format-standard","5":"has-post-thumbnail","7":"category-aktuell","8":"category-allgemein","9":"category-rathaus","10":"category-veranstaltungsnews","11":"category-verbaende","12":"tag-aktivspielplatz","13":"tag-goldnagel","14":"tag-kreativitaet","15":"tag-rathaus","16":"tag-schwabach","17":"tag-sommerferien","18":"tag-spannung","19":"tag-spass"},"_links":{"self":[{"href":"https:\/\/www.region-schwabach.de\/wordpress\/wp-json\/wp\/v2\/posts\/50505","targetHints":{"allow":["GET"]}}],"collection":[{"href":"https:\/\/www.region-schwabach.de\/wordpress\/wp-json\/wp\/v2\/posts"}],"about":[{"href":"https:\/\/www.region-schwabach.de\/wordpress\/wp-json\/wp\/v2\/types\/post"}],"author":[{"embeddable":true,"href":"https:\/\/www.region-schwabach.de\/wordpress\/wp-json\/wp\/v2\/users\/1"}],"replies":[{"embeddable":true,"href":"https:\/\/www.region-schwabach.de\/wordpress\/wp-json\/wp\/v2\/comments?post=50505"}],"version-history":[{"count":0,"href":"https:\/\/www.region-schwabach.de\/wordpress\/wp-json\/wp\/v2\/posts\/50505\/revisions"}],"wp:featuredmedia":[{"embeddable":true,"href":"https:\/\/www.region-schwabach.de\/wordpress\/wp-json\/wp\/v2\/media\/50506"}],"wp:attachment":[{"href":"https:\/\/www.region-schwabach.de\/wordpress\/wp-json\/wp\/v2\/media?parent=50505"}],"wp:term":[{"taxonomy":"category","embeddable":true,"href":"https:\/\/www.region-schwabach.de\/wordpress\/wp-json\/wp\/v2\/categories?post=50505"},{"taxonomy":"post_tag","embeddable":true,"href":"https:\/\/www.region-schwabach.de\/wordpress\/wp-json\/wp\/v2\/tags?post=50505"}],"curies":[{"name":"wp","href":"https:\/\/api.w.org\/{rel}","templated":true}]}}