{"id":50511,"date":"2018-08-21T00:01:55","date_gmt":"2018-08-20T22:01:55","guid":{"rendered":"http:\/\/www.region-schwabach.de\/wordpress\/?p=50511"},"modified":"2018-08-21T00:02:47","modified_gmt":"2018-08-20T22:02:47","slug":"sommernachtfilmfestival-vom-18-bis-21-august-2018","status":"publish","type":"post","link":"https:\/\/www.region-schwabach.de\/wordpress\/sommernachtfilmfestival-vom-18-bis-21-august-2018\/","title":{"rendered":"Sommernachtfilmfestival vom 18. bis 21. August 2018"},"content":{"rendered":"\t\t<div data-elementor-type=\"wp-post\" data-elementor-id=\"50511\" class=\"elementor elementor-50511 elementor-bc-flex-widget\">\n\t\t\t\t\t\t<section class=\"elementor-section elementor-top-section elementor-element elementor-element-678181b elementor-section-boxed elementor-section-height-default elementor-section-height-default\" data-id=\"678181b\" data-element_type=\"section\">\n\t\t\t\t\t\t<div class=\"elementor-container elementor-column-gap-default\">\n\t\t\t\t\t<div class=\"elementor-column elementor-col-66 elementor-top-column elementor-element elementor-element-6b34026\" data-id=\"6b34026\" data-element_type=\"column\">\n\t\t\t<div class=\"elementor-widget-wrap elementor-element-populated\">\n\t\t\t\t\t\t<div class=\"elementor-element elementor-element-443ab98 elementor-widget elementor-widget-text-editor\" data-id=\"443ab98\" data-element_type=\"widget\" data-widget_type=\"text-editor.default\">\n\t\t\t\t<div class=\"elementor-widget-container\">\n\t\t\t\t\t\t\t<h3>Sommernachtfilmfestival im Hof des Alten DG<\/h3><p>Schwabach &#8211;\u00a0Das denkmalgesch\u00fctzte Ensemble \u201eAltes Deutsches Gymnasium\u201c ist im Herzen Schwabachs nach einer umfangreichen Sanierung seit Mai 2018 wieder in Betrieb. Der gro\u00dfe Geb\u00e4udekomplex setzt sich aus verschiedenen Geb\u00e4udeteilen unterschiedlicher Bauphasen zusammen. Das Mobile Kino stellt im Rahmen der Wiederer\u00f6ffnung nun im Innenhof seine Leinwand auf, und zeigt beim Sommernachtfilmfestival folgende Filme:<\/p><ul style=\"list-style-type: disc;\"><li><p><strong>Samstag, 18. August, 20:30 Uhr: Dieses bescheuerte Herz<\/strong><\/p><p>Deutschland 2017, Spielzeit 104 Minuten, FSK ab 0<br \/>Regie: Marc Rothemund<br \/>mit Elyas M&#8217;Barek, Philip Noah Schwarz, Nadine Wrietz<\/p><p>Ein Film voller Gef\u00fchl und dennoch mit einer Leichtigkeit, dass man trotz der Schwere des Themas jede Minute des Films genie\u00dft! Lenny, selbst ernannter Lebensk\u00fcnstler, macht nicht viel mehr in seinem jungen Leben, als das Geld seines Vaters zu verschwenden und dabei m\u00f6glichst keine Party auszulassen. Da wird sein Alltag auf den Kopf gestellt, als er sich um den herzkranken David, einen Patienten seines Vaters, k\u00fcmmern soll. Als er merkt, wie schwer es ist die Verantwortung f\u00fcr einen todkranken Menschen zu tragen, ist es schon zu sp\u00e4t: L\u00e4ngst ist David ihm ans Herz gewachsen\u2026<\/p><\/li><li><p><strong>Sonntag, 19. August, 20:30 Uhr: Three Billboards Outside Ebbing, Missouri<\/strong><\/p><p>USA, Gro\u00dfbritannien 2017, Spielzeit 116 Minuten, FSK ab 12<br \/>Regie: Martin McDonagh<br \/>mit Frances McDormand, Woody Harrelson, Sam Rockwell<\/p><p>Zu Recht mit vier Golden Globes belohnt, hat McDonagh hier einen Film geschaffen, der seinesgleichen sucht. Um mit dem Tod ihrer Tochter klar zu kommen, deren tragisches Schicksal nicht aufgekl\u00e4rt ist, mietet die Mutter drei gro\u00dfe Werbetafeln an der Landstra\u00dfe. Auf diesen klagt sie u. a. den ermittelnden Polizisten namentlich an. Daraufhin kommt es zur gro\u00dfen Auseinandersetzung in der Kleinstadt Ebbing\/Missouri&#8230;<\/p><\/li><li><strong>Montag, 20. August, 20:30 Uhr: Grie\u00dfnockerlaff\u00e4re<\/strong><p>Deutschland 2017, Spielzeit 98 Minuten, FSK ab 12<br \/>Regie: Ed Herzog<br \/>mit Sebastian Bezzel, Simon Schwarz, Lisa Maria Potthoff<\/p><p>Franz Eberhofer ist zur\u00fcck! Im vierten Teil der Heimat-Krimireihe wird wie immer scharfsinnig ermittelt \u2013 gilt es doch dieses mal, die eigene Unschuld im Mordfall von Eberhofers Erzrivalen zu beweisen. Und w\u00e4re dies nicht genug, muss sich Franz auch noch im Privatleben mit einer Menge Problemen rumschlagen: Oma hat nur noch Augen f\u00fcr ihre Jugendliebe und Freundin Susi dr\u00e4ngt zur Ehe. Ob Eberhofer da heil rauskommt? Zum Gl\u00fcck unterst\u00fctzt ihn sein Freund, der Privatdetektiv Rudi, nach Kr\u00e4ften \u2013 auch wenn das oft zu noch mehr Verwirrungen f\u00fchrt.<\/p><\/li><li><strong>Dienstag, 21. August, 20:30 Uhr: The Greatest Showman<\/strong><p>USA 2017, Spielzeit 105 Minuten, FSK ab 6<br \/>Regie: Michael Gracey<br \/>mit Hugh Jackman, Zac Efron, Michelle Williams<\/p><p>Bezaubernd, voller Leidenschaft und Phantasie \u2013 so zieht uns \u201eThe Greatest Showman\u201c in seinen Bann und erz\u00e4hlt die abenteuerliche Lebensgeschichte des P.T. Barnum, der als Vision\u00e4r seiner Zeit ma\u00dfgeblich an der Gr\u00fcndung des Showbusiness mitgewirkt hat. Ein k\u00fchnes und mitrei\u00dfendes Filmereignis, das mit Hugh Jackman und Michelle Williams in den Hauptrollen nicht passender besetzt sein k\u00f6nnte. Ausgezeichnet mit dem Golden Globe f\u00fcr den besten Filmsong ist \u201eThe Greatest Showman\u201c ein Hochgenuss f\u00fcr Augen und Ohren!<\/p><\/li><\/ul><h3>Infos:<\/h3><p>Die Vorf\u00fchrungen finden t\u00e4glich um 20.30 Uhr im Hof des Alten DG in\u00a0 der Wittelsbacherstra\u00dfe 1 in Schwabach statt, und kosten 9,00 Euro pro Vorstellung.<\/p><h3>Karten im Vorverkauf gibt es hier:<\/h3><ul style=\"list-style-type: disc;\"><li><a href=\"https:\/\/tickets.nordbayern.de\/tickets-dieses-bescheuerte-herz-in-schwabach-schwabach-altes-dg-am-18-8-2018\/e1237215\" target=\"_blank\" rel=\"noopener\">Schwabacher Tagblatt &#8230;<\/a><\/li><li><a href=\"https:\/\/www.ticket-paradise.de\/\" target=\"_blank\" rel=\"noopener\">Ticket-Paradise im ORO-Einkaufszentrum &#8230;<\/a><\/li><li>bei allen Reservix-Vorverkaufsstellen<\/li><li><a title=\"Online-Kartenvorverkauf\" href=\"https:\/\/www.sommernachtfilmfestival.de\/index.php?id=1027&amp;tx_showings_showings%5Bvenue%5D=75&amp;tx_showings_showings%5Baction%5D=show&amp;tx_showings_showings%5Bcontroller%5D=Venue&amp;cHash=48eb69d691a4745eb41a4edb8884c291\" target=\"_blank\" rel=\"noopener\">und im Online-Vorverkauf &#8230;<\/a><\/li><\/ul><h3>Weiterf\u00fchrende Links:<\/h3><p><a href=\"https:\/\/www.youtube.com\/watch?v=gWEapY97Ng4\" target=\"_blank\" rel=\"noopener\">Vorschau-Trailer zu &#8222;Dieses bescheuerte Herz&#8220; &#8230;<\/a><\/p><p><a href=\"https:\/\/www.youtube.com\/watch?v=wnGLM4rs0Kk\" target=\"_blank\" rel=\"noopener\">Vorschau-Trailer zu &#8222;Three Billboards Outside Ebbing, Missouri&#8220; &#8230;<\/a><\/p><p><a href=\"https:\/\/www.youtube.com\/watch?v=IV8_qqXB0b4\" target=\"_blank\" rel=\"noopener\">Vorschau-Trailer zu &#8222;Grie\u00dfnockerlaff\u00e4re&#8220; &#8230;<\/a><\/p><p><a href=\"https:\/\/www.youtube.com\/watch?v=x3c2_PKCya4\" target=\"_blank\" rel=\"noopener\">Vorschau-Trailer zu &#8222;The Greatest Showman&#8220; &#8230;<\/a><\/p>\t\t\t\t\t\t<\/div>\n\t\t\t\t<\/div>\n\t\t\t\t<div class=\"elementor-element elementor-element-0c834d7 elementor-widget-divider--view-line elementor-widget elementor-widget-divider\" data-id=\"0c834d7\" data-element_type=\"widget\" data-widget_type=\"divider.default\">\n\t\t\t\t<div class=\"elementor-widget-container\">\n\t\t\t\t\t<div class=\"elementor-divider\">\n\t\t\t<span class=\"elementor-divider-separator\">\n\t\t\t\t\t\t<\/span>\n\t\t<\/div>\n\t\t\t\t<\/div>\n\t\t\t\t<\/div>\n\t\t\t\t<div class=\"elementor-element elementor-element-325f51f elementor-widget elementor-widget-google_maps\" data-id=\"325f51f\" data-element_type=\"widget\" data-widget_type=\"google_maps.default\">\n\t\t\t\t<div class=\"elementor-widget-container\">\n\t\t\t\t\t<div class=\"elementor-custom-embed\">\n\t\t\t<iframe loading=\"lazy\"\n\t\t\t\t\tsrc=\"https:\/\/maps.google.com\/maps?q=Wittelsbacher%20Stra%C3%9Fe%201%2C%20Schwabach%2C%20Deutschland&#038;t=m&#038;z=18&#038;output=embed&#038;iwloc=near\"\n\t\t\t\t\ttitle=\"Wittelsbacher Stra\u00dfe 1, Schwabach, Deutschland\"\n\t\t\t\t\taria-label=\"Wittelsbacher Stra\u00dfe 1, Schwabach, Deutschland\"\n\t\t\t><\/iframe>\n\t\t<\/div>\n\t\t\t\t<\/div>\n\t\t\t\t<\/div>\n\t\t\t\t\t<\/div>\n\t\t<\/div>\n\t\t\t\t<div class=\"elementor-column elementor-col-33 elementor-top-column elementor-element elementor-element-f645137\" data-id=\"f645137\" data-element_type=\"column\">\n\t\t\t<div class=\"elementor-widget-wrap elementor-element-populated\">\n\t\t\t\t\t\t<div class=\"elementor-element elementor-element-25043c1 elementor-widget elementor-widget-image\" data-id=\"25043c1\" data-element_type=\"widget\" data-widget_type=\"image.default\">\n\t\t\t\t<div class=\"elementor-widget-container\">\n\t\t\t\t\t\t\t\t\t\t\t\t\t<img fetchpriority=\"high\" decoding=\"async\" width=\"300\" height=\"300\" src=\"https:\/\/www.region-schwabach.de\/wordpress\/wp-content\/uploads\/2018\/04\/werbung1-300x300.png\" class=\"attachment-medium size-medium wp-image-35382\" alt=\"\" srcset=\"https:\/\/www.region-schwabach.de\/wordpress\/wp-content\/uploads\/2018\/04\/werbung1-300x300.png 300w, https:\/\/www.region-schwabach.de\/wordpress\/wp-content\/uploads\/2018\/04\/werbung1-150x150.png 150w, https:\/\/www.region-schwabach.de\/wordpress\/wp-content\/uploads\/2018\/04\/werbung1-768x768.png 768w, https:\/\/www.region-schwabach.de\/wordpress\/wp-content\/uploads\/2018\/04\/werbung1-1024x1024.png 1024w, https:\/\/www.region-schwabach.de\/wordpress\/wp-content\/uploads\/2018\/04\/werbung1.png 1200w\" sizes=\"(max-width: 300px) 100vw, 300px\" \/>\t\t\t\t\t\t\t\t\t\t\t\t\t<\/div>\n\t\t\t\t<\/div>\n\t\t\t\t\t<\/div>\n\t\t<\/div>\n\t\t\t\t\t<\/div>\n\t\t<\/section>\n\t\t\t\t<section class=\"elementor-section elementor-top-section elementor-element elementor-element-e4b7090 elementor-section-boxed elementor-section-height-default elementor-section-height-default\" data-id=\"e4b7090\" data-element_type=\"section\">\n\t\t\t\t\t\t<div class=\"elementor-container elementor-column-gap-default\">\n\t\t\t\t\t<div class=\"elementor-column elementor-col-50 elementor-top-column elementor-element elementor-element-6a47e2a\" data-id=\"6a47e2a\" data-element_type=\"column\">\n\t\t\t<div class=\"elementor-widget-wrap elementor-element-populated\">\n\t\t\t\t\t\t<div class=\"elementor-element elementor-element-8a4bafa elementor-widget elementor-widget-image\" data-id=\"8a4bafa\" data-element_type=\"widget\" data-widget_type=\"image.default\">\n\t\t\t\t<div class=\"elementor-widget-container\">\n\t\t\t\t\t\t\t\t\t\t<figure class=\"wp-caption\">\n\t\t\t\t\t\t\t\t\t\t\t<a href=\"http:\/\/www.region-schwabach.de\/wordpress\/wp-content\/uploads\/2018\/08\/PM186_Dieses_bescheuerte_Herz-e1534152935923.jpg\" data-elementor-open-lightbox=\"yes\" data-elementor-lightbox-title=\"PM186_Dieses_bescheuerte_Herz\" data-e-action-hash=\"#elementor-action%3Aaction%3Dlightbox%26settings%3DeyJpZCI6NTIyMTEsInVybCI6Imh0dHBzOlwvXC93d3cucmVnaW9uLXNjaHdhYmFjaC5kZVwvd29yZHByZXNzXC93cC1jb250ZW50XC91cGxvYWRzXC8yMDE4XC8wOFwvUE0xODZfRGllc2VzX2Jlc2NoZXVlcnRlX0hlcnotZTE1MzQxNTI5MzU5MjMuanBnIn0%3D\">\n\t\t\t\t\t\t\t<img decoding=\"async\" width=\"700\" height=\"467\" src=\"https:\/\/www.region-schwabach.de\/wordpress\/wp-content\/uploads\/2018\/08\/PM186_Dieses_bescheuerte_Herz-e1534152935923.jpg\" class=\"attachment-full size-full wp-image-52211\" alt=\"\" \/>\t\t\t\t\t\t\t\t<\/a>\n\t\t\t\t\t\t\t\t\t\t\t<figcaption class=\"widget-image-caption wp-caption-text\">Dieses bescheuerte Herz<\/figcaption>\n\t\t\t\t\t\t\t\t\t\t<\/figure>\n\t\t\t\t\t\t\t<\/div>\n\t\t\t\t<\/div>\n\t\t\t\t\t<\/div>\n\t\t<\/div>\n\t\t\t\t<div class=\"elementor-column elementor-col-50 elementor-top-column elementor-element elementor-element-cbd196b\" data-id=\"cbd196b\" data-element_type=\"column\">\n\t\t\t<div class=\"elementor-widget-wrap elementor-element-populated\">\n\t\t\t\t\t\t<div class=\"elementor-element elementor-element-410e322 elementor-widget elementor-widget-image\" data-id=\"410e322\" data-element_type=\"widget\" data-widget_type=\"image.default\">\n\t\t\t\t<div class=\"elementor-widget-container\">\n\t\t\t\t\t\t\t\t\t\t<figure class=\"wp-caption\">\n\t\t\t\t\t\t\t\t\t\t\t<a href=\"http:\/\/www.region-schwabach.de\/wordpress\/wp-content\/uploads\/2018\/08\/PM186_Three_Billboards-e1534153109268.jpg\" data-elementor-open-lightbox=\"yes\" data-elementor-lightbox-title=\"PM186_Three_Billboards\" data-e-action-hash=\"#elementor-action%3Aaction%3Dlightbox%26settings%3DeyJpZCI6NTIyMTMsInVybCI6Imh0dHBzOlwvXC93d3cucmVnaW9uLXNjaHdhYmFjaC5kZVwvd29yZHByZXNzXC93cC1jb250ZW50XC91cGxvYWRzXC8yMDE4XC8wOFwvUE0xODZfVGhyZWVfQmlsbGJvYXJkcy1lMTUzNDE1MzEwOTI2OC5qcGcifQ%3D%3D\">\n\t\t\t\t\t\t\t<img decoding=\"async\" width=\"700\" height=\"467\" src=\"https:\/\/www.region-schwabach.de\/wordpress\/wp-content\/uploads\/2018\/08\/PM186_Three_Billboards-e1534153109268.jpg\" class=\"attachment-full size-full wp-image-52213\" alt=\"\" \/>\t\t\t\t\t\t\t\t<\/a>\n\t\t\t\t\t\t\t\t\t\t\t<figcaption class=\"widget-image-caption wp-caption-text\">Three Billboards Outside Ebbing, Missouri<\/figcaption>\n\t\t\t\t\t\t\t\t\t\t<\/figure>\n\t\t\t\t\t\t\t<\/div>\n\t\t\t\t<\/div>\n\t\t\t\t\t<\/div>\n\t\t<\/div>\n\t\t\t\t\t<\/div>\n\t\t<\/section>\n\t\t\t\t<section class=\"elementor-section elementor-top-section elementor-element elementor-element-4eac4f6 elementor-section-boxed elementor-section-height-default elementor-section-height-default\" data-id=\"4eac4f6\" data-element_type=\"section\">\n\t\t\t\t\t\t<div class=\"elementor-container elementor-column-gap-default\">\n\t\t\t\t\t<div class=\"elementor-column elementor-col-50 elementor-top-column elementor-element elementor-element-e11a376\" data-id=\"e11a376\" data-element_type=\"column\">\n\t\t\t<div class=\"elementor-widget-wrap elementor-element-populated\">\n\t\t\t\t\t\t<div class=\"elementor-element elementor-element-13fbcef elementor-widget elementor-widget-image\" data-id=\"13fbcef\" data-element_type=\"widget\" data-widget_type=\"image.default\">\n\t\t\t\t<div class=\"elementor-widget-container\">\n\t\t\t\t\t\t\t\t\t\t<figure class=\"wp-caption\">\n\t\t\t\t\t\t\t\t\t\t\t<a href=\"http:\/\/www.region-schwabach.de\/wordpress\/wp-content\/uploads\/2018\/08\/PM186_Griesnockerlnaff\u00e4re-e1534153248969.jpg\" data-elementor-open-lightbox=\"yes\" data-elementor-lightbox-title=\"PM186_Griesnockerlnaff\u00e4re\" data-e-action-hash=\"#elementor-action%3Aaction%3Dlightbox%26settings%3DeyJpZCI6NTIyMTQsInVybCI6Imh0dHBzOlwvXC93d3cucmVnaW9uLXNjaHdhYmFjaC5kZVwvd29yZHByZXNzXC93cC1jb250ZW50XC91cGxvYWRzXC8yMDE4XC8wOFwvUE0xODZfR3JpZXNub2NrZXJsbmFmZlx1MDBlNHJlLWUxNTM0MTUzMjQ4OTY5LmpwZyJ9\">\n\t\t\t\t\t\t\t<img loading=\"lazy\" decoding=\"async\" width=\"700\" height=\"467\" src=\"https:\/\/www.region-schwabach.de\/wordpress\/wp-content\/uploads\/2018\/08\/PM186_Griesnockerlnaff\u00e4re-e1534153248969.jpg\" class=\"attachment-full size-full wp-image-52214\" alt=\"\" \/>\t\t\t\t\t\t\t\t<\/a>\n\t\t\t\t\t\t\t\t\t\t\t<figcaption class=\"widget-image-caption wp-caption-text\">Grie\u00dfnockerlaff\u00e4re<\/figcaption>\n\t\t\t\t\t\t\t\t\t\t<\/figure>\n\t\t\t\t\t\t\t<\/div>\n\t\t\t\t<\/div>\n\t\t\t\t\t<\/div>\n\t\t<\/div>\n\t\t\t\t<div class=\"elementor-column elementor-col-50 elementor-top-column elementor-element elementor-element-87bc74b\" data-id=\"87bc74b\" data-element_type=\"column\">\n\t\t\t<div class=\"elementor-widget-wrap elementor-element-populated\">\n\t\t\t\t\t\t<div class=\"elementor-element elementor-element-f4a47d1 elementor-widget elementor-widget-image\" data-id=\"f4a47d1\" data-element_type=\"widget\" data-widget_type=\"image.default\">\n\t\t\t\t<div class=\"elementor-widget-container\">\n\t\t\t\t\t\t\t\t\t\t<figure class=\"wp-caption\">\n\t\t\t\t\t\t\t\t\t\t\t<a href=\"http:\/\/www.region-schwabach.de\/wordpress\/wp-content\/uploads\/2018\/08\/PM186_The_Greatest_Showman-e1534153469376.jpg\" data-elementor-open-lightbox=\"yes\" data-elementor-lightbox-title=\"PM186_The_Greatest_Showman\" data-e-action-hash=\"#elementor-action%3Aaction%3Dlightbox%26settings%3DeyJpZCI6NTIyMTUsInVybCI6Imh0dHBzOlwvXC93d3cucmVnaW9uLXNjaHdhYmFjaC5kZVwvd29yZHByZXNzXC93cC1jb250ZW50XC91cGxvYWRzXC8yMDE4XC8wOFwvUE0xODZfVGhlX0dyZWF0ZXN0X1Nob3dtYW4tZTE1MzQxNTM0NjkzNzYuanBnIn0%3D\">\n\t\t\t\t\t\t\t<img loading=\"lazy\" decoding=\"async\" width=\"700\" height=\"467\" src=\"https:\/\/www.region-schwabach.de\/wordpress\/wp-content\/uploads\/2018\/08\/PM186_The_Greatest_Showman-e1534153469376.jpg\" class=\"attachment-full size-full wp-image-52215\" alt=\"\" \/>\t\t\t\t\t\t\t\t<\/a>\n\t\t\t\t\t\t\t\t\t\t\t<figcaption class=\"widget-image-caption wp-caption-text\">The Greatest Showman<\/figcaption>\n\t\t\t\t\t\t\t\t\t\t<\/figure>\n\t\t\t\t\t\t\t<\/div>\n\t\t\t\t<\/div>\n\t\t\t\t\t<\/div>\n\t\t<\/div>\n\t\t\t\t\t<\/div>\n\t\t<\/section>\n\t\t\t\t<\/div>\n\t\t","protected":false},"excerpt":{"rendered":"<div class=\"mh-excerpt\"><p>Sommernachtfilmfestival im Hof des Alten DG Schwabach &#8211;\u00a0Das denkmalgesch\u00fctzte Ensemble \u201eAltes Deutsches Gymnasium\u201c ist im Herzen Schwabachs nach einer umfangreichen Sanierung seit Mai 2018 wieder in Betrieb. Der gro\u00dfe Geb\u00e4udekomplex setzt sich aus verschiedenen Geb\u00e4udeteilen <a class=\"mh-excerpt-more\" href=\"https:\/\/www.region-schwabach.de\/wordpress\/sommernachtfilmfestival-vom-18-bis-21-august-2018\/\" title=\"Sommernachtfilmfestival vom 18. bis 21. August 2018\">[&#8230;]<\/a><\/p>\n<\/div>","protected":false},"author":1,"featured_media":50512,"comment_status":"open","ping_status":"open","sticky":false,"template":"","format":"standard","meta":{"_cbd_carousel_blocks":"[]","footnotes":""},"categories":[16,1,287,231],"tags":[2019,4781,5249,5250,5334,5336,5332,5333,5331,5330,1480,19,5329,5337,5335,2678],"class_list":{"0":"post-50511","1":"post","2":"type-post","3":"status-publish","4":"format-standard","5":"has-post-thumbnail","7":"category-aktuell","8":"category-allgemein","9":"category-jugend-und-familie","10":"category-veranstaltungsnews","11":"tag-18-08-2018","12":"tag-19-08-2018","13":"tag-20-08-2018","14":"tag-21-08-2018","15":"tag-dieses-bescheuerte-herz","16":"tag-griessnockerlaffaere","17":"tag-hof","18":"tag-hof-des-alten-dg","19":"tag-leinwnd","20":"tag-mobiles-kino","21":"tag-rathaus","22":"tag-schwabach","23":"tag-sommernachtfilmfestival","24":"tag-the-greatest-showman","25":"tag-three-billboards-outside-ebbing-missouri","26":"tag-wittelsbacherstrasse"},"_links":{"self":[{"href":"https:\/\/www.region-schwabach.de\/wordpress\/wp-json\/wp\/v2\/posts\/50511","targetHints":{"allow":["GET"]}}],"collection":[{"href":"https:\/\/www.region-schwabach.de\/wordpress\/wp-json\/wp\/v2\/posts"}],"about":[{"href":"https:\/\/www.region-schwabach.de\/wordpress\/wp-json\/wp\/v2\/types\/post"}],"author":[{"embeddable":true,"href":"https:\/\/www.region-schwabach.de\/wordpress\/wp-json\/wp\/v2\/users\/1"}],"replies":[{"embeddable":true,"href":"https:\/\/www.region-schwabach.de\/wordpress\/wp-json\/wp\/v2\/comments?post=50511"}],"version-history":[{"count":0,"href":"https:\/\/www.region-schwabach.de\/wordpress\/wp-json\/wp\/v2\/posts\/50511\/revisions"}],"wp:featuredmedia":[{"embeddable":true,"href":"https:\/\/www.region-schwabach.de\/wordpress\/wp-json\/wp\/v2\/media\/50512"}],"wp:attachment":[{"href":"https:\/\/www.region-schwabach.de\/wordpress\/wp-json\/wp\/v2\/media?parent=50511"}],"wp:term":[{"taxonomy":"category","embeddable":true,"href":"https:\/\/www.region-schwabach.de\/wordpress\/wp-json\/wp\/v2\/categories?post=50511"},{"taxonomy":"post_tag","embeddable":true,"href":"https:\/\/www.region-schwabach.de\/wordpress\/wp-json\/wp\/v2\/tags?post=50511"}],"curies":[{"name":"wp","href":"https:\/\/api.w.org\/{rel}","templated":true}]}}