{"id":50560,"date":"2018-08-04T11:30:57","date_gmt":"2018-08-04T09:30:57","guid":{"rendered":"http:\/\/www.region-schwabach.de\/wordpress\/?p=50560"},"modified":"2018-08-04T11:47:49","modified_gmt":"2018-08-04T09:47:49","slug":"gleich-drei-einbrueche-in-raitenbuch","status":"publish","type":"post","link":"https:\/\/www.region-schwabach.de\/wordpress\/gleich-drei-einbrueche-in-raitenbuch\/","title":{"rendered":"Gleich drei Einbr\u00fcche in Raitenbuch"},"content":{"rendered":"\t\t<div data-elementor-type=\"wp-post\" data-elementor-id=\"50560\" class=\"elementor elementor-50560 elementor-bc-flex-widget\">\n\t\t\t\t\t\t<section class=\"elementor-section elementor-top-section elementor-element elementor-element-1cuv9jr elementor-section-boxed elementor-section-height-default elementor-section-height-default\" data-id=\"1cuv9jr\" data-element_type=\"section\">\n\t\t\t\t\t\t<div class=\"elementor-container elementor-column-gap-default\">\n\t\t\t\t\t<div class=\"elementor-column elementor-col-66 elementor-top-column elementor-element elementor-element-q5zak7b\" data-id=\"q5zak7b\" data-element_type=\"column\">\n\t\t\t<div class=\"elementor-widget-wrap elementor-element-populated\">\n\t\t\t\t\t\t<div class=\"elementor-element elementor-element-86qws23 elementor-widget elementor-widget-text-editor\" data-id=\"86qws23\" data-element_type=\"widget\" data-widget_type=\"text-editor.default\">\n\t\t\t\t<div class=\"elementor-widget-container\">\n\t\t\t\t\t\t\t<h3><strong>Kleintransporter aufgebrochen<\/strong><\/h3><p>Raitenbuch &#8211; In der Nacht von Donnerstag, den 02.08.2018, auf Freitag, den 03.08.2018, wurde ein in der Holzgasse in Raitenbuch abgestellter Kleintransporter aufgebrochen, aus dem dann ein Abbruchhammer sowie eine Motorflex der Fa. Hilti entwendet wurden. Bei dem Einbruch verursachten die T\u00e4ter einen Sachschaden in H\u00f6he von ca. 150 Euro, und entwendeten Diebesgut im Wert von ca. 3.000 Euro.<\/p><h3><strong>Zwei Feldscheunen aufgebrochen<\/strong><\/h3><p>Im Laufe des Freitags wurde dann auch noch festgestellt, da\u00df in zwei Feldscheunen im Bereich von Raitenbuch ebenfalls eingebrochen wurde, wobei jeweils die Schl\u00f6sser der Scheunen entfernt wurden, und die Scheunen im Anschlu\u00df offensichtlich durchsucht wurden. Nach Angaben der Gesch\u00e4digten wurde aber anscheinend nichts gestohlen.<\/p><h3>Taten stehen vermutlich in Zusammenhang<\/h3><p>Die Polizei geht davon aus, da\u00df bei allen 3 F\u00e4llen ein Tatzusammenhang besteht, und bittet um sachdienliche Hinweise.<\/p><h3>Polizei bittet um Mithilfe<\/h3><p>Personen, die verd\u00e4chtige Beobachtungen gemacht haben, werden gebeten, diese der Polizei in Wei\u00dfenburg unter der Rufnummer 09141-8687-0 mitzuteilen.<\/p>\t\t\t\t\t\t<\/div>\n\t\t\t\t<\/div>\n\t\t\t\t<div class=\"elementor-element elementor-element-ace1283 elementor-widget-divider--view-line elementor-widget elementor-widget-divider\" data-id=\"ace1283\" data-element_type=\"widget\" data-widget_type=\"divider.default\">\n\t\t\t\t<div class=\"elementor-widget-container\">\n\t\t\t\t\t<div class=\"elementor-divider\">\n\t\t\t<span class=\"elementor-divider-separator\">\n\t\t\t\t\t\t<\/span>\n\t\t<\/div>\n\t\t\t\t<\/div>\n\t\t\t\t<\/div>\n\t\t\t\t<div class=\"elementor-element elementor-element-1l7zbzo elementor-widget elementor-widget-google_maps\" data-id=\"1l7zbzo\" data-element_type=\"widget\" data-widget_type=\"google_maps.default\">\n\t\t\t\t<div class=\"elementor-widget-container\">\n\t\t\t\t\t<div class=\"elementor-custom-embed\">\n\t\t\t<iframe loading=\"lazy\"\n\t\t\t\t\tsrc=\"https:\/\/maps.google.com\/maps?q=Raitenbuch%2C%20Wei%C3%9Fenburg%2C%20Deutschland&#038;t=m&#038;z=11&#038;output=embed&#038;iwloc=near\"\n\t\t\t\t\ttitle=\"Raitenbuch, Wei\u00dfenburg, Deutschland\"\n\t\t\t\t\taria-label=\"Raitenbuch, Wei\u00dfenburg, Deutschland\"\n\t\t\t><\/iframe>\n\t\t<\/div>\n\t\t\t\t<\/div>\n\t\t\t\t<\/div>\n\t\t\t\t\t<\/div>\n\t\t<\/div>\n\t\t\t\t<div class=\"elementor-column elementor-col-33 elementor-top-column elementor-element elementor-element-0w0urt1\" data-id=\"0w0urt1\" data-element_type=\"column\">\n\t\t\t<div class=\"elementor-widget-wrap elementor-element-populated\">\n\t\t\t\t\t\t<div class=\"elementor-element elementor-element-mo6nk5i elementor-widget elementor-widget-image\" data-id=\"mo6nk5i\" data-element_type=\"widget\" data-widget_type=\"image.default\">\n\t\t\t\t<div class=\"elementor-widget-container\">\n\t\t\t\t\t\t\t\t\t\t\t\t\t\t<a href=\"http:\/\/www.region-schwabach.de\/wordpress\/werben-auf-region-schwabach\/\" target=\"_blank\">\n\t\t\t\t\t\t\t<img fetchpriority=\"high\" decoding=\"async\" width=\"1024\" height=\"1024\" src=\"https:\/\/www.region-schwabach.de\/wordpress\/wp-content\/uploads\/2017\/06\/werbung8-1024x1024.png\" class=\"attachment-large size-large wp-image-2484\" alt=\"\" srcset=\"https:\/\/www.region-schwabach.de\/wordpress\/wp-content\/uploads\/2017\/06\/werbung8-1024x1024.png 1024w, https:\/\/www.region-schwabach.de\/wordpress\/wp-content\/uploads\/2017\/06\/werbung8-150x150.png 150w, https:\/\/www.region-schwabach.de\/wordpress\/wp-content\/uploads\/2017\/06\/werbung8-300x300.png 300w, https:\/\/www.region-schwabach.de\/wordpress\/wp-content\/uploads\/2017\/06\/werbung8-768x768.png 768w, https:\/\/www.region-schwabach.de\/wordpress\/wp-content\/uploads\/2017\/06\/werbung8-600x600.png 600w, https:\/\/www.region-schwabach.de\/wordpress\/wp-content\/uploads\/2017\/06\/werbung8.png 1200w\" sizes=\"(max-width: 1024px) 100vw, 1024px\" \/>\t\t\t\t\t\t\t\t<\/a>\n\t\t\t\t\t\t\t\t\t\t\t\t\t<\/div>\n\t\t\t\t<\/div>\n\t\t\t\t\t<\/div>\n\t\t<\/div>\n\t\t\t\t\t<\/div>\n\t\t<\/section>\n\t\t\t\t<\/div>\n\t\t","protected":false},"excerpt":{"rendered":"<div class=\"mh-excerpt\"><p>Kleintransporter aufgebrochen Raitenbuch &#8211; In der Nacht von Donnerstag, den 02.08.2018, auf Freitag, den 03.08.2018, wurde ein in der Holzgasse in Raitenbuch abgestellter Kleintransporter aufgebrochen, aus dem dann ein Abbruchhammer sowie eine Motorflex der Fa. <a class=\"mh-excerpt-more\" href=\"https:\/\/www.region-schwabach.de\/wordpress\/gleich-drei-einbrueche-in-raitenbuch\/\" title=\"Gleich drei Einbr\u00fcche in Raitenbuch\">[&#8230;]<\/a><\/p>\n<\/div>","protected":false},"author":1,"featured_media":50561,"comment_status":"open","ping_status":"open","sticky":false,"template":"","format":"standard","meta":{"_cbd_carousel_blocks":"[]","footnotes":""},"categories":[15],"tags":[4770,4771,5356,30,217,5354,5358,642,549,5357,981,1809,401,713,5355,249],"class_list":{"0":"post-50560","1":"post","2":"type-post","3":"status-publish","4":"format-standard","5":"has-post-thumbnail","7":"category-polizeimeldungen","8":"tag-02-08-2018","9":"tag-03-08-2018","10":"tag-abbruchhammer","11":"tag-diebstahl","12":"tag-einbruch","13":"tag-feldscheune","14":"tag-hilti","15":"tag-holzgasse","16":"tag-kleintransporter","17":"tag-motorflex","18":"tag-polizei","19":"tag-raitenbuch","20":"tag-sachschaden","21":"tag-schaden","22":"tag-schloesser","23":"tag-weissenburg"},"_links":{"self":[{"href":"https:\/\/www.region-schwabach.de\/wordpress\/wp-json\/wp\/v2\/posts\/50560","targetHints":{"allow":["GET"]}}],"collection":[{"href":"https:\/\/www.region-schwabach.de\/wordpress\/wp-json\/wp\/v2\/posts"}],"about":[{"href":"https:\/\/www.region-schwabach.de\/wordpress\/wp-json\/wp\/v2\/types\/post"}],"author":[{"embeddable":true,"href":"https:\/\/www.region-schwabach.de\/wordpress\/wp-json\/wp\/v2\/users\/1"}],"replies":[{"embeddable":true,"href":"https:\/\/www.region-schwabach.de\/wordpress\/wp-json\/wp\/v2\/comments?post=50560"}],"version-history":[{"count":0,"href":"https:\/\/www.region-schwabach.de\/wordpress\/wp-json\/wp\/v2\/posts\/50560\/revisions"}],"wp:featuredmedia":[{"embeddable":true,"href":"https:\/\/www.region-schwabach.de\/wordpress\/wp-json\/wp\/v2\/media\/50561"}],"wp:attachment":[{"href":"https:\/\/www.region-schwabach.de\/wordpress\/wp-json\/wp\/v2\/media?parent=50560"}],"wp:term":[{"taxonomy":"category","embeddable":true,"href":"https:\/\/www.region-schwabach.de\/wordpress\/wp-json\/wp\/v2\/categories?post=50560"},{"taxonomy":"post_tag","embeddable":true,"href":"https:\/\/www.region-schwabach.de\/wordpress\/wp-json\/wp\/v2\/tags?post=50560"}],"curies":[{"name":"wp","href":"https:\/\/api.w.org\/{rel}","templated":true}]}}