{"id":50565,"date":"2018-08-04T12:22:40","date_gmt":"2018-08-04T10:22:40","guid":{"rendered":"http:\/\/www.region-schwabach.de\/wordpress\/?p=50565"},"modified":"2018-08-04T12:37:19","modified_gmt":"2018-08-04T10:37:19","slug":"verkehrsunfall-mit-sachschaden-in-pleinfeld","status":"publish","type":"post","link":"https:\/\/www.region-schwabach.de\/wordpress\/verkehrsunfall-mit-sachschaden-in-pleinfeld\/","title":{"rendered":"Verkehrsunfall mit Sachschaden in Pleinfeld"},"content":{"rendered":"\t\t<div data-elementor-type=\"wp-post\" data-elementor-id=\"50565\" class=\"elementor elementor-50565 elementor-bc-flex-widget\">\n\t\t\t\t\t\t<section class=\"elementor-section elementor-top-section elementor-element elementor-element-1cuv9jr elementor-section-boxed elementor-section-height-default elementor-section-height-default\" data-id=\"1cuv9jr\" data-element_type=\"section\">\n\t\t\t\t\t\t<div class=\"elementor-container elementor-column-gap-default\">\n\t\t\t\t\t<div class=\"elementor-column elementor-col-66 elementor-top-column elementor-element elementor-element-q5zak7b\" data-id=\"q5zak7b\" data-element_type=\"column\">\n\t\t\t<div class=\"elementor-widget-wrap elementor-element-populated\">\n\t\t\t\t\t\t<div class=\"elementor-element elementor-element-86qws23 elementor-widget elementor-widget-text-editor\" data-id=\"86qws23\" data-element_type=\"widget\" data-widget_type=\"text-editor.default\">\n\t\t\t\t<div class=\"elementor-widget-container\">\n\t\t\t\t\t\t\t<h3><strong>Verkehrsunfall mit Sachschaden<\/strong><\/h3><p>Pleinfeld &#8211; Am Freitagmittag, den 03.08.2018, war ein 19-j\u00e4hriger Pkw-Fahrer gegen 12.30 Uhr auf der\u00a0 B2 von Wei\u00dfenburg in Richtung N\u00fcrnberg unterwegs, als er an der Abfahrt Pleinfeld S\u00fcd auf die Staatsstra\u00dfe einbiegen wollte, dabei jedoch einen vorfahrtsberechtigten Lkw \u00fcbersah.<\/p><h3>Nur Sachschaden entstanden<\/h3><p>Bei dem folgenden Zusammensto\u00df wurde gl\u00fccklicherweise niemand verletzt, es entstand aber ein Sachschaden in H\u00f6he von ca. 8.500 Euro.<\/p>\t\t\t\t\t\t<\/div>\n\t\t\t\t<\/div>\n\t\t\t\t<div class=\"elementor-element elementor-element-ace1283 elementor-widget-divider--view-line elementor-widget elementor-widget-divider\" data-id=\"ace1283\" data-element_type=\"widget\" data-widget_type=\"divider.default\">\n\t\t\t\t<div class=\"elementor-widget-container\">\n\t\t\t\t\t<div class=\"elementor-divider\">\n\t\t\t<span class=\"elementor-divider-separator\">\n\t\t\t\t\t\t<\/span>\n\t\t<\/div>\n\t\t\t\t<\/div>\n\t\t\t\t<\/div>\n\t\t\t\t<div class=\"elementor-element elementor-element-1l7zbzo elementor-widget elementor-widget-google_maps\" data-id=\"1l7zbzo\" data-element_type=\"widget\" data-widget_type=\"google_maps.default\">\n\t\t\t\t<div class=\"elementor-widget-container\">\n\t\t\t\t\t<div class=\"elementor-custom-embed\">\n\t\t\t<iframe loading=\"lazy\"\n\t\t\t\t\tsrc=\"https:\/\/maps.google.com\/maps?q=49.093767%2C%2010.985958&#038;t=m&#038;z=14&#038;output=embed&#038;iwloc=near\"\n\t\t\t\t\ttitle=\"49.093767, 10.985958\"\n\t\t\t\t\taria-label=\"49.093767, 10.985958\"\n\t\t\t><\/iframe>\n\t\t<\/div>\n\t\t\t\t<\/div>\n\t\t\t\t<\/div>\n\t\t\t\t\t<\/div>\n\t\t<\/div>\n\t\t\t\t<div class=\"elementor-column elementor-col-33 elementor-top-column elementor-element elementor-element-0w0urt1\" data-id=\"0w0urt1\" data-element_type=\"column\">\n\t\t\t<div class=\"elementor-widget-wrap elementor-element-populated\">\n\t\t\t\t\t\t<div class=\"elementor-element elementor-element-mo6nk5i elementor-widget elementor-widget-image\" data-id=\"mo6nk5i\" data-element_type=\"widget\" data-widget_type=\"image.default\">\n\t\t\t\t<div class=\"elementor-widget-container\">\n\t\t\t\t\t\t\t\t\t\t\t\t\t\t<a href=\"http:\/\/www.region-schwabach.de\/wordpress\/werben-auf-region-schwabach\/\" target=\"_blank\">\n\t\t\t\t\t\t\t<img fetchpriority=\"high\" decoding=\"async\" width=\"1024\" height=\"1024\" src=\"https:\/\/www.region-schwabach.de\/wordpress\/wp-content\/uploads\/2017\/06\/werbung8-1024x1024.png\" class=\"attachment-large size-large wp-image-2484\" alt=\"\" srcset=\"https:\/\/www.region-schwabach.de\/wordpress\/wp-content\/uploads\/2017\/06\/werbung8-1024x1024.png 1024w, https:\/\/www.region-schwabach.de\/wordpress\/wp-content\/uploads\/2017\/06\/werbung8-150x150.png 150w, https:\/\/www.region-schwabach.de\/wordpress\/wp-content\/uploads\/2017\/06\/werbung8-300x300.png 300w, https:\/\/www.region-schwabach.de\/wordpress\/wp-content\/uploads\/2017\/06\/werbung8-768x768.png 768w, https:\/\/www.region-schwabach.de\/wordpress\/wp-content\/uploads\/2017\/06\/werbung8-600x600.png 600w, https:\/\/www.region-schwabach.de\/wordpress\/wp-content\/uploads\/2017\/06\/werbung8.png 1200w\" sizes=\"(max-width: 1024px) 100vw, 1024px\" \/>\t\t\t\t\t\t\t\t<\/a>\n\t\t\t\t\t\t\t\t\t\t\t\t\t<\/div>\n\t\t\t\t<\/div>\n\t\t\t\t\t<\/div>\n\t\t<\/div>\n\t\t\t\t\t<\/div>\n\t\t<\/section>\n\t\t\t\t<\/div>\n\t\t","protected":false},"excerpt":{"rendered":"<div class=\"mh-excerpt\"><p>Verkehrsunfall mit Sachschaden Pleinfeld &#8211; Am Freitagmittag, den 03.08.2018, war ein 19-j\u00e4hriger Pkw-Fahrer gegen 12.30 Uhr auf der\u00a0 B2 von Wei\u00dfenburg in Richtung N\u00fcrnberg unterwegs, als er an der Abfahrt Pleinfeld S\u00fcd auf die Staatsstra\u00dfe <a class=\"mh-excerpt-more\" href=\"https:\/\/www.region-schwabach.de\/wordpress\/verkehrsunfall-mit-sachschaden-in-pleinfeld\/\" title=\"Verkehrsunfall mit Sachschaden in Pleinfeld\">[&#8230;]<\/a><\/p>\n<\/div>","protected":false},"author":1,"featured_media":50568,"comment_status":"open","ping_status":"open","sticky":false,"template":"","format":"standard","meta":{"_cbd_carousel_blocks":"[]","footnotes":""},"categories":[15],"tags":[4771,1590,429,261,463,820,4215,981,401,713,1093,249,584],"class_list":{"0":"post-50565","1":"post","2":"type-post","3":"status-publish","4":"format-standard","5":"has-post-thumbnail","7":"category-polizeimeldungen","8":"tag-03-08-2018","9":"tag-abbiegen","10":"tag-b2","11":"tag-lkw","12":"tag-pkw","13":"tag-pleinfeld","14":"tag-pleinfeld-sued","15":"tag-polizei","16":"tag-sachschaden","17":"tag-schaden","18":"tag-staatsstrasse","19":"tag-weissenburg","20":"tag-zusammenstoss"},"_links":{"self":[{"href":"https:\/\/www.region-schwabach.de\/wordpress\/wp-json\/wp\/v2\/posts\/50565","targetHints":{"allow":["GET"]}}],"collection":[{"href":"https:\/\/www.region-schwabach.de\/wordpress\/wp-json\/wp\/v2\/posts"}],"about":[{"href":"https:\/\/www.region-schwabach.de\/wordpress\/wp-json\/wp\/v2\/types\/post"}],"author":[{"embeddable":true,"href":"https:\/\/www.region-schwabach.de\/wordpress\/wp-json\/wp\/v2\/users\/1"}],"replies":[{"embeddable":true,"href":"https:\/\/www.region-schwabach.de\/wordpress\/wp-json\/wp\/v2\/comments?post=50565"}],"version-history":[{"count":0,"href":"https:\/\/www.region-schwabach.de\/wordpress\/wp-json\/wp\/v2\/posts\/50565\/revisions"}],"wp:featuredmedia":[{"embeddable":true,"href":"https:\/\/www.region-schwabach.de\/wordpress\/wp-json\/wp\/v2\/media\/50568"}],"wp:attachment":[{"href":"https:\/\/www.region-schwabach.de\/wordpress\/wp-json\/wp\/v2\/media?parent=50565"}],"wp:term":[{"taxonomy":"category","embeddable":true,"href":"https:\/\/www.region-schwabach.de\/wordpress\/wp-json\/wp\/v2\/categories?post=50565"},{"taxonomy":"post_tag","embeddable":true,"href":"https:\/\/www.region-schwabach.de\/wordpress\/wp-json\/wp\/v2\/tags?post=50565"}],"curies":[{"name":"wp","href":"https:\/\/api.w.org\/{rel}","templated":true}]}}