{"id":50655,"date":"2018-08-05T11:19:32","date_gmt":"2018-08-05T09:19:32","guid":{"rendered":"http:\/\/www.region-schwabach.de\/wordpress\/?p=50655"},"modified":"2018-08-05T11:29:52","modified_gmt":"2018-08-05T09:29:52","slug":"mann-nach-wohnungsbrand-in-georgensgmuend-verstorben","status":"publish","type":"post","link":"https:\/\/www.region-schwabach.de\/wordpress\/mann-nach-wohnungsbrand-in-georgensgmuend-verstorben\/","title":{"rendered":"Mann nach Wohnungsbrand in Georgensgm\u00fcnd verstorben"},"content":{"rendered":"\t\t<div data-elementor-type=\"wp-post\" data-elementor-id=\"50655\" class=\"elementor elementor-50655 elementor-bc-flex-widget\">\n\t\t\t\t\t\t<section class=\"elementor-section elementor-top-section elementor-element elementor-element-1cuv9jr elementor-section-boxed elementor-section-height-default elementor-section-height-default\" data-id=\"1cuv9jr\" data-element_type=\"section\">\n\t\t\t\t\t\t<div class=\"elementor-container elementor-column-gap-default\">\n\t\t\t\t\t<div class=\"elementor-column elementor-col-66 elementor-top-column elementor-element elementor-element-q5zak7b\" data-id=\"q5zak7b\" data-element_type=\"column\">\n\t\t\t<div class=\"elementor-widget-wrap elementor-element-populated\">\n\t\t\t\t\t\t<div class=\"elementor-element elementor-element-86qws23 elementor-widget elementor-widget-text-editor\" data-id=\"86qws23\" data-element_type=\"widget\" data-widget_type=\"text-editor.default\">\n\t\t\t\t<div class=\"elementor-widget-container\">\n\t\t\t\t\t\t\t<h3 class=\"story-headline\">Nach Wohnungsbrand verstorben<\/h3><p>Roth (ots) &#8211; Am fr\u00fchen Sonntagmorgen (05.08.2018) brach aus bislang unbekannter Ursache ein Feuer in einer Dachgeschosswohnung in Georgensgm\u00fcnd aus. Ein 52-j\u00e4hriger Mann verstarb noch vor Ort.<\/p><h3>Feuerwehreinsatz gegen 00.30 Uhr<\/h3><p>Gegen 00:30 Uhr erhielt die Einsatzzentrale der Polizei die Mitteilung, dass es in einem Haus in der Wiesenstra\u00dfe brennen soll. Beim Eintreffen der ersten Einsatzkr\u00e4fte der Polizeiinspektion Roth und der Freiwilligen Feuerwehr Georgensgm\u00fcnd schlugen bereits Flammen aus dem Dachstuhl des Mehrfamilienhauses.<\/p><h3>Gro\u00dfaufgebot im einsatz<\/h3><p>Ein Gro\u00dfaufgebot der Freiwilligen Feuerwehren aus Georgensgm\u00fcnd und den umliegenden Gemeinden hatte die Flammen schnell im Griff.<\/p><h3>Leblosen Mann aufgefunden<\/h3><p>In der Wohnung im Dachgeschoss fanden die Einsatzkr\u00e4fte eine leblose m\u00e4nnliche Person. Trotz sofort eingeleiteter Reanimationsma\u00dfnahmen verstarb der 52-j\u00e4hrige Mann noch vor Ort. Nach derzeitigen Erkenntnissen wurden vier Personen vorsorglich vor Ort durch den Rettungsdienst betreut.<\/p><p>Der Kriminaldauerdienst Mittelfranken \u00fcbernahm die ersten Ermittlungen am Brandort. Die Brandursache sowie die Schadensh\u00f6he sind derzeit noch unbekannt und Gegenstand der weiteren polizeilichen Ermittlungen des Fachkommissariats der Kriminalpolizei in Schwabach.<\/p><p><strong>Wolfgang Prehl<\/strong><\/p><p>Original-Content von: Polizeipr\u00e4sidium Mittelfranken<small class=\"originator\"><\/small><\/p>\t\t\t\t\t\t<\/div>\n\t\t\t\t<\/div>\n\t\t\t\t<div class=\"elementor-element elementor-element-ace1283 elementor-widget-divider--view-line elementor-widget elementor-widget-divider\" data-id=\"ace1283\" data-element_type=\"widget\" data-widget_type=\"divider.default\">\n\t\t\t\t<div class=\"elementor-widget-container\">\n\t\t\t\t\t<div class=\"elementor-divider\">\n\t\t\t<span class=\"elementor-divider-separator\">\n\t\t\t\t\t\t<\/span>\n\t\t<\/div>\n\t\t\t\t<\/div>\n\t\t\t\t<\/div>\n\t\t\t\t<div class=\"elementor-element elementor-element-1l7zbzo elementor-widget elementor-widget-google_maps\" data-id=\"1l7zbzo\" data-element_type=\"widget\" data-widget_type=\"google_maps.default\">\n\t\t\t\t<div class=\"elementor-widget-container\">\n\t\t\t\t\t<div class=\"elementor-custom-embed\">\n\t\t\t<iframe loading=\"lazy\"\n\t\t\t\t\tsrc=\"https:\/\/maps.google.com\/maps?q=Wiesenstra%C3%9Fe%2C%20Georgensgm%C3%BCnd%2C%20Deutschland&#038;t=m&#038;z=16&#038;output=embed&#038;iwloc=near\"\n\t\t\t\t\ttitle=\"Wiesenstra\u00dfe, Georgensgm\u00fcnd, Deutschland\"\n\t\t\t\t\taria-label=\"Wiesenstra\u00dfe, Georgensgm\u00fcnd, Deutschland\"\n\t\t\t><\/iframe>\n\t\t<\/div>\n\t\t\t\t<\/div>\n\t\t\t\t<\/div>\n\t\t\t\t\t<\/div>\n\t\t<\/div>\n\t\t\t\t<div class=\"elementor-column elementor-col-33 elementor-top-column elementor-element elementor-element-0w0urt1\" data-id=\"0w0urt1\" data-element_type=\"column\">\n\t\t\t<div class=\"elementor-widget-wrap elementor-element-populated\">\n\t\t\t\t\t\t<div class=\"elementor-element elementor-element-mo6nk5i elementor-widget elementor-widget-image\" data-id=\"mo6nk5i\" data-element_type=\"widget\" data-widget_type=\"image.default\">\n\t\t\t\t<div class=\"elementor-widget-container\">\n\t\t\t\t\t\t\t\t\t\t\t\t\t\t<a href=\"http:\/\/www.region-schwabach.de\/wordpress\/werben-auf-region-schwabach\/\" target=\"_blank\">\n\t\t\t\t\t\t\t<img fetchpriority=\"high\" decoding=\"async\" width=\"1024\" height=\"1024\" src=\"https:\/\/www.region-schwabach.de\/wordpress\/wp-content\/uploads\/2017\/06\/werbung8-1024x1024.png\" class=\"attachment-large size-large wp-image-2484\" alt=\"\" srcset=\"https:\/\/www.region-schwabach.de\/wordpress\/wp-content\/uploads\/2017\/06\/werbung8-1024x1024.png 1024w, https:\/\/www.region-schwabach.de\/wordpress\/wp-content\/uploads\/2017\/06\/werbung8-150x150.png 150w, https:\/\/www.region-schwabach.de\/wordpress\/wp-content\/uploads\/2017\/06\/werbung8-300x300.png 300w, https:\/\/www.region-schwabach.de\/wordpress\/wp-content\/uploads\/2017\/06\/werbung8-768x768.png 768w, https:\/\/www.region-schwabach.de\/wordpress\/wp-content\/uploads\/2017\/06\/werbung8-600x600.png 600w, https:\/\/www.region-schwabach.de\/wordpress\/wp-content\/uploads\/2017\/06\/werbung8.png 1200w\" sizes=\"(max-width: 1024px) 100vw, 1024px\" \/>\t\t\t\t\t\t\t\t<\/a>\n\t\t\t\t\t\t\t\t\t\t\t\t\t<\/div>\n\t\t\t\t<\/div>\n\t\t\t\t\t<\/div>\n\t\t<\/div>\n\t\t\t\t\t<\/div>\n\t\t<\/section>\n\t\t\t\t<\/div>\n\t\t","protected":false},"excerpt":{"rendered":"<div class=\"mh-excerpt\"><p>Nach Wohnungsbrand verstorben Roth (ots) &#8211; Am fr\u00fchen Sonntagmorgen (05.08.2018) brach aus bislang unbekannter Ursache ein Feuer in einer Dachgeschosswohnung in Georgensgm\u00fcnd aus. Ein 52-j\u00e4hriger Mann verstarb noch vor Ort. Feuerwehreinsatz gegen 00.30 Uhr Gegen <a class=\"mh-excerpt-more\" href=\"https:\/\/www.region-schwabach.de\/wordpress\/mann-nach-wohnungsbrand-in-georgensgmuend-verstorben\/\" title=\"Mann nach Wohnungsbrand in Georgensgm\u00fcnd verstorben\">[&#8230;]<\/a><\/p>\n<\/div>","protected":false},"author":1,"featured_media":50656,"comment_status":"open","ping_status":"open","sticky":false,"template":"","format":"standard","meta":{"_cbd_carousel_blocks":"[]","footnotes":""},"categories":[16,15],"tags":[4773,293,5372,543,296,527,981,401,713,3331,624],"class_list":{"0":"post-50655","1":"post","2":"type-post","3":"status-publish","4":"format-standard","5":"has-post-thumbnail","7":"category-aktuell","8":"category-polizeimeldungen","9":"tag-05-08-2018","10":"tag-brand","11":"tag-dachgeschosswohnung","12":"tag-feuer","13":"tag-feuerwehr","14":"tag-georgensgmuend","15":"tag-polizei","16":"tag-sachschaden","17":"tag-schaden","18":"tag-toter","19":"tag-wiesenstrasse"},"_links":{"self":[{"href":"https:\/\/www.region-schwabach.de\/wordpress\/wp-json\/wp\/v2\/posts\/50655","targetHints":{"allow":["GET"]}}],"collection":[{"href":"https:\/\/www.region-schwabach.de\/wordpress\/wp-json\/wp\/v2\/posts"}],"about":[{"href":"https:\/\/www.region-schwabach.de\/wordpress\/wp-json\/wp\/v2\/types\/post"}],"author":[{"embeddable":true,"href":"https:\/\/www.region-schwabach.de\/wordpress\/wp-json\/wp\/v2\/users\/1"}],"replies":[{"embeddable":true,"href":"https:\/\/www.region-schwabach.de\/wordpress\/wp-json\/wp\/v2\/comments?post=50655"}],"version-history":[{"count":0,"href":"https:\/\/www.region-schwabach.de\/wordpress\/wp-json\/wp\/v2\/posts\/50655\/revisions"}],"wp:featuredmedia":[{"embeddable":true,"href":"https:\/\/www.region-schwabach.de\/wordpress\/wp-json\/wp\/v2\/media\/50656"}],"wp:attachment":[{"href":"https:\/\/www.region-schwabach.de\/wordpress\/wp-json\/wp\/v2\/media?parent=50655"}],"wp:term":[{"taxonomy":"category","embeddable":true,"href":"https:\/\/www.region-schwabach.de\/wordpress\/wp-json\/wp\/v2\/categories?post=50655"},{"taxonomy":"post_tag","embeddable":true,"href":"https:\/\/www.region-schwabach.de\/wordpress\/wp-json\/wp\/v2\/tags?post=50655"}],"curies":[{"name":"wp","href":"https:\/\/api.w.org\/{rel}","templated":true}]}}