{"id":51220,"date":"2018-08-23T00:02:20","date_gmt":"2018-08-22T22:02:20","guid":{"rendered":"http:\/\/www.region-schwabach.de\/wordpress\/?p=51220"},"modified":"2018-08-22T22:18:04","modified_gmt":"2018-08-22T20:18:04","slug":"fantastische-flugobjekte-mit-der-kuenstlerin-ursula-roessner","status":"publish","type":"post","link":"https:\/\/www.region-schwabach.de\/wordpress\/fantastische-flugobjekte-mit-der-kuenstlerin-ursula-roessner\/","title":{"rendered":"\u201eFantastische Flugobjekte\u201c mit der K\u00fcnstlerin Ursula R\u00f6ssner"},"content":{"rendered":"\t\t<div data-elementor-type=\"wp-post\" data-elementor-id=\"51220\" class=\"elementor elementor-51220 elementor-bc-flex-widget\">\n\t\t\t\t\t\t<section class=\"elementor-section elementor-top-section elementor-element elementor-element-678181b elementor-section-boxed elementor-section-height-default elementor-section-height-default\" data-id=\"678181b\" data-element_type=\"section\">\n\t\t\t\t\t\t<div class=\"elementor-container elementor-column-gap-default\">\n\t\t\t\t\t<div class=\"elementor-column elementor-col-66 elementor-top-column elementor-element elementor-element-6b34026\" data-id=\"6b34026\" data-element_type=\"column\">\n\t\t\t<div class=\"elementor-widget-wrap elementor-element-populated\">\n\t\t\t\t\t\t<div class=\"elementor-element elementor-element-443ab98 elementor-widget elementor-widget-text-editor\" data-id=\"443ab98\" data-element_type=\"widget\" data-widget_type=\"text-editor.default\">\n\t\t\t\t<div class=\"elementor-widget-container\">\n\t\t\t\t\t\t\t<h3>Workshops am Donnerstag, 9. und 23. August 2018:<\/h3><h3>\u201eFantastische Flugobjekte\u201c mit der K\u00fcnstlerin Ursula R\u00f6ssner<\/h3><p>In einer Sonderausstellung befasst sich das Stadtmuseum mit dem K\u00fcnstlerbund Schwabach, der in diesem Jahr sein 70j\u00e4hriges Jubil\u00e4um feiern kann. Das wird zum Anlass genommen, um einen Blick zur\u00fcck auf die zeitgen\u00f6ssische Kunst seit 1948 zu werfen. Henri Matisse, Joan Mir\u00f3, Richard Lindner, Andy Warhol, Keith Haring, Friedensreich Hundertwasser und James Rizzi sind bekannte Namen, die bis heute die Kunstszenerie pr\u00e4gen. Angeregt von ihren Bildmotiven gestalten die Teilnehmer des Workshops fantasievolle Flugobjekte.<\/p><h3>Grundger\u00fcst aus Draht<\/h3><p>Aus Draht wird ein Grundger\u00fcst gebogen. Der K\u00f6rper einer \u201eLibelle\u201c z.B. wird aus festem Karton geschnitten und die Fl\u00fcgel mit Papier beklebt. Dann wird es im Wortsinn \u201eKunst-voll\u201c. Die Teilnehmer lassen sich nun von ihrem jeweiligen K\u00fcnstler inspirieren. Es wird gezeichnet, kleine Szenen werden gemalt, ausgeschnitten, die Flugwesen beklebt und fertiggestellt.<\/p><h3>Infos:<\/h3><p>Teilnehmen k\u00f6nnen Kinder ab 7 Jahren, die Termine sind Donnerstag, 9.8. und 23.8. jeweils von 14 bis 16:30 Uhr. Die Kosten betragen 5 Euro pro Kind, eine vorherige Anmeldung unter Telefon 09122-1854311 ist erforderlich.<\/p><p><strong>Bild (Ursula R\u00f6ssner):<\/strong> Fantastisches Flugobjekt<\/p>\t\t\t\t\t\t<\/div>\n\t\t\t\t<\/div>\n\t\t\t\t<div class=\"elementor-element elementor-element-0c834d7 elementor-widget-divider--view-line elementor-widget elementor-widget-divider\" data-id=\"0c834d7\" data-element_type=\"widget\" data-widget_type=\"divider.default\">\n\t\t\t\t<div class=\"elementor-widget-container\">\n\t\t\t\t\t<div class=\"elementor-divider\">\n\t\t\t<span class=\"elementor-divider-separator\">\n\t\t\t\t\t\t<\/span>\n\t\t<\/div>\n\t\t\t\t<\/div>\n\t\t\t\t<\/div>\n\t\t\t\t<div class=\"elementor-element elementor-element-325f51f elementor-widget elementor-widget-google_maps\" data-id=\"325f51f\" data-element_type=\"widget\" data-widget_type=\"google_maps.default\">\n\t\t\t\t<div class=\"elementor-widget-container\">\n\t\t\t\t\t<div class=\"elementor-custom-embed\">\n\t\t\t<iframe loading=\"lazy\"\n\t\t\t\t\tsrc=\"https:\/\/maps.google.com\/maps?q=Museumsstra%C3%9Fe%201%2C%20Schwabach%2C%20Deutschland&#038;t=m&#038;z=17&#038;output=embed&#038;iwloc=near\"\n\t\t\t\t\ttitle=\"Museumsstra\u00dfe 1, Schwabach, Deutschland\"\n\t\t\t\t\taria-label=\"Museumsstra\u00dfe 1, Schwabach, Deutschland\"\n\t\t\t><\/iframe>\n\t\t<\/div>\n\t\t\t\t<\/div>\n\t\t\t\t<\/div>\n\t\t\t\t\t<\/div>\n\t\t<\/div>\n\t\t\t\t<div class=\"elementor-column elementor-col-33 elementor-top-column elementor-element elementor-element-f645137\" data-id=\"f645137\" data-element_type=\"column\">\n\t\t\t<div class=\"elementor-widget-wrap elementor-element-populated\">\n\t\t\t\t\t\t<div class=\"elementor-element elementor-element-25043c1 elementor-widget elementor-widget-image\" data-id=\"25043c1\" data-element_type=\"widget\" data-widget_type=\"image.default\">\n\t\t\t\t<div class=\"elementor-widget-container\">\n\t\t\t\t\t\t\t\t\t\t\t\t\t<img fetchpriority=\"high\" decoding=\"async\" width=\"300\" height=\"300\" src=\"https:\/\/www.region-schwabach.de\/wordpress\/wp-content\/uploads\/2018\/04\/werbung1-300x300.png\" class=\"attachment-medium size-medium wp-image-35382\" alt=\"\" srcset=\"https:\/\/www.region-schwabach.de\/wordpress\/wp-content\/uploads\/2018\/04\/werbung1-300x300.png 300w, https:\/\/www.region-schwabach.de\/wordpress\/wp-content\/uploads\/2018\/04\/werbung1-150x150.png 150w, https:\/\/www.region-schwabach.de\/wordpress\/wp-content\/uploads\/2018\/04\/werbung1-768x768.png 768w, https:\/\/www.region-schwabach.de\/wordpress\/wp-content\/uploads\/2018\/04\/werbung1-1024x1024.png 1024w, https:\/\/www.region-schwabach.de\/wordpress\/wp-content\/uploads\/2018\/04\/werbung1.png 1200w\" sizes=\"(max-width: 300px) 100vw, 300px\" \/>\t\t\t\t\t\t\t\t\t\t\t\t\t<\/div>\n\t\t\t\t<\/div>\n\t\t\t\t\t<\/div>\n\t\t<\/div>\n\t\t\t\t\t<\/div>\n\t\t<\/section>\n\t\t\t\t<\/div>\n\t\t","protected":false},"excerpt":{"rendered":"<div class=\"mh-excerpt\"><p>Workshops am Donnerstag, 9. und 23. August 2018: \u201eFantastische Flugobjekte\u201c mit der K\u00fcnstlerin Ursula R\u00f6ssner In einer Sonderausstellung befasst sich das Stadtmuseum mit dem K\u00fcnstlerbund Schwabach, der in diesem Jahr sein 70j\u00e4hriges Jubil\u00e4um feiern kann. <a class=\"mh-excerpt-more\" href=\"https:\/\/www.region-schwabach.de\/wordpress\/fantastische-flugobjekte-mit-der-kuenstlerin-ursula-roessner\/\" title=\"\u201eFantastische Flugobjekte\u201c mit der K\u00fcnstlerin Ursula R\u00f6ssner\">[&#8230;]<\/a><\/p>\n<\/div>","protected":false},"author":1,"featured_media":51221,"comment_status":"open","ping_status":"open","sticky":false,"template":"","format":"standard","meta":{"_cbd_carousel_blocks":"[]","footnotes":""},"categories":[16,1,287,61,231],"tags":[5393,4777,5252,4813,5394,420,1480,19,3739,5395,5392],"class_list":{"0":"post-51220","1":"post","2":"type-post","3":"status-publish","4":"format-standard","5":"has-post-thumbnail","7":"category-aktuell","8":"category-allgemein","9":"category-jugend-und-familie","10":"category-rathaus","11":"category-veranstaltungsnews","12":"tag-fantastische-flugobjekte","13":"tag-09-08-2018","14":"tag-23-08-2018","15":"tag-kuenstlerbund","16":"tag-kuenstlerin","17":"tag-museumsstrasse","18":"tag-rathaus","19":"tag-schwabach","20":"tag-stadtmuseum","21":"tag-ursula-roessner","22":"tag-workshop"},"_links":{"self":[{"href":"https:\/\/www.region-schwabach.de\/wordpress\/wp-json\/wp\/v2\/posts\/51220","targetHints":{"allow":["GET"]}}],"collection":[{"href":"https:\/\/www.region-schwabach.de\/wordpress\/wp-json\/wp\/v2\/posts"}],"about":[{"href":"https:\/\/www.region-schwabach.de\/wordpress\/wp-json\/wp\/v2\/types\/post"}],"author":[{"embeddable":true,"href":"https:\/\/www.region-schwabach.de\/wordpress\/wp-json\/wp\/v2\/users\/1"}],"replies":[{"embeddable":true,"href":"https:\/\/www.region-schwabach.de\/wordpress\/wp-json\/wp\/v2\/comments?post=51220"}],"version-history":[{"count":0,"href":"https:\/\/www.region-schwabach.de\/wordpress\/wp-json\/wp\/v2\/posts\/51220\/revisions"}],"wp:featuredmedia":[{"embeddable":true,"href":"https:\/\/www.region-schwabach.de\/wordpress\/wp-json\/wp\/v2\/media\/51221"}],"wp:attachment":[{"href":"https:\/\/www.region-schwabach.de\/wordpress\/wp-json\/wp\/v2\/media?parent=51220"}],"wp:term":[{"taxonomy":"category","embeddable":true,"href":"https:\/\/www.region-schwabach.de\/wordpress\/wp-json\/wp\/v2\/categories?post=51220"},{"taxonomy":"post_tag","embeddable":true,"href":"https:\/\/www.region-schwabach.de\/wordpress\/wp-json\/wp\/v2\/tags?post=51220"}],"curies":[{"name":"wp","href":"https:\/\/api.w.org\/{rel}","templated":true}]}}