{"id":51278,"date":"2018-08-08T00:05:33","date_gmt":"2018-08-07T22:05:33","guid":{"rendered":"http:\/\/www.region-schwabach.de\/wordpress\/?p=51278"},"modified":"2018-08-07T12:33:36","modified_gmt":"2018-08-07T10:33:36","slug":"goldene-buergermedaille-fuer-dr-roland-oeser","status":"publish","type":"post","link":"https:\/\/www.region-schwabach.de\/wordpress\/goldene-buergermedaille-fuer-dr-roland-oeser\/","title":{"rendered":"Goldene B\u00fcrgermedaille f\u00fcr Dr. Roland Oeser"},"content":{"rendered":"\t\t<div data-elementor-type=\"wp-post\" data-elementor-id=\"51278\" class=\"elementor elementor-51278 elementor-bc-flex-widget\">\n\t\t\t\t\t\t<section class=\"elementor-section elementor-top-section elementor-element elementor-element-678181b elementor-section-boxed elementor-section-height-default elementor-section-height-default\" data-id=\"678181b\" data-element_type=\"section\">\n\t\t\t\t\t\t<div class=\"elementor-container elementor-column-gap-default\">\n\t\t\t\t\t<div class=\"elementor-column elementor-col-66 elementor-top-column elementor-element elementor-element-6b34026\" data-id=\"6b34026\" data-element_type=\"column\">\n\t\t\t<div class=\"elementor-widget-wrap elementor-element-populated\">\n\t\t\t\t\t\t<div class=\"elementor-element elementor-element-443ab98 elementor-widget elementor-widget-text-editor\" data-id=\"443ab98\" data-element_type=\"widget\" data-widget_type=\"text-editor.default\">\n\t\t\t\t<div class=\"elementor-widget-container\">\n\t\t\t\t\t\t\t<h3>Verleihung im Rahmen einer Feierstunde zum 70. Geburtstag:<br \/>Goldene B\u00fcrgermedaille f\u00fcr Dr. Roland Oeser<\/h3><p>\u201eSchon in der Schule habe ich Dich als engagierten, begeisterungsf\u00e4higen und\u00a0jederzeit offenen Menschen kennengelernt\u201c, lobte Oberb\u00fcrgermeister Matthias\u00a0Th\u00fcrauf seinen ehemaligen Lehrer Dr. Roland Oeser. Aus den H\u00e4nden des OB\u00a0erhielt Dr. Oeser im Rahmen einer Feier zu dessen 70. Geburtstag die\u00a0Goldene B\u00fcrgermedaille.<\/p><h3>Engagement in vielen Bereichen<\/h3><p>\u201eKulturb\u00fcrgermeister\u201c Dr. Oeser hat sich durch sein jahrzehntelanges,\u00a0engagiertes Wirken f\u00fcr Kultur, Umweltschutz und den gesellschaftlichen\u00a0Zusammenhalt in der Stadt Schwabach in au\u00dfergew\u00f6hnlichem Ma\u00dfe verdient\u00a0gemacht.<\/p><h3>Bewegtes Leben<\/h3><p>Seit 1996 ist Roland Oeser f\u00fcr die Gr\u00fcnen, die er in Schwabach\u00a0mitbegr\u00fcndete, Mitglied des Schwabacher Stadtrats. Im Mai 2008 wurde er\u00a0vom Stadtrat zum ehrenamtlichen 2. B\u00fcrgermeister gew\u00e4hlt. In seiner Amtszeit\u00a0wurde unter anderem die Laubh\u00fctte in der Ehemaligen Synagoge zu einem\u00a0Standort des J\u00fcdischen Museums ausgebaut.<\/p><h3>Einsatz f\u00fcr Umweltschutz und Fairen Handel<\/h3><p>Auch den pers\u00f6nlichen Einsatz f\u00fcr den Umweltschutz und f\u00fcr Fairen Handel in\u00a0Schwabach hob OB Th\u00fcrauf hervor. Bereits in den fr\u00fchen 1990-er Jahren hat\u00a0Oeser als Lehrer am AKG ein Modell-Projekt f\u00fcr die Installation von Solarzellen<br \/>auf einem Schuldach initiiert. F\u00fcr den Fairen Handel in Schwabach engagiert\u00a0sich Oeser ebenfalls seit einigen Jahren und hat die Anstrengungen daf\u00fcr,\u00a0dass Schwabach Fair-Trade-Town wurde, ma\u00dfgeblich unterst\u00fctzt. Auch f\u00fcr das\u00a0Car-Sharing und die Elektromobilit\u00e4t setzt sich B\u00fcrgermeister Dr. Oeser\u00a0konsequent ein.<\/p><h3>F\u00fcr Fl\u00fcchtlinge engagiert<\/h3><p>Zudem hat er sich mit seiner Familie schon in den 1990-er Jahren f\u00fcr\u00a0gefl\u00fcchtete Menschen eingesetzt, die in Schwabach ankamen. So hat er\u00a0selbst, der sich sehr im \u00d6kumenischen Friedenskreis Schwabach engagierte,\u00a0eine Familie aus Bosnien aufgenommen, zu der er heute noch\u00a0Kontakte pflegt.<\/p><p><strong>Foto (Stadt Schwabach):<\/strong> OB Matthias Th\u00fcrauf (rechts) und Gr\u00fcnen-<br \/>Fraktionsvorsitzender Klaus Neunhoeffer (links) gratulierten Dr. Roland Oeser<br \/>mit Frau Anne.<\/p>\t\t\t\t\t\t<\/div>\n\t\t\t\t<\/div>\n\t\t\t\t<div class=\"elementor-element elementor-element-2e07568 elementor-widget-divider--view-line elementor-widget elementor-widget-divider\" data-id=\"2e07568\" data-element_type=\"widget\" data-widget_type=\"divider.default\">\n\t\t\t\t<div class=\"elementor-widget-container\">\n\t\t\t\t\t<div class=\"elementor-divider\">\n\t\t\t<span class=\"elementor-divider-separator\">\n\t\t\t\t\t\t<\/span>\n\t\t<\/div>\n\t\t\t\t<\/div>\n\t\t\t\t<\/div>\n\t\t\t\t<div class=\"elementor-element elementor-element-a6b86d7 elementor-widget elementor-widget-google_maps\" data-id=\"a6b86d7\" data-element_type=\"widget\" data-widget_type=\"google_maps.default\">\n\t\t\t\t<div class=\"elementor-widget-container\">\n\t\t\t\t\t<div class=\"elementor-custom-embed\">\n\t\t\t<iframe loading=\"lazy\"\n\t\t\t\t\tsrc=\"https:\/\/maps.google.com\/maps?q=K%C3%B6niigsplatz%201%2C%20Schwabach%2C%20Deutschland&#038;t=m&#038;z=17&#038;output=embed&#038;iwloc=near\"\n\t\t\t\t\ttitle=\"K\u00f6niigsplatz 1, Schwabach, Deutschland\"\n\t\t\t\t\taria-label=\"K\u00f6niigsplatz 1, Schwabach, Deutschland\"\n\t\t\t><\/iframe>\n\t\t<\/div>\n\t\t\t\t<\/div>\n\t\t\t\t<\/div>\n\t\t\t\t\t<\/div>\n\t\t<\/div>\n\t\t\t\t<div class=\"elementor-column elementor-col-33 elementor-top-column elementor-element elementor-element-f645137\" data-id=\"f645137\" data-element_type=\"column\">\n\t\t\t<div class=\"elementor-widget-wrap elementor-element-populated\">\n\t\t\t\t\t\t<div class=\"elementor-element elementor-element-25043c1 elementor-widget elementor-widget-image\" data-id=\"25043c1\" data-element_type=\"widget\" data-widget_type=\"image.default\">\n\t\t\t\t<div class=\"elementor-widget-container\">\n\t\t\t\t\t\t\t\t\t\t\t\t\t<img fetchpriority=\"high\" decoding=\"async\" width=\"300\" height=\"300\" src=\"https:\/\/www.region-schwabach.de\/wordpress\/wp-content\/uploads\/2018\/04\/werbung1-300x300.png\" class=\"attachment-medium size-medium wp-image-35382\" alt=\"\" srcset=\"https:\/\/www.region-schwabach.de\/wordpress\/wp-content\/uploads\/2018\/04\/werbung1-300x300.png 300w, https:\/\/www.region-schwabach.de\/wordpress\/wp-content\/uploads\/2018\/04\/werbung1-150x150.png 150w, https:\/\/www.region-schwabach.de\/wordpress\/wp-content\/uploads\/2018\/04\/werbung1-768x768.png 768w, https:\/\/www.region-schwabach.de\/wordpress\/wp-content\/uploads\/2018\/04\/werbung1-1024x1024.png 1024w, https:\/\/www.region-schwabach.de\/wordpress\/wp-content\/uploads\/2018\/04\/werbung1.png 1200w\" sizes=\"(max-width: 300px) 100vw, 300px\" \/>\t\t\t\t\t\t\t\t\t\t\t\t\t<\/div>\n\t\t\t\t<\/div>\n\t\t\t\t\t<\/div>\n\t\t<\/div>\n\t\t\t\t\t<\/div>\n\t\t<\/section>\n\t\t\t\t<\/div>\n\t\t","protected":false},"excerpt":{"rendered":"<div class=\"mh-excerpt\"><p>Verleihung im Rahmen einer Feierstunde zum 70. Geburtstag: Goldene B\u00fcrgermedaille f\u00fcr Dr. Roland Oeser \u201eSchon in der Schule habe ich Dich als engagierten, begeisterungsf\u00e4higen und\u00a0jederzeit offenen Menschen kennengelernt\u201c, lobte Oberb\u00fcrgermeister Matthias\u00a0Th\u00fcrauf seinen ehemaligen Lehrer Dr. <a class=\"mh-excerpt-more\" href=\"https:\/\/www.region-schwabach.de\/wordpress\/goldene-buergermedaille-fuer-dr-roland-oeser\/\" title=\"Goldene B\u00fcrgermedaille f\u00fcr Dr. Roland Oeser\">[&#8230;]<\/a><\/p>\n<\/div>","protected":false},"author":1,"featured_media":51279,"comment_status":"open","ping_status":"open","sticky":false,"template":"","format":"standard","meta":{"_cbd_carousel_blocks":"[]","footnotes":""},"categories":[16,1,79,61,231],"tags":[5421,4878,200,3490,5423,5273,5422,5420,5269,1480,19],"class_list":{"0":"post-51278","1":"post","2":"type-post","3":"status-publish","4":"format-standard","5":"has-post-thumbnail","7":"category-aktuell","8":"category-allgemein","9":"category-politik","10":"category-rathaus","11":"category-veranstaltungsnews","12":"tag-70-geburtstag","13":"tag-august-2018","14":"tag-auszeichnung","15":"tag-buergermeister","16":"tag-dr-roland-oeser","17":"tag-ehrung","18":"tag-goldene-buergermedaille","19":"tag-matthias-thuerauf","20":"tag-oberbuergermeister","21":"tag-rathaus","22":"tag-schwabach"},"_links":{"self":[{"href":"https:\/\/www.region-schwabach.de\/wordpress\/wp-json\/wp\/v2\/posts\/51278","targetHints":{"allow":["GET"]}}],"collection":[{"href":"https:\/\/www.region-schwabach.de\/wordpress\/wp-json\/wp\/v2\/posts"}],"about":[{"href":"https:\/\/www.region-schwabach.de\/wordpress\/wp-json\/wp\/v2\/types\/post"}],"author":[{"embeddable":true,"href":"https:\/\/www.region-schwabach.de\/wordpress\/wp-json\/wp\/v2\/users\/1"}],"replies":[{"embeddable":true,"href":"https:\/\/www.region-schwabach.de\/wordpress\/wp-json\/wp\/v2\/comments?post=51278"}],"version-history":[{"count":0,"href":"https:\/\/www.region-schwabach.de\/wordpress\/wp-json\/wp\/v2\/posts\/51278\/revisions"}],"wp:featuredmedia":[{"embeddable":true,"href":"https:\/\/www.region-schwabach.de\/wordpress\/wp-json\/wp\/v2\/media\/51279"}],"wp:attachment":[{"href":"https:\/\/www.region-schwabach.de\/wordpress\/wp-json\/wp\/v2\/media?parent=51278"}],"wp:term":[{"taxonomy":"category","embeddable":true,"href":"https:\/\/www.region-schwabach.de\/wordpress\/wp-json\/wp\/v2\/categories?post=51278"},{"taxonomy":"post_tag","embeddable":true,"href":"https:\/\/www.region-schwabach.de\/wordpress\/wp-json\/wp\/v2\/tags?post=51278"}],"curies":[{"name":"wp","href":"https:\/\/api.w.org\/{rel}","templated":true}]}}