{"id":51283,"date":"2018-08-15T00:02:26","date_gmt":"2018-08-14T22:02:26","guid":{"rendered":"http:\/\/www.region-schwabach.de\/wordpress\/?p=51283"},"modified":"2018-08-14T22:57:32","modified_gmt":"2018-08-14T20:57:32","slug":"stadtwerke-schwabach-laden-zur-schaumigen-beachparty-ins-parkbad-ein","status":"publish","type":"post","link":"https:\/\/www.region-schwabach.de\/wordpress\/stadtwerke-schwabach-laden-zur-schaumigen-beachparty-ins-parkbad-ein\/","title":{"rendered":"Stadtwerke Schwabach laden zur schaumigen Beachparty ins Parkbad ein"},"content":{"rendered":"\t\t<div data-elementor-type=\"wp-post\" data-elementor-id=\"51283\" class=\"elementor elementor-51283 elementor-bc-flex-widget\">\n\t\t\t\t\t\t<section class=\"elementor-section elementor-top-section elementor-element elementor-element-678181b elementor-section-boxed elementor-section-height-default elementor-section-height-default\" data-id=\"678181b\" data-element_type=\"section\">\n\t\t\t\t\t\t<div class=\"elementor-container elementor-column-gap-default\">\n\t\t\t\t\t<div class=\"elementor-column elementor-col-66 elementor-top-column elementor-element elementor-element-6b34026\" data-id=\"6b34026\" data-element_type=\"column\">\n\t\t\t<div class=\"elementor-widget-wrap elementor-element-populated\">\n\t\t\t\t\t\t<div class=\"elementor-element elementor-element-443ab98 elementor-widget elementor-widget-text-editor\" data-id=\"443ab98\" data-element_type=\"widget\" data-widget_type=\"text-editor.default\">\n\t\t\t\t<div class=\"elementor-widget-container\">\n\t\t\t\t\t\t\t<h3><strong>Spa\u00df f\u00fcr Schaumschl\u00e4ger: Parkbad-Beachparty steigt am 15. August 2018<\/strong><\/h3><h3>Ferienprogramm f\u00fcr Kinder und Jugendliche mit Schaumkanone, Spielen und mehr<\/h3><p>Sommerferien und alle Freunde sind im Urlaub? Kein Problem. Auch in Schwabach kann man Spa\u00df haben. Die Stadtwerke veranstalten am 15. August von 14 bis 20 Uhr f\u00fcr alle Daheimgebliebenen eine gro\u00dfe Beachparty im Parkbad. Das Abenteuer f\u00fcr Kinder und Jugendliche ist im Eintrittspreis inbegriffen.<\/p><h3><strong>Schaumkanone und Spiele<\/strong><\/h3><p>Das erwartet die Besucher: ein buntes Animationsprogramm mit Wasserspielen, aufblasbaren Ger\u00e4ten, Luftballons, einer Wasserkrake, Unterhaltungsmusik vom DJ und vieles mehr. Absoluter H\u00f6hepunkt ist die Schaumkanone. Regelm\u00e4\u00dfig werden die Badeg\u00e4ste eingeseift \u201eBei vergangenen Veranstaltungen war die Schaumkanone immer ein Riesenspa\u00df f\u00fcr alle Beteiligten\u201c, so Dominik Vasen von der Firma B\u00e4dercoach B\u00e4derbetriebe aus Schwabach, Partner der Parkbad Beachparty.<\/p><h3><strong>Freikarten f\u00fcr Bonuskunden<\/strong><\/h3><p>Eine gute Nachricht f\u00fcr Stromkunden der Stadtwerke, die sich in der Bonuswelt registriert haben: Sie haben die Chance, f\u00fcnf Familienkarten (2 Erwachsene, 2 Kinder) f\u00fcr das Schaum-Abenteuer im Parkbad zu gewinnen. Einfach reinklicken: www.stadtwerke-schwabach.plusservices.de. Impressionen von einer Beachparty gibt es hier: www.instagram.com\/baedercoach.<\/p><p><strong>Bildunterzeile (Foto: B\u00e4dercoach B\u00e4derbetriebe GmbH):\u00a0<\/strong>Riesenspa\u00df: Die Schaumkanone kommt am 15. August ins Parkbad<\/p><h3>Weiterf\u00fchrende Links:<\/h3><p><a href=\"https:\/\/www.stadtwerke-schwabach.de\/Baeder\/Parkbad-Schwabach\/\" target=\"_blank\" rel=\"noopener\">Zur Homepage vom Parkbad Schwabach geht&#8217;s hier &#8230;<\/a><\/p>\t\t\t\t\t\t<\/div>\n\t\t\t\t<\/div>\n\t\t\t\t<div class=\"elementor-element elementor-element-0c834d7 elementor-widget-divider--view-line elementor-widget elementor-widget-divider\" data-id=\"0c834d7\" data-element_type=\"widget\" data-widget_type=\"divider.default\">\n\t\t\t\t<div class=\"elementor-widget-container\">\n\t\t\t\t\t<div class=\"elementor-divider\">\n\t\t\t<span class=\"elementor-divider-separator\">\n\t\t\t\t\t\t<\/span>\n\t\t<\/div>\n\t\t\t\t<\/div>\n\t\t\t\t<\/div>\n\t\t\t\t<div class=\"elementor-element elementor-element-d08c758 elementor-widget elementor-widget-google_maps\" data-id=\"d08c758\" data-element_type=\"widget\" data-widget_type=\"google_maps.default\">\n\t\t\t\t<div class=\"elementor-widget-container\">\n\t\t\t\t\t<div class=\"elementor-custom-embed\">\n\t\t\t<iframe loading=\"lazy\"\n\t\t\t\t\tsrc=\"https:\/\/maps.google.com\/maps?q=49.324095%2C%2011.033138&#038;t=m&#038;z=16&#038;output=embed&#038;iwloc=near\"\n\t\t\t\t\ttitle=\"49.324095, 11.033138\"\n\t\t\t\t\taria-label=\"49.324095, 11.033138\"\n\t\t\t><\/iframe>\n\t\t<\/div>\n\t\t\t\t<\/div>\n\t\t\t\t<\/div>\n\t\t\t\t\t<\/div>\n\t\t<\/div>\n\t\t\t\t<div class=\"elementor-column elementor-col-33 elementor-top-column elementor-element elementor-element-f645137\" data-id=\"f645137\" data-element_type=\"column\">\n\t\t\t<div class=\"elementor-widget-wrap elementor-element-populated\">\n\t\t\t\t\t\t<div class=\"elementor-element elementor-element-25043c1 elementor-widget elementor-widget-image\" data-id=\"25043c1\" data-element_type=\"widget\" data-widget_type=\"image.default\">\n\t\t\t\t<div class=\"elementor-widget-container\">\n\t\t\t\t\t\t\t\t\t\t\t\t\t<img fetchpriority=\"high\" decoding=\"async\" width=\"300\" height=\"300\" src=\"https:\/\/www.region-schwabach.de\/wordpress\/wp-content\/uploads\/2018\/04\/werbung1-300x300.png\" class=\"attachment-medium size-medium wp-image-35382\" alt=\"\" srcset=\"https:\/\/www.region-schwabach.de\/wordpress\/wp-content\/uploads\/2018\/04\/werbung1-300x300.png 300w, https:\/\/www.region-schwabach.de\/wordpress\/wp-content\/uploads\/2018\/04\/werbung1-150x150.png 150w, https:\/\/www.region-schwabach.de\/wordpress\/wp-content\/uploads\/2018\/04\/werbung1-768x768.png 768w, https:\/\/www.region-schwabach.de\/wordpress\/wp-content\/uploads\/2018\/04\/werbung1-1024x1024.png 1024w, https:\/\/www.region-schwabach.de\/wordpress\/wp-content\/uploads\/2018\/04\/werbung1.png 1200w\" sizes=\"(max-width: 300px) 100vw, 300px\" \/>\t\t\t\t\t\t\t\t\t\t\t\t\t<\/div>\n\t\t\t\t<\/div>\n\t\t\t\t\t<\/div>\n\t\t<\/div>\n\t\t\t\t\t<\/div>\n\t\t<\/section>\n\t\t\t\t<\/div>\n\t\t","protected":false},"excerpt":{"rendered":"<div class=\"mh-excerpt\"><p>Spa\u00df f\u00fcr Schaumschl\u00e4ger: Parkbad-Beachparty steigt am 15. August 2018 Ferienprogramm f\u00fcr Kinder und Jugendliche mit Schaumkanone, Spielen und mehr Sommerferien und alle Freunde sind im Urlaub? Kein Problem. Auch in Schwabach kann man Spa\u00df haben. <a class=\"mh-excerpt-more\" href=\"https:\/\/www.region-schwabach.de\/wordpress\/stadtwerke-schwabach-laden-zur-schaumigen-beachparty-ins-parkbad-ein\/\" title=\"Stadtwerke Schwabach laden zur schaumigen Beachparty ins Parkbad ein\">[&#8230;]<\/a><\/p>\n<\/div>","protected":false},"author":1,"featured_media":51284,"comment_status":"open","ping_status":"open","sticky":false,"template":"","format":"standard","meta":{"_cbd_carousel_blocks":"[]","footnotes":""},"categories":[16,1,79,61,231,46],"tags":[4778,941,5424,488,1126,2546,1480,5425,19,4477],"class_list":{"0":"post-51283","1":"post","2":"type-post","3":"status-publish","4":"format-standard","5":"has-post-thumbnail","7":"category-aktuell","8":"category-allgemein","9":"category-politik","10":"category-rathaus","11":"category-veranstaltungsnews","12":"category-verbaende","13":"tag-15-08-2018","14":"tag-angerstrasse","15":"tag-ferienprogramm","16":"tag-jugendliche","17":"tag-kinder","18":"tag-parkbad","19":"tag-rathaus","20":"tag-schaumige-beachparty","21":"tag-schwabach","22":"tag-stadtwerke"},"_links":{"self":[{"href":"https:\/\/www.region-schwabach.de\/wordpress\/wp-json\/wp\/v2\/posts\/51283","targetHints":{"allow":["GET"]}}],"collection":[{"href":"https:\/\/www.region-schwabach.de\/wordpress\/wp-json\/wp\/v2\/posts"}],"about":[{"href":"https:\/\/www.region-schwabach.de\/wordpress\/wp-json\/wp\/v2\/types\/post"}],"author":[{"embeddable":true,"href":"https:\/\/www.region-schwabach.de\/wordpress\/wp-json\/wp\/v2\/users\/1"}],"replies":[{"embeddable":true,"href":"https:\/\/www.region-schwabach.de\/wordpress\/wp-json\/wp\/v2\/comments?post=51283"}],"version-history":[{"count":0,"href":"https:\/\/www.region-schwabach.de\/wordpress\/wp-json\/wp\/v2\/posts\/51283\/revisions"}],"wp:featuredmedia":[{"embeddable":true,"href":"https:\/\/www.region-schwabach.de\/wordpress\/wp-json\/wp\/v2\/media\/51284"}],"wp:attachment":[{"href":"https:\/\/www.region-schwabach.de\/wordpress\/wp-json\/wp\/v2\/media?parent=51283"}],"wp:term":[{"taxonomy":"category","embeddable":true,"href":"https:\/\/www.region-schwabach.de\/wordpress\/wp-json\/wp\/v2\/categories?post=51283"},{"taxonomy":"post_tag","embeddable":true,"href":"https:\/\/www.region-schwabach.de\/wordpress\/wp-json\/wp\/v2\/tags?post=51283"}],"curies":[{"name":"wp","href":"https:\/\/api.w.org\/{rel}","templated":true}]}}