{"id":51354,"date":"2018-08-08T17:41:42","date_gmt":"2018-08-08T15:41:42","guid":{"rendered":"http:\/\/www.region-schwabach.de\/wordpress\/?p=51354"},"modified":"2018-08-08T17:47:47","modified_gmt":"2018-08-08T15:47:47","slug":"august-september-ausgabe-stadtblick-erscheint-heute","status":"publish","type":"post","link":"https:\/\/www.region-schwabach.de\/wordpress\/august-september-ausgabe-stadtblick-erscheint-heute\/","title":{"rendered":"August\/September-Ausgabe &#8222;Stadtblick&#8220; erscheint heute"},"content":{"rendered":"\t\t<div data-elementor-type=\"wp-post\" data-elementor-id=\"51354\" class=\"elementor elementor-51354 elementor-bc-flex-widget\">\n\t\t\t\t\t\t<section class=\"elementor-section elementor-top-section elementor-element elementor-element-678181b elementor-section-boxed elementor-section-height-default elementor-section-height-default\" data-id=\"678181b\" data-element_type=\"section\">\n\t\t\t\t\t\t<div class=\"elementor-container elementor-column-gap-default\">\n\t\t\t\t\t<div class=\"elementor-column elementor-col-66 elementor-top-column elementor-element elementor-element-6b34026\" data-id=\"6b34026\" data-element_type=\"column\">\n\t\t\t<div class=\"elementor-widget-wrap elementor-element-populated\">\n\t\t\t\t\t\t<div class=\"elementor-element elementor-element-443ab98 elementor-widget elementor-widget-text-editor\" data-id=\"443ab98\" data-element_type=\"widget\" data-widget_type=\"text-editor.default\">\n\t\t\t\t<div class=\"elementor-widget-container\">\n\t\t\t\t\t\t\t<p>Schwabach &#8211; Am Mittwoch, den 08.08.2018 wird allen B\u00fcrgerinnen und B\u00fcrgern die August\/September-Ausgabe &#8222;Stadtblick&#8220; &#8211; dem Magazin der Stadt Schwabach &#8211; zugestellt.<\/p><p>Die Themen in dieser Ausgabe sind diesmal unter anderem:<\/p><ul><li>Neues Hallenbad in Schwabach<\/li><li>Lesart-Programm steht, Vorverkauf ab 5. Oktober<\/li><li>B\u00fcrgermeister Dr. Roland Oeser erh\u00e4lt Goldene B\u00fcrgermedaille<\/li><li>200 Spendenschwimmer knacken den Bahnenrekord von 2015<\/li><li>Neues Programm der Stadtbibliothek begeistert Vorschulkinder<\/li><\/ul><p><strong>Achtung:<\/strong>\u00a0Auf der Titelseite hat der Drucfehlerteufel zugeschlagen. Dort hei\u00dft es: &#8222;LesArt &#8211; Vorverkauf l\u00e4uft&#8220; &#8211; richtig mu\u00df es hei\u00dfen &#8222;LesArt-Vorverkauf l\u00e4uft ab 5. Oktober&#8220;.<\/p><p><strong>Die n\u00e4chste Ausgabe erscheint am 10. Oktober<\/strong><\/p><p>Wer die Ausgabe &#8211; mit Aktuellem und Wissenswertem aus Schwabach &#8211; nicht erhalten hat, wendet sich bitte unter der Tel. 0911 2162777 an den Verlag N\u00fcrnberger Presse.<\/p><h3>Weiterf\u00fchrende Links:<\/h3><p><a href=\"https:\/\/www.schwabach.de\/images\/referate\/presseamt\/stadtblick_2018\/sb_augsep18_master_03-08-2018_gesamt_final_web.pdf\" target=\"_blank\" rel=\"noopener\">Als PDF-File kann man sich die August\/September-Ausgabe hier herunterladen &#8230;\u00a0<\/a><\/p>\t\t\t\t\t\t<\/div>\n\t\t\t\t<\/div>\n\t\t\t\t\t<\/div>\n\t\t<\/div>\n\t\t\t\t<div class=\"elementor-column elementor-col-33 elementor-top-column elementor-element elementor-element-f645137\" data-id=\"f645137\" data-element_type=\"column\">\n\t\t\t<div class=\"elementor-widget-wrap elementor-element-populated\">\n\t\t\t\t\t\t<div class=\"elementor-element elementor-element-25043c1 elementor-widget elementor-widget-image\" data-id=\"25043c1\" data-element_type=\"widget\" data-widget_type=\"image.default\">\n\t\t\t\t<div class=\"elementor-widget-container\">\n\t\t\t\t\t\t\t\t\t\t\t\t\t<img fetchpriority=\"high\" decoding=\"async\" width=\"300\" height=\"300\" src=\"https:\/\/www.region-schwabach.de\/wordpress\/wp-content\/uploads\/2018\/04\/werbung1-300x300.png\" class=\"attachment-medium size-medium wp-image-35382\" alt=\"\" srcset=\"https:\/\/www.region-schwabach.de\/wordpress\/wp-content\/uploads\/2018\/04\/werbung1-300x300.png 300w, https:\/\/www.region-schwabach.de\/wordpress\/wp-content\/uploads\/2018\/04\/werbung1-150x150.png 150w, https:\/\/www.region-schwabach.de\/wordpress\/wp-content\/uploads\/2018\/04\/werbung1-768x768.png 768w, https:\/\/www.region-schwabach.de\/wordpress\/wp-content\/uploads\/2018\/04\/werbung1-1024x1024.png 1024w, https:\/\/www.region-schwabach.de\/wordpress\/wp-content\/uploads\/2018\/04\/werbung1.png 1200w\" sizes=\"(max-width: 300px) 100vw, 300px\" \/>\t\t\t\t\t\t\t\t\t\t\t\t\t<\/div>\n\t\t\t\t<\/div>\n\t\t\t\t\t<\/div>\n\t\t<\/div>\n\t\t\t\t\t<\/div>\n\t\t<\/section>\n\t\t\t\t<\/div>\n\t\t","protected":false},"excerpt":{"rendered":"<div class=\"mh-excerpt\"><p>Schwabach &#8211; Am Mittwoch, den 08.08.2018 wird allen B\u00fcrgerinnen und B\u00fcrgern die August\/September-Ausgabe &#8222;Stadtblick&#8220; &#8211; dem Magazin der Stadt Schwabach &#8211; zugestellt. Die Themen in dieser Ausgabe sind diesmal unter anderem: Neues Hallenbad in Schwabach <a class=\"mh-excerpt-more\" href=\"https:\/\/www.region-schwabach.de\/wordpress\/august-september-ausgabe-stadtblick-erscheint-heute\/\" title=\"August\/September-Ausgabe &#8222;Stadtblick&#8220; erscheint heute\">[&#8230;]<\/a><\/p>\n<\/div>","protected":false},"author":1,"featured_media":51355,"comment_status":"open","ping_status":"open","sticky":false,"template":"","format":"standard","meta":{"_cbd_carousel_blocks":"[]","footnotes":""},"categories":[16,1,61],"tags":[4776,3527,5461,4946,19,3529,3528],"class_list":{"0":"post-51354","1":"post","2":"type-post","3":"status-publish","4":"format-standard","5":"has-post-thumbnail","7":"category-aktuell","8":"category-allgemein","9":"category-rathaus","10":"tag-08-08-2018","11":"tag-aktuelles","12":"tag-august-september-ausgabe","13":"tag-juli-ausgabe","14":"tag-schwabach","15":"tag-stadtblick","16":"tag-wissenswertes"},"_links":{"self":[{"href":"https:\/\/www.region-schwabach.de\/wordpress\/wp-json\/wp\/v2\/posts\/51354","targetHints":{"allow":["GET"]}}],"collection":[{"href":"https:\/\/www.region-schwabach.de\/wordpress\/wp-json\/wp\/v2\/posts"}],"about":[{"href":"https:\/\/www.region-schwabach.de\/wordpress\/wp-json\/wp\/v2\/types\/post"}],"author":[{"embeddable":true,"href":"https:\/\/www.region-schwabach.de\/wordpress\/wp-json\/wp\/v2\/users\/1"}],"replies":[{"embeddable":true,"href":"https:\/\/www.region-schwabach.de\/wordpress\/wp-json\/wp\/v2\/comments?post=51354"}],"version-history":[{"count":0,"href":"https:\/\/www.region-schwabach.de\/wordpress\/wp-json\/wp\/v2\/posts\/51354\/revisions"}],"wp:featuredmedia":[{"embeddable":true,"href":"https:\/\/www.region-schwabach.de\/wordpress\/wp-json\/wp\/v2\/media\/51355"}],"wp:attachment":[{"href":"https:\/\/www.region-schwabach.de\/wordpress\/wp-json\/wp\/v2\/media?parent=51354"}],"wp:term":[{"taxonomy":"category","embeddable":true,"href":"https:\/\/www.region-schwabach.de\/wordpress\/wp-json\/wp\/v2\/categories?post=51354"},{"taxonomy":"post_tag","embeddable":true,"href":"https:\/\/www.region-schwabach.de\/wordpress\/wp-json\/wp\/v2\/tags?post=51354"}],"curies":[{"name":"wp","href":"https:\/\/api.w.org\/{rel}","templated":true}]}}