{"id":51826,"date":"2018-08-12T09:37:14","date_gmt":"2018-08-12T07:37:14","guid":{"rendered":"http:\/\/www.region-schwabach.de\/wordpress\/?p=51826"},"modified":"2018-08-12T09:50:12","modified_gmt":"2018-08-12T07:50:12","slug":"schwerer-badeunfall-am-wallesauer-weiher","status":"publish","type":"post","link":"https:\/\/www.region-schwabach.de\/wordpress\/schwerer-badeunfall-am-wallesauer-weiher\/","title":{"rendered":"Schwerer Badeunfall am Wallesauer Weiher"},"content":{"rendered":"\t\t<div data-elementor-type=\"wp-post\" data-elementor-id=\"51826\" class=\"elementor elementor-51826 elementor-bc-flex-widget\">\n\t\t\t\t\t\t<section class=\"elementor-section elementor-top-section elementor-element elementor-element-1cuv9jr elementor-section-boxed elementor-section-height-default elementor-section-height-default\" data-id=\"1cuv9jr\" data-element_type=\"section\">\n\t\t\t\t\t\t<div class=\"elementor-container elementor-column-gap-default\">\n\t\t\t\t\t<div class=\"elementor-column elementor-col-66 elementor-top-column elementor-element elementor-element-q5zak7b\" data-id=\"q5zak7b\" data-element_type=\"column\">\n\t\t\t<div class=\"elementor-widget-wrap elementor-element-populated\">\n\t\t\t\t\t\t<div class=\"elementor-element elementor-element-a4daeae elementor-widget elementor-widget-text-editor\" data-id=\"a4daeae\" data-element_type=\"widget\" data-widget_type=\"text-editor.default\">\n\t\t\t\t<div class=\"elementor-widget-container\">\n\t\t\t\t\t\t\t<h3 class=\"story-headline\"><strong>Kopfsprung mit fatalen Folgen<\/strong><\/h3><div class=\"grid-row\"><div class=\"grid-col-3\"><div class=\"story-meta\"><p>Hilpoltstein\/Wallesau &#8211; Am Samstagmorgen, den 11.08.2018, suchte ein 25-j\u00e4hriger Badegast\u00a0am Campingplatz des Wallesauer Weihers eine Abk\u00fchlung im See, und sprang deshalb vom dortigen Holzsteg mit einem Kopfsprung ins tr\u00fcbe, seichte Wasser, wo er vermutlich mit dem Kopf am Boden aufschlug.<\/p><h3>Verungl\u00fcckter mu\u00dfte reanimiert werden<\/h3><p>Sein Bruder, der den Vorfall beobachtet hatte, erkannte die bedrohliche Situation gl\u00fccklicherweise sofort, und zog den inzwischen bewusstlosen jungen Mann ans rettende Ufer, wo er vom\u00a0kurze Zeit sp\u00e4ter eintreffenden Rettungsdienst reanimiert werden konnte, und anschlie\u00dfend schwer verletzt ins Klinikum nach N\u00fcrnberg gebracht wurde.<\/p><\/div><\/div><\/div>\t\t\t\t\t\t<\/div>\n\t\t\t\t<\/div>\n\t\t\t\t<div class=\"elementor-element elementor-element-ace1283 elementor-widget-divider--view-line elementor-widget elementor-widget-divider\" data-id=\"ace1283\" data-element_type=\"widget\" data-widget_type=\"divider.default\">\n\t\t\t\t<div class=\"elementor-widget-container\">\n\t\t\t\t\t<div class=\"elementor-divider\">\n\t\t\t<span class=\"elementor-divider-separator\">\n\t\t\t\t\t\t<\/span>\n\t\t<\/div>\n\t\t\t\t<\/div>\n\t\t\t\t<\/div>\n\t\t\t\t<div class=\"elementor-element elementor-element-1l7zbzo elementor-widget elementor-widget-google_maps\" data-id=\"1l7zbzo\" data-element_type=\"widget\" data-widget_type=\"google_maps.default\">\n\t\t\t\t<div class=\"elementor-widget-container\">\n\t\t\t\t\t<div class=\"elementor-custom-embed\">\n\t\t\t<iframe loading=\"lazy\"\n\t\t\t\t\tsrc=\"https:\/\/maps.google.com\/maps?q=Badstra%C3%9Fe%2037%2C%20Roth%2C%20Deutschland&#038;t=m&#038;z=15&#038;output=embed&#038;iwloc=near\"\n\t\t\t\t\ttitle=\"Badstra\u00dfe 37, Roth, Deutschland\"\n\t\t\t\t\taria-label=\"Badstra\u00dfe 37, Roth, Deutschland\"\n\t\t\t><\/iframe>\n\t\t<\/div>\n\t\t\t\t<\/div>\n\t\t\t\t<\/div>\n\t\t\t\t\t<\/div>\n\t\t<\/div>\n\t\t\t\t<div class=\"elementor-column elementor-col-33 elementor-top-column elementor-element elementor-element-0w0urt1\" data-id=\"0w0urt1\" data-element_type=\"column\">\n\t\t\t<div class=\"elementor-widget-wrap elementor-element-populated\">\n\t\t\t\t\t\t<div class=\"elementor-element elementor-element-mo6nk5i elementor-widget elementor-widget-image\" data-id=\"mo6nk5i\" data-element_type=\"widget\" data-widget_type=\"image.default\">\n\t\t\t\t<div class=\"elementor-widget-container\">\n\t\t\t\t\t\t\t\t\t\t\t\t\t\t<a href=\"http:\/\/www.region-schwabach.de\/wordpress\/werben-auf-region-schwabach\/\" target=\"_blank\">\n\t\t\t\t\t\t\t<img fetchpriority=\"high\" decoding=\"async\" width=\"1024\" height=\"1024\" src=\"https:\/\/www.region-schwabach.de\/wordpress\/wp-content\/uploads\/2017\/06\/werbung8-1024x1024.png\" class=\"attachment-large size-large wp-image-2484\" alt=\"\" srcset=\"https:\/\/www.region-schwabach.de\/wordpress\/wp-content\/uploads\/2017\/06\/werbung8-1024x1024.png 1024w, https:\/\/www.region-schwabach.de\/wordpress\/wp-content\/uploads\/2017\/06\/werbung8-150x150.png 150w, https:\/\/www.region-schwabach.de\/wordpress\/wp-content\/uploads\/2017\/06\/werbung8-300x300.png 300w, https:\/\/www.region-schwabach.de\/wordpress\/wp-content\/uploads\/2017\/06\/werbung8-768x768.png 768w, https:\/\/www.region-schwabach.de\/wordpress\/wp-content\/uploads\/2017\/06\/werbung8-600x600.png 600w, https:\/\/www.region-schwabach.de\/wordpress\/wp-content\/uploads\/2017\/06\/werbung8.png 1200w\" sizes=\"(max-width: 1024px) 100vw, 1024px\" \/>\t\t\t\t\t\t\t\t<\/a>\n\t\t\t\t\t\t\t\t\t\t\t\t\t<\/div>\n\t\t\t\t<\/div>\n\t\t\t\t\t<\/div>\n\t\t<\/div>\n\t\t\t\t\t<\/div>\n\t\t<\/section>\n\t\t\t\t<\/div>\n\t\t","protected":false},"excerpt":{"rendered":"<div class=\"mh-excerpt\"><p>Kopfsprung mit fatalen Folgen Hilpoltstein\/Wallesau &#8211; Am Samstagmorgen, den 11.08.2018, suchte ein 25-j\u00e4hriger Badegast\u00a0am Campingplatz des Wallesauer Weihers eine Abk\u00fchlung im See, und sprang deshalb vom dortigen Holzsteg mit einem Kopfsprung ins tr\u00fcbe, seichte Wasser, <a class=\"mh-excerpt-more\" href=\"https:\/\/www.region-schwabach.de\/wordpress\/schwerer-badeunfall-am-wallesauer-weiher\/\" title=\"Schwerer Badeunfall am Wallesauer Weiher\">[&#8230;]<\/a><\/p>\n<\/div>","protected":false},"author":1,"featured_media":51827,"comment_status":"open","ping_status":"open","sticky":false,"template":"","format":"standard","meta":{"_cbd_carousel_blocks":"[]","footnotes":""},"categories":[15],"tags":[4186,5491,4628,297,5493,5492,1856,981,1327,1154,3925],"class_list":{"0":"post-51826","1":"post","2":"type-post","3":"status-publish","4":"format-standard","5":"has-post-thumbnail","7":"category-polizeimeldungen","8":"tag-11-08-2018","9":"tag-badeunfall","10":"tag-campingplatz","11":"tag-hilpoltstein","12":"tag-holzsteg","13":"tag-kopfsprung","14":"tag-krankenhaus","15":"tag-polizei","16":"tag-schwer-verletzt","17":"tag-wallesau","18":"tag-weiher"},"_links":{"self":[{"href":"https:\/\/www.region-schwabach.de\/wordpress\/wp-json\/wp\/v2\/posts\/51826","targetHints":{"allow":["GET"]}}],"collection":[{"href":"https:\/\/www.region-schwabach.de\/wordpress\/wp-json\/wp\/v2\/posts"}],"about":[{"href":"https:\/\/www.region-schwabach.de\/wordpress\/wp-json\/wp\/v2\/types\/post"}],"author":[{"embeddable":true,"href":"https:\/\/www.region-schwabach.de\/wordpress\/wp-json\/wp\/v2\/users\/1"}],"replies":[{"embeddable":true,"href":"https:\/\/www.region-schwabach.de\/wordpress\/wp-json\/wp\/v2\/comments?post=51826"}],"version-history":[{"count":0,"href":"https:\/\/www.region-schwabach.de\/wordpress\/wp-json\/wp\/v2\/posts\/51826\/revisions"}],"wp:featuredmedia":[{"embeddable":true,"href":"https:\/\/www.region-schwabach.de\/wordpress\/wp-json\/wp\/v2\/media\/51827"}],"wp:attachment":[{"href":"https:\/\/www.region-schwabach.de\/wordpress\/wp-json\/wp\/v2\/media?parent=51826"}],"wp:term":[{"taxonomy":"category","embeddable":true,"href":"https:\/\/www.region-schwabach.de\/wordpress\/wp-json\/wp\/v2\/categories?post=51826"},{"taxonomy":"post_tag","embeddable":true,"href":"https:\/\/www.region-schwabach.de\/wordpress\/wp-json\/wp\/v2\/tags?post=51826"}],"curies":[{"name":"wp","href":"https:\/\/api.w.org\/{rel}","templated":true}]}}