{"id":51870,"date":"2018-08-21T00:02:36","date_gmt":"2018-08-20T22:02:36","guid":{"rendered":"http:\/\/www.region-schwabach.de\/wordpress\/?p=51870"},"modified":"2018-08-21T00:02:38","modified_gmt":"2018-08-20T22:02:38","slug":"programm-der-sommerakademie-am-dienstag-den-21-08-2018","status":"publish","type":"post","link":"https:\/\/www.region-schwabach.de\/wordpress\/programm-der-sommerakademie-am-dienstag-den-21-08-2018\/","title":{"rendered":"Programm der Sommerakademie am Dienstag, den 21.08.2018"},"content":{"rendered":"\t\t<div data-elementor-type=\"wp-post\" data-elementor-id=\"51870\" class=\"elementor elementor-51870 elementor-bc-flex-widget\">\n\t\t\t\t\t\t<section class=\"elementor-section elementor-top-section elementor-element elementor-element-678181b elementor-section-boxed elementor-section-height-default elementor-section-height-default\" data-id=\"678181b\" data-element_type=\"section\">\n\t\t\t\t\t\t<div class=\"elementor-container elementor-column-gap-default\">\n\t\t\t\t\t<div class=\"elementor-column elementor-col-66 elementor-top-column elementor-element elementor-element-6b34026\" data-id=\"6b34026\" data-element_type=\"column\">\n\t\t\t<div class=\"elementor-widget-wrap elementor-element-populated\">\n\t\t\t\t\t\t<div class=\"elementor-element elementor-element-443ab98 elementor-widget elementor-widget-text-editor\" data-id=\"443ab98\" data-element_type=\"widget\" data-widget_type=\"text-editor.default\">\n\t\t\t\t<div class=\"elementor-widget-container\">\n\t\t\t\t\t\t\t<h3>Programm der Sommerakademie am Dienstag<strong>, den 21. August 2018:<\/strong><\/h3><table style=\"border-collapse: collapse; width: 100%; height: 361px;\" border=\"1\"><tbody><tr style=\"height: 21px;\"><td style=\"width: 33.3333%; height: 21px;\"><strong>Kurs<\/strong><\/td><td style=\"width: 33.3333%; height: 21px;\"><strong>Datum\/Uhrzeit<\/strong><\/td><td style=\"width: 33.3333%; height: 21px;\"><strong>Ort<\/strong><\/td><\/tr><tr style=\"height: 21px;\"><td style=\"width: 33.3333%; height: 21px;\"><strong>\u00a0<\/strong><\/td><td style=\"width: 33.3333%; height: 21px;\">\u00a0<\/td><td style=\"width: 33.3333%; height: 21px;\">\u00a0<\/td><\/tr><tr style=\"height: 155px;\"><td style=\"width: 33.3333%; height: 155px;\"><strong><span style=\"color: #76acac; font-size: 14pt;\">Gl\u00e4serne Sch\u00e4tze &#8211; Kurs f\u00fcr Anf\u00e4nger und Fortgeschrittene<\/span><\/strong><br \/><strong style=\"font-family: inherit; font-size: inherit;\"><a href=\"https:\/\/www.vhs.schwabach.de\/programm\/gesellschaft\/kurs\/Glasworkshop+Basis\/nr\/181-7532\/bereich\/details\/kat\/352\/#inhalt\" target=\"_blank\" rel=\"noopener\">Mehr Infos gibt es hier &#8230;<\/a><\/strong><\/td><td style=\"width: 33.3333%; height: 155px;\">21.08.2018 \/ 09.00 Uhr<\/td><td style=\"width: 33.3333%; height: 155px;\"><p>Alte Synagoge, Saal<\/p><\/td><\/tr><tr style=\"height: 164px;\"><td style=\"width: 33.3333%; height: 164px;\"><strong><span style=\"color: #76acac; font-size: 14pt;\">Gl\u00e4serne Sch\u00e4tze &#8211; Kurs f\u00fcr Anf\u00e4nger und Fortgeschrittene<br \/><\/span><span style=\"color: #76acac; font-size: 10pt;\"><a href=\"https:\/\/www.vhs.schwabach.de\/programm\/gesellschaft\/kurs\/Glasworkshop+Basis\/nr\/181-7532\/bereich\/details\/kat\/352\/#inhalt\" target=\"_blank\" rel=\"noopener\">Mehr Infos gibt es hier &#8230;<\/a><\/span><span style=\"color: #76acac; font-size: 14pt;\"><br \/><\/span><\/strong><\/td><td style=\"width: 33.3333%; height: 164px;\">21.08.2018 \/ 14.00 Uhr<\/td><td style=\"width: 33.3333%; height: 164px;\"><p>Alte Synagoge, Saal<\/p><\/td><\/tr><\/tbody><\/table><h3>\u00a0<\/h3><h3>Weiterf\u00fchrende Links:<\/h3><p><a href=\"https:\/\/www.vhs.schwabach.de\/programm\/bereich\/kategorien\/kategorie\/Sommerakademie+2018\/kat\/352\/\" target=\"_blank\" rel=\"noopener\">Das komplette Programm der Sommerakademie gibt es hier &#8230;<\/a><\/p><p><a href=\"https:\/\/www.vhs.schwabach.de\/\" target=\"_blank\" rel=\"noopener\">Zur Startseite der vhs Schwabach geht&#8217;s hier &#8230;<\/a><\/p><p><a href=\"https:\/\/www.ebw-schwabach.de\/\" target=\"_blank\" rel=\"noopener\">Die Homepage des Evangelischen Bidlungswerks ist hier zu finden &#8230;<\/a><\/p>\t\t\t\t\t\t<\/div>\n\t\t\t\t<\/div>\n\t\t\t\t<div class=\"elementor-element elementor-element-2e07568 elementor-widget-divider--view-line elementor-widget elementor-widget-divider\" data-id=\"2e07568\" data-element_type=\"widget\" data-widget_type=\"divider.default\">\n\t\t\t\t<div class=\"elementor-widget-container\">\n\t\t\t\t\t<div class=\"elementor-divider\">\n\t\t\t<span class=\"elementor-divider-separator\">\n\t\t\t\t\t\t<\/span>\n\t\t<\/div>\n\t\t\t\t<\/div>\n\t\t\t\t<\/div>\n\t\t\t\t<div class=\"elementor-element elementor-element-64a9e54 elementor-widget elementor-widget-google_maps\" data-id=\"64a9e54\" data-element_type=\"widget\" data-widget_type=\"google_maps.default\">\n\t\t\t\t<div class=\"elementor-widget-container\">\n\t\t\t\t\t<div class=\"elementor-custom-embed\">\n\t\t\t<iframe loading=\"lazy\"\n\t\t\t\t\tsrc=\"https:\/\/maps.google.com\/maps?q=Synagogengasse%206%2C%20Schwabach%2C%20Deutschland&#038;t=m&#038;z=17&#038;output=embed&#038;iwloc=near\"\n\t\t\t\t\ttitle=\"Synagogengasse 6, Schwabach, Deutschland\"\n\t\t\t\t\taria-label=\"Synagogengasse 6, Schwabach, Deutschland\"\n\t\t\t><\/iframe>\n\t\t<\/div>\n\t\t\t\t<\/div>\n\t\t\t\t<\/div>\n\t\t\t\t<div class=\"elementor-element elementor-element-656b3cc elementor-widget elementor-widget-google_maps\" data-id=\"656b3cc\" data-element_type=\"widget\" data-widget_type=\"google_maps.default\">\n\t\t\t\t<div class=\"elementor-widget-container\">\n\t\t\t\t\t<div class=\"elementor-custom-embed\">\n\t\t\t<iframe loading=\"lazy\"\n\t\t\t\t\tsrc=\"https:\/\/maps.google.com\/maps?q=Synagogengasse%206%2C%20Schwabach%2C%20Deutschland&#038;t=m&#038;z=17&#038;output=embed&#038;iwloc=near\"\n\t\t\t\t\ttitle=\"Synagogengasse 6, Schwabach, Deutschland\"\n\t\t\t\t\taria-label=\"Synagogengasse 6, Schwabach, Deutschland\"\n\t\t\t><\/iframe>\n\t\t<\/div>\n\t\t\t\t<\/div>\n\t\t\t\t<\/div>\n\t\t\t\t\t<\/div>\n\t\t<\/div>\n\t\t\t\t<div class=\"elementor-column elementor-col-33 elementor-top-column elementor-element elementor-element-f645137\" data-id=\"f645137\" data-element_type=\"column\">\n\t\t\t<div class=\"elementor-widget-wrap elementor-element-populated\">\n\t\t\t\t\t\t<div class=\"elementor-element elementor-element-25043c1 elementor-widget elementor-widget-image\" data-id=\"25043c1\" data-element_type=\"widget\" data-widget_type=\"image.default\">\n\t\t\t\t<div class=\"elementor-widget-container\">\n\t\t\t\t\t\t\t\t\t\t\t\t\t<img fetchpriority=\"high\" decoding=\"async\" width=\"300\" height=\"300\" src=\"https:\/\/www.region-schwabach.de\/wordpress\/wp-content\/uploads\/2018\/04\/werbung1-300x300.png\" class=\"attachment-medium size-medium wp-image-35382\" alt=\"\" srcset=\"https:\/\/www.region-schwabach.de\/wordpress\/wp-content\/uploads\/2018\/04\/werbung1-300x300.png 300w, https:\/\/www.region-schwabach.de\/wordpress\/wp-content\/uploads\/2018\/04\/werbung1-150x150.png 150w, https:\/\/www.region-schwabach.de\/wordpress\/wp-content\/uploads\/2018\/04\/werbung1-768x768.png 768w, https:\/\/www.region-schwabach.de\/wordpress\/wp-content\/uploads\/2018\/04\/werbung1-1024x1024.png 1024w, https:\/\/www.region-schwabach.de\/wordpress\/wp-content\/uploads\/2018\/04\/werbung1.png 1200w\" sizes=\"(max-width: 300px) 100vw, 300px\" \/>\t\t\t\t\t\t\t\t\t\t\t\t\t<\/div>\n\t\t\t\t<\/div>\n\t\t\t\t\t<\/div>\n\t\t<\/div>\n\t\t\t\t\t<\/div>\n\t\t<\/section>\n\t\t\t\t<\/div>\n\t\t","protected":false},"excerpt":{"rendered":"<div class=\"mh-excerpt\"><p>Programm der Sommerakademie am Dienstag, den 21. August 2018: Kurs Datum\/Uhrzeit Ort \u00a0 Gl\u00e4serne Sch\u00e4tze &#8211; Kurs f\u00fcr Anf\u00e4nger und Fortgeschrittene Mehr Infos gibt es hier &#8230; 21.08.2018 \/ 09.00 Uhr Alte Synagoge, Saal Gl\u00e4serne <a class=\"mh-excerpt-more\" href=\"https:\/\/www.region-schwabach.de\/wordpress\/programm-der-sommerakademie-am-dienstag-den-21-08-2018\/\" title=\"Programm der Sommerakademie am Dienstag, den 21.08.2018\">[&#8230;]<\/a><\/p>\n<\/div>","protected":false},"author":1,"featured_media":49605,"comment_status":"open","ping_status":"open","sticky":false,"template":"","format":"standard","meta":{"_cbd_carousel_blocks":"[]","footnotes":""},"categories":[16,1,287,231,46],"tags":[5250,5504,5197,19,5195,1281,73],"class_list":{"0":"post-51870","1":"post","2":"type-post","3":"status-publish","4":"format-standard","5":"has-post-thumbnail","7":"category-aktuell","8":"category-allgemein","9":"category-jugend-und-familie","10":"category-veranstaltungsnews","11":"category-verbaende","12":"tag-21-08-2018","13":"tag-2x-glaeserne-schaetze-kurs-fuer-anfaenger-und-fortgeschrittene","14":"tag-evangelischen-bildungswerk","15":"tag-schwabach","16":"tag-sommerakademie","17":"tag-vhs","18":"tag-volkshochschule"},"_links":{"self":[{"href":"https:\/\/www.region-schwabach.de\/wordpress\/wp-json\/wp\/v2\/posts\/51870","targetHints":{"allow":["GET"]}}],"collection":[{"href":"https:\/\/www.region-schwabach.de\/wordpress\/wp-json\/wp\/v2\/posts"}],"about":[{"href":"https:\/\/www.region-schwabach.de\/wordpress\/wp-json\/wp\/v2\/types\/post"}],"author":[{"embeddable":true,"href":"https:\/\/www.region-schwabach.de\/wordpress\/wp-json\/wp\/v2\/users\/1"}],"replies":[{"embeddable":true,"href":"https:\/\/www.region-schwabach.de\/wordpress\/wp-json\/wp\/v2\/comments?post=51870"}],"version-history":[{"count":0,"href":"https:\/\/www.region-schwabach.de\/wordpress\/wp-json\/wp\/v2\/posts\/51870\/revisions"}],"wp:featuredmedia":[{"embeddable":true,"href":"https:\/\/www.region-schwabach.de\/wordpress\/wp-json\/wp\/v2\/media\/49605"}],"wp:attachment":[{"href":"https:\/\/www.region-schwabach.de\/wordpress\/wp-json\/wp\/v2\/media?parent=51870"}],"wp:term":[{"taxonomy":"category","embeddable":true,"href":"https:\/\/www.region-schwabach.de\/wordpress\/wp-json\/wp\/v2\/categories?post=51870"},{"taxonomy":"post_tag","embeddable":true,"href":"https:\/\/www.region-schwabach.de\/wordpress\/wp-json\/wp\/v2\/tags?post=51870"}],"curies":[{"name":"wp","href":"https:\/\/api.w.org\/{rel}","templated":true}]}}