{"id":52297,"date":"2018-08-19T00:01:15","date_gmt":"2018-08-18T22:01:15","guid":{"rendered":"http:\/\/www.region-schwabach.de\/wordpress\/?p=52297"},"modified":"2018-08-18T23:06:39","modified_gmt":"2018-08-18T21:06:39","slug":"stadtfuehrungen-im-sommer-neuer-rundgang-zur-herbstkirchweih","status":"publish","type":"post","link":"https:\/\/www.region-schwabach.de\/wordpress\/stadtfuehrungen-im-sommer-neuer-rundgang-zur-herbstkirchweih\/","title":{"rendered":"Stadtf\u00fchrungen im Sommer &#8211; Neuer Rundgang zur Herbstkirchweih"},"content":{"rendered":"\t\t<div data-elementor-type=\"wp-post\" data-elementor-id=\"52297\" class=\"elementor elementor-52297 elementor-bc-flex-widget\">\n\t\t\t\t\t\t<section class=\"elementor-section elementor-top-section elementor-element elementor-element-678181b elementor-section-boxed elementor-section-height-default elementor-section-height-default\" data-id=\"678181b\" data-element_type=\"section\">\n\t\t\t\t\t\t<div class=\"elementor-container elementor-column-gap-default\">\n\t\t\t\t\t<div class=\"elementor-column elementor-col-66 elementor-top-column elementor-element elementor-element-6b34026\" data-id=\"6b34026\" data-element_type=\"column\">\n\t\t\t<div class=\"elementor-widget-wrap elementor-element-populated\">\n\t\t\t\t\t\t<div class=\"elementor-element elementor-element-443ab98 elementor-widget elementor-widget-text-editor\" data-id=\"443ab98\" data-element_type=\"widget\" data-widget_type=\"text-editor.default\">\n\t\t\t\t<div class=\"elementor-widget-container\">\n\t\t\t\t\t\t\t<h3>Neuer Rundgang: \u201eKauf mir einen bunten Luftballon\u201c<br \/>Stadtf\u00fchrungen im Sommer<\/h3><p>An den Wochenenden bietet das Tourismusb\u00fcro auch im Sommer thematische\u00a0F\u00fchrungen an, wie den Einsteigerrundgang \u201eSchwabach zum Kennenlernen\u201c.<\/p><h3>\u00dcberblick:<\/h3><ul style=\"list-style-type: disc;\"><li>Nat\u00fcrlich finden auch die F\u00fchrungen des Goldschl\u00e4gers im Stadtmuseums am\u00a01. Samstag im Monat wie gewohnt statt.<\/li><li>Interessierte, die \u00fcber die\u00a0Stadtbefestigung mehr erfahren m\u00f6chten, sollten den Rundgang \u201eWenn unsere\u00a0Stadtmauer sprechen k\u00f6nnte\u2026\u201c besuchen.<\/li><li>Krimifans kommen bei dem\u00a0F\u00fchrung \u201eTATORT Schwabach \u2013 Mit dem Kommissar auf Spurensuche\u201c auf\u00a0ihre Kosten.<\/li><li>Der Besuch des Kellerlabyrinths am Pinzenberg ist bei den\u00a0diesj\u00e4hrigen Temperaturen sehr angenehm, da dort konstant 8 Grad herrschen\u00a0(Jacke nicht vergessen!).<\/li><li>Dieses gilt nat\u00fcrlich auch f\u00fcr den Rundgang \u201eGeschichte der Hugenotten und\u00a0ein Blick in Schwabachs Unterwelt\u201c und das \u201eBrauwesen in Schwabach\u201c, die ebenfalls in eine Kelleranlage f\u00fchren.<\/li><li>Au\u00dferdem besteht die M\u00f6glichkeit, an\u00a0einem kulinarischen Rundgang, der alle Sinne anspricht, teilzunehmen.<\/li><li>Neu im Programm ist ein Rundgang \u00fcber die Kirchweih mit dem Titel \u201eKauf mir einen bunten Luftballon\u201c, bei dem ein Vertreter der Schausteller und der Marktmeister einen Blick hinter die Kulissen erm\u00f6glichen.<\/li><li>Jeden Sonntag\u00a0(au\u00dfer Kirchweihsonntag, den 16.09. und 23.09.) findet der beliebte Stadtrundgang zum Kennenlernen von Schwabach statt. Treffpunkt ist um 14:00 Uhr am Rathaus.<\/li><\/ul><p>Weiterf\u00fchrende Links:<\/p><p><a href=\"https:\/\/www.schwabach.de\/de\/schwabach-erleben\/tourismus\/en\/5726-angebote-fuer-einzelreisende-2.html\" target=\"_blank\" rel=\"noopener\">Eine \u00dcbersicht der\u00a0Stadtrundg\u00e4nge und F\u00fchrungen f\u00fcr Einzelreisende gibt es hier &#8230;<\/a><\/p><p><a href=\"https:\/\/www.schwabach.de\/de\/schwabach-erleben\/tourismus\/en\/6077-angebote-fuer-gruppen-2.html\" target=\"_blank\" rel=\"noopener\">Eine \u00dcbersicht der\u00a0Stadtrundg\u00e4nge und F\u00fchrungen f\u00fcr Gruppen gibt es hier &#8230;<\/a><\/p>\t\t\t\t\t\t<\/div>\n\t\t\t\t<\/div>\n\t\t\t\t<div class=\"elementor-element elementor-element-0c834d7 elementor-widget-divider--view-line elementor-widget elementor-widget-divider\" data-id=\"0c834d7\" data-element_type=\"widget\" data-widget_type=\"divider.default\">\n\t\t\t\t<div class=\"elementor-widget-container\">\n\t\t\t\t\t<div class=\"elementor-divider\">\n\t\t\t<span class=\"elementor-divider-separator\">\n\t\t\t\t\t\t<\/span>\n\t\t<\/div>\n\t\t\t\t<\/div>\n\t\t\t\t<\/div>\n\t\t\t\t<div class=\"elementor-element elementor-element-325f51f elementor-widget elementor-widget-google_maps\" data-id=\"325f51f\" data-element_type=\"widget\" data-widget_type=\"google_maps.default\">\n\t\t\t\t<div class=\"elementor-widget-container\">\n\t\t\t\t\t<div class=\"elementor-custom-embed\">\n\t\t\t<iframe loading=\"lazy\"\n\t\t\t\t\tsrc=\"https:\/\/maps.google.com\/maps?q=Schwabach%2C%20Deutschland&#038;t=m&#038;z=15&#038;output=embed&#038;iwloc=near\"\n\t\t\t\t\ttitle=\"Schwabach, Deutschland\"\n\t\t\t\t\taria-label=\"Schwabach, Deutschland\"\n\t\t\t><\/iframe>\n\t\t<\/div>\n\t\t\t\t<\/div>\n\t\t\t\t<\/div>\n\t\t\t\t\t<\/div>\n\t\t<\/div>\n\t\t\t\t<div class=\"elementor-column elementor-col-33 elementor-top-column elementor-element elementor-element-f645137\" data-id=\"f645137\" data-element_type=\"column\">\n\t\t\t<div class=\"elementor-widget-wrap elementor-element-populated\">\n\t\t\t\t\t\t<div class=\"elementor-element elementor-element-25043c1 elementor-widget elementor-widget-image\" data-id=\"25043c1\" data-element_type=\"widget\" data-widget_type=\"image.default\">\n\t\t\t\t<div class=\"elementor-widget-container\">\n\t\t\t\t\t\t\t\t\t\t\t\t\t<img fetchpriority=\"high\" decoding=\"async\" width=\"300\" height=\"300\" src=\"https:\/\/www.region-schwabach.de\/wordpress\/wp-content\/uploads\/2018\/04\/werbung1-300x300.png\" class=\"attachment-medium size-medium wp-image-35382\" alt=\"\" srcset=\"https:\/\/www.region-schwabach.de\/wordpress\/wp-content\/uploads\/2018\/04\/werbung1-300x300.png 300w, https:\/\/www.region-schwabach.de\/wordpress\/wp-content\/uploads\/2018\/04\/werbung1-150x150.png 150w, https:\/\/www.region-schwabach.de\/wordpress\/wp-content\/uploads\/2018\/04\/werbung1-768x768.png 768w, https:\/\/www.region-schwabach.de\/wordpress\/wp-content\/uploads\/2018\/04\/werbung1-1024x1024.png 1024w, https:\/\/www.region-schwabach.de\/wordpress\/wp-content\/uploads\/2018\/04\/werbung1.png 1200w\" sizes=\"(max-width: 300px) 100vw, 300px\" \/>\t\t\t\t\t\t\t\t\t\t\t\t\t<\/div>\n\t\t\t\t<\/div>\n\t\t\t\t\t<\/div>\n\t\t<\/div>\n\t\t\t\t\t<\/div>\n\t\t<\/section>\n\t\t\t\t<section class=\"elementor-section elementor-top-section elementor-element elementor-element-c488c77 elementor-section-boxed elementor-section-height-default elementor-section-height-default\" data-id=\"c488c77\" data-element_type=\"section\">\n\t\t\t\t\t\t<div class=\"elementor-container elementor-column-gap-default\">\n\t\t\t\t\t<div class=\"elementor-column elementor-col-100 elementor-top-column elementor-element elementor-element-e860ebd\" data-id=\"e860ebd\" data-element_type=\"column\">\n\t\t\t<div class=\"elementor-widget-wrap elementor-element-populated\">\n\t\t\t\t\t\t<div class=\"elementor-element elementor-element-c3e5561 elementor-widget elementor-widget-image\" data-id=\"c3e5561\" data-element_type=\"widget\" data-widget_type=\"image.default\">\n\t\t\t\t<div class=\"elementor-widget-container\">\n\t\t\t\t\t\t\t\t\t\t<figure class=\"wp-caption\">\n\t\t\t\t\t\t\t\t\t\t\t<a href=\"http:\/\/www.region-schwabach.de\/wordpress\/wp-content\/uploads\/2018\/08\/PM182_stadtf\u00fchrungen-e1534274165830.jpg\" data-elementor-open-lightbox=\"yes\" data-elementor-lightbox-title=\"PM182_stadtf\u00fchrungen\" data-e-action-hash=\"#elementor-action%3Aaction%3Dlightbox%26settings%3DeyJpZCI6NTIyOTgsInVybCI6Imh0dHBzOlwvXC93d3cucmVnaW9uLXNjaHdhYmFjaC5kZVwvd29yZHByZXNzXC93cC1jb250ZW50XC91cGxvYWRzXC8yMDE4XC8wOFwvUE0xODJfc3RhZHRmXHUwMGZjaHJ1bmdlbi1lMTUzNDI3NDE2NTgzMC5qcGcifQ%3D%3D\">\n\t\t\t\t\t\t\t<img decoding=\"async\" width=\"768\" height=\"688\" src=\"https:\/\/www.region-schwabach.de\/wordpress\/wp-content\/uploads\/2018\/08\/PM182_stadtf\u00fchrungen-768x688.jpg\" class=\"attachment-medium_large size-medium_large wp-image-52298\" alt=\"\" srcset=\"https:\/\/www.region-schwabach.de\/wordpress\/wp-content\/uploads\/2018\/08\/PM182_stadtf\u00fchrungen-768x688.jpg 768w, https:\/\/www.region-schwabach.de\/wordpress\/wp-content\/uploads\/2018\/08\/PM182_stadtf\u00fchrungen-300x269.jpg 300w, https:\/\/www.region-schwabach.de\/wordpress\/wp-content\/uploads\/2018\/08\/PM182_stadtf\u00fchrungen-e1534274165830.jpg 640w\" sizes=\"(max-width: 768px) 100vw, 768px\" \/>\t\t\t\t\t\t\t\t<\/a>\n\t\t\t\t\t\t\t\t\t\t\t<figcaption class=\"widget-image-caption wp-caption-text\">Schwabacher Stadtf\u00fchrungen im Sommer<\/figcaption>\n\t\t\t\t\t\t\t\t\t\t<\/figure>\n\t\t\t\t\t\t\t<\/div>\n\t\t\t\t<\/div>\n\t\t\t\t\t<\/div>\n\t\t<\/div>\n\t\t\t\t\t<\/div>\n\t\t<\/section>\n\t\t\t\t<\/div>\n\t\t","protected":false},"excerpt":{"rendered":"<div class=\"mh-excerpt\"><p>Neuer Rundgang: \u201eKauf mir einen bunten Luftballon\u201cStadtf\u00fchrungen im Sommer An den Wochenenden bietet das Tourismusb\u00fcro auch im Sommer thematische\u00a0F\u00fchrungen an, wie den Einsteigerrundgang \u201eSchwabach zum Kennenlernen\u201c. \u00dcberblick: Nat\u00fcrlich finden auch die F\u00fchrungen des Goldschl\u00e4gers im <a class=\"mh-excerpt-more\" href=\"https:\/\/www.region-schwabach.de\/wordpress\/stadtfuehrungen-im-sommer-neuer-rundgang-zur-herbstkirchweih\/\" title=\"Stadtf\u00fchrungen im Sommer &#8211; Neuer Rundgang zur Herbstkirchweih\">[&#8230;]<\/a><\/p>\n<\/div>","protected":false},"author":1,"featured_media":52298,"comment_status":"open","ping_status":"open","sticky":false,"template":"","format":"standard","meta":{"_cbd_carousel_blocks":"[]","footnotes":""},"categories":[16,1,287,231,140],"tags":[5527,1480,5528,19,5525,5526,4099],"class_list":{"0":"post-52297","1":"post","2":"type-post","3":"status-publish","4":"format-standard","5":"has-post-thumbnail","7":"category-aktuell","8":"category-allgemein","9":"category-jugend-und-familie","10":"category-veranstaltungsnews","11":"category-vereine","12":"tag-fuehrungen","13":"tag-rathaus","14":"tag-rundgaenge","15":"tag-schwabach","16":"tag-sommer-2018","17":"tag-stadtrundgaenge","18":"tag-vorfuehrungen"},"_links":{"self":[{"href":"https:\/\/www.region-schwabach.de\/wordpress\/wp-json\/wp\/v2\/posts\/52297","targetHints":{"allow":["GET"]}}],"collection":[{"href":"https:\/\/www.region-schwabach.de\/wordpress\/wp-json\/wp\/v2\/posts"}],"about":[{"href":"https:\/\/www.region-schwabach.de\/wordpress\/wp-json\/wp\/v2\/types\/post"}],"author":[{"embeddable":true,"href":"https:\/\/www.region-schwabach.de\/wordpress\/wp-json\/wp\/v2\/users\/1"}],"replies":[{"embeddable":true,"href":"https:\/\/www.region-schwabach.de\/wordpress\/wp-json\/wp\/v2\/comments?post=52297"}],"version-history":[{"count":0,"href":"https:\/\/www.region-schwabach.de\/wordpress\/wp-json\/wp\/v2\/posts\/52297\/revisions"}],"wp:featuredmedia":[{"embeddable":true,"href":"https:\/\/www.region-schwabach.de\/wordpress\/wp-json\/wp\/v2\/media\/52298"}],"wp:attachment":[{"href":"https:\/\/www.region-schwabach.de\/wordpress\/wp-json\/wp\/v2\/media?parent=52297"}],"wp:term":[{"taxonomy":"category","embeddable":true,"href":"https:\/\/www.region-schwabach.de\/wordpress\/wp-json\/wp\/v2\/categories?post=52297"},{"taxonomy":"post_tag","embeddable":true,"href":"https:\/\/www.region-schwabach.de\/wordpress\/wp-json\/wp\/v2\/tags?post=52297"}],"curies":[{"name":"wp","href":"https:\/\/api.w.org\/{rel}","templated":true}]}}