{"id":52416,"date":"2018-08-16T11:28:12","date_gmt":"2018-08-16T09:28:12","guid":{"rendered":"http:\/\/www.region-schwabach.de\/wordpress\/?p=52416"},"modified":"2018-08-16T11:31:49","modified_gmt":"2018-08-16T09:31:49","slug":"illegales-autorennen-bei-wendelstein","status":"publish","type":"post","link":"https:\/\/www.region-schwabach.de\/wordpress\/illegales-autorennen-bei-wendelstein\/","title":{"rendered":"Illegales Autorennen bei Wendelstein"},"content":{"rendered":"\t\t<div data-elementor-type=\"wp-post\" data-elementor-id=\"52416\" class=\"elementor elementor-52416 elementor-bc-flex-widget\">\n\t\t\t\t\t\t<section class=\"elementor-section elementor-top-section elementor-element elementor-element-1cuv9jr elementor-section-boxed elementor-section-height-default elementor-section-height-default\" data-id=\"1cuv9jr\" data-element_type=\"section\">\n\t\t\t\t\t\t<div class=\"elementor-container elementor-column-gap-default\">\n\t\t\t\t\t<div class=\"elementor-column elementor-col-66 elementor-top-column elementor-element elementor-element-q5zak7b\" data-id=\"q5zak7b\" data-element_type=\"column\">\n\t\t\t<div class=\"elementor-widget-wrap elementor-element-populated\">\n\t\t\t\t\t\t<div class=\"elementor-element elementor-element-a4daeae elementor-widget elementor-widget-text-editor\" data-id=\"a4daeae\" data-element_type=\"widget\" data-widget_type=\"text-editor.default\">\n\t\t\t\t<div class=\"elementor-widget-container\">\n\t\t\t\t\t\t\t<h3 class=\"story-headline\">Illegales Autorennen bei Wendelstein gestoppt<br \/>Zeugen\/Gesch\u00e4digte gesucht<\/h3><p>Feucht\/Wendelstein &#8211; (ots) &#8211;\u00a0Am sp\u00e4ten Mittwochabend (15.08.2018) beendeten Beamte der Verkehrspolizeiinspektion Feucht ein illegales Autorennen auf der A73 und im Bereich Wendelstein (Lkrs. Roth). Die Beamten verhinderten die Weiterfahrt und stellten die F\u00fchrerscheine der jungen M\u00e4nner sicher.<\/p><p>Gegen 23:30 Uhr bemerkte eine zivile Streifenbesatzung zwei Autos, die im Baustellenbereich der A73 zwischen N\u00fcrnberg und Feucht (Lkrs. N\u00fcrnberger Land) mit stark \u00fcberh\u00f6hter Geschwindigkeit nebeneinander fuhren. An der Anschlussstelle Wendelstein verlie\u00dfen der BMW-Fahrer sowie der Mercedes-Fahrer die Autobahn. Auch auf der Staatstra\u00dfe rasten sie ungehindert weiter. Geschwindigkeiten bis zu 130 km\/h wurden erreicht. Stoppschilder und andere Verkehrsregeln ignorierten die M\u00e4nner.<\/p><p>Auf der Staatsstra\u00dfe zwischen R\u00f6thenbach bei St. Wolfgang (Ortsteil von Wendelstein) und Wendelstein \u00fcberholte der Fahrer des BMW schlie\u00dflich seinen mutma\u00dflichen Kontrahenten in einer Rechtskurve. Ein Auto kam entgegen. Gl\u00fccklicherweise reagierte der Mercedes-Fahrer (21 Jahre) rechtzeitig. Er bremste ab und lie\u00df den 22-J\u00e4hrigen gew\u00e4hren. Nur so konnte ein Zusammensto\u00df verhindert werden.<\/p><p>Kurz darauf hielten die Beamten die beiden &#8222;Rennfahrer&#8220; in Wendelstein an und f\u00fchrten eine Kontrolle durch. Auf Anordnung der Staatsanwaltschaft N\u00fcrnberg-F\u00fcrth stellten sie die F\u00fchrerscheine sicher. Die Weiterfahrt wurde ihnen untersagt.<\/p><p>Die beiden M\u00e4nner erwarten nun entsprechende Ermittlungsverfahren &#8211; unter anderem wegen des Verdachts des Verbotenen Kraftfahrzeugrennens.<\/p><p>Der Autofahrer, der bei dem \u00dcberholman\u00f6ver auf der Verbindungsstra\u00dfe zwischen R\u00f6thenbach b. St. Wolfgang und dem Markt Wendelstein gef\u00e4hrdet wurde sowie weitere Zeugen oder Gesch\u00e4digte werden gebeten, sich bei der Verkehrspolizei Feucht unter der Telefonnummer 09128 9197-0 zu melden.<\/p><p><strong>Alexandra Federl\/n<\/strong><\/p><p>Original-Content von Polizeipr\u00e4sidium Mittelfranken<\/p>\t\t\t\t\t\t<\/div>\n\t\t\t\t<\/div>\n\t\t\t\t<div class=\"elementor-element elementor-element-ace1283 elementor-widget-divider--view-line elementor-widget elementor-widget-divider\" data-id=\"ace1283\" data-element_type=\"widget\" data-widget_type=\"divider.default\">\n\t\t\t\t<div class=\"elementor-widget-container\">\n\t\t\t\t\t<div class=\"elementor-divider\">\n\t\t\t<span class=\"elementor-divider-separator\">\n\t\t\t\t\t\t<\/span>\n\t\t<\/div>\n\t\t\t\t<\/div>\n\t\t\t\t<\/div>\n\t\t\t\t<div class=\"elementor-element elementor-element-1l7zbzo elementor-widget elementor-widget-google_maps\" data-id=\"1l7zbzo\" data-element_type=\"widget\" data-widget_type=\"google_maps.default\">\n\t\t\t\t<div class=\"elementor-widget-container\">\n\t\t\t\t\t<div class=\"elementor-custom-embed\">\n\t\t\t<iframe loading=\"lazy\"\n\t\t\t\t\tsrc=\"https:\/\/maps.google.com\/maps?q=Wendelstein%2C%20Deutschland&#038;t=m&#038;z=11&#038;output=embed&#038;iwloc=near\"\n\t\t\t\t\ttitle=\"Wendelstein, Deutschland\"\n\t\t\t\t\taria-label=\"Wendelstein, Deutschland\"\n\t\t\t><\/iframe>\n\t\t<\/div>\n\t\t\t\t<\/div>\n\t\t\t\t<\/div>\n\t\t\t\t\t<\/div>\n\t\t<\/div>\n\t\t\t\t<div class=\"elementor-column elementor-col-33 elementor-top-column elementor-element elementor-element-0w0urt1\" data-id=\"0w0urt1\" data-element_type=\"column\">\n\t\t\t<div class=\"elementor-widget-wrap elementor-element-populated\">\n\t\t\t\t\t\t<div class=\"elementor-element elementor-element-mo6nk5i elementor-widget elementor-widget-image\" data-id=\"mo6nk5i\" data-element_type=\"widget\" data-widget_type=\"image.default\">\n\t\t\t\t<div class=\"elementor-widget-container\">\n\t\t\t\t\t\t\t\t\t\t\t\t\t\t<a href=\"http:\/\/www.region-schwabach.de\/wordpress\/werben-auf-region-schwabach\/\" target=\"_blank\">\n\t\t\t\t\t\t\t<img fetchpriority=\"high\" decoding=\"async\" width=\"1024\" height=\"1024\" src=\"https:\/\/www.region-schwabach.de\/wordpress\/wp-content\/uploads\/2017\/06\/werbung8-1024x1024.png\" class=\"attachment-large size-large wp-image-2484\" alt=\"\" srcset=\"https:\/\/www.region-schwabach.de\/wordpress\/wp-content\/uploads\/2017\/06\/werbung8-1024x1024.png 1024w, https:\/\/www.region-schwabach.de\/wordpress\/wp-content\/uploads\/2017\/06\/werbung8-150x150.png 150w, https:\/\/www.region-schwabach.de\/wordpress\/wp-content\/uploads\/2017\/06\/werbung8-300x300.png 300w, https:\/\/www.region-schwabach.de\/wordpress\/wp-content\/uploads\/2017\/06\/werbung8-768x768.png 768w, https:\/\/www.region-schwabach.de\/wordpress\/wp-content\/uploads\/2017\/06\/werbung8-600x600.png 600w, https:\/\/www.region-schwabach.de\/wordpress\/wp-content\/uploads\/2017\/06\/werbung8.png 1200w\" sizes=\"(max-width: 1024px) 100vw, 1024px\" \/>\t\t\t\t\t\t\t\t<\/a>\n\t\t\t\t\t\t\t\t\t\t\t\t\t<\/div>\n\t\t\t\t<\/div>\n\t\t\t\t\t<\/div>\n\t\t<\/div>\n\t\t\t\t\t<\/div>\n\t\t<\/section>\n\t\t\t\t<\/div>\n\t\t","protected":false},"excerpt":{"rendered":"<div class=\"mh-excerpt\"><p>Illegales Autorennen bei Wendelstein gestopptZeugen\/Gesch\u00e4digte gesucht Feucht\/Wendelstein &#8211; (ots) &#8211;\u00a0Am sp\u00e4ten Mittwochabend (15.08.2018) beendeten Beamte der Verkehrspolizeiinspektion Feucht ein illegales Autorennen auf der A73 und im Bereich Wendelstein (Lkrs. Roth). Die Beamten verhinderten die Weiterfahrt <a class=\"mh-excerpt-more\" href=\"https:\/\/www.region-schwabach.de\/wordpress\/illegales-autorennen-bei-wendelstein\/\" title=\"Illegales Autorennen bei Wendelstein\">[&#8230;]<\/a><\/p>\n<\/div>","protected":false},"author":1,"featured_media":52417,"comment_status":"open","ping_status":"open","sticky":false,"template":"","format":"standard","meta":{"_cbd_carousel_blocks":"[]","footnotes":""},"categories":[15],"tags":[4778,5534,1301,5533,2658,1597,4369,250,463,981,32,1466,19,1396,31,2330],"class_list":{"0":"post-52416","1":"post","2":"type-post","3":"status-publish","4":"format-standard","5":"has-post-thumbnail","7":"category-polizeimeldungen","8":"tag-15-08-2018","9":"tag-a73","10":"tag-anzeige","11":"tag-autorennen","12":"tag-baustellenbereich","13":"tag-bmw","14":"tag-geschaedigte","15":"tag-mercedes","16":"tag-pkw","17":"tag-polizei","18":"tag-roth","19":"tag-roethenbach-b-st-wolfgang","20":"tag-schwabach","21":"tag-ueberhoehte-geschwindigkeit","22":"tag-wendelstein","23":"tag-zeugen"},"_links":{"self":[{"href":"https:\/\/www.region-schwabach.de\/wordpress\/wp-json\/wp\/v2\/posts\/52416","targetHints":{"allow":["GET"]}}],"collection":[{"href":"https:\/\/www.region-schwabach.de\/wordpress\/wp-json\/wp\/v2\/posts"}],"about":[{"href":"https:\/\/www.region-schwabach.de\/wordpress\/wp-json\/wp\/v2\/types\/post"}],"author":[{"embeddable":true,"href":"https:\/\/www.region-schwabach.de\/wordpress\/wp-json\/wp\/v2\/users\/1"}],"replies":[{"embeddable":true,"href":"https:\/\/www.region-schwabach.de\/wordpress\/wp-json\/wp\/v2\/comments?post=52416"}],"version-history":[{"count":0,"href":"https:\/\/www.region-schwabach.de\/wordpress\/wp-json\/wp\/v2\/posts\/52416\/revisions"}],"wp:featuredmedia":[{"embeddable":true,"href":"https:\/\/www.region-schwabach.de\/wordpress\/wp-json\/wp\/v2\/media\/52417"}],"wp:attachment":[{"href":"https:\/\/www.region-schwabach.de\/wordpress\/wp-json\/wp\/v2\/media?parent=52416"}],"wp:term":[{"taxonomy":"category","embeddable":true,"href":"https:\/\/www.region-schwabach.de\/wordpress\/wp-json\/wp\/v2\/categories?post=52416"},{"taxonomy":"post_tag","embeddable":true,"href":"https:\/\/www.region-schwabach.de\/wordpress\/wp-json\/wp\/v2\/tags?post=52416"}],"curies":[{"name":"wp","href":"https:\/\/api.w.org\/{rel}","templated":true}]}}