{"id":53242,"date":"2018-08-22T11:16:10","date_gmt":"2018-08-22T09:16:10","guid":{"rendered":"http:\/\/www.region-schwabach.de\/wordpress\/?p=53242"},"modified":"2018-08-22T11:29:30","modified_gmt":"2018-08-22T09:29:30","slug":"unbekannter-exhibitionist-in-schwabach-aufgetreten","status":"publish","type":"post","link":"https:\/\/www.region-schwabach.de\/wordpress\/unbekannter-exhibitionist-in-schwabach-aufgetreten\/","title":{"rendered":"Unbekannter Exhibitionist in Schwabach aufgetreten"},"content":{"rendered":"\t\t<div data-elementor-type=\"wp-post\" data-elementor-id=\"53242\" class=\"elementor elementor-53242 elementor-bc-flex-widget\">\n\t\t\t\t\t\t<section class=\"elementor-section elementor-top-section elementor-element elementor-element-1cuv9jr elementor-section-boxed elementor-section-height-default elementor-section-height-default\" data-id=\"1cuv9jr\" data-element_type=\"section\">\n\t\t\t\t\t\t<div class=\"elementor-container elementor-column-gap-default\">\n\t\t\t\t\t<div class=\"elementor-column elementor-col-66 elementor-top-column elementor-element elementor-element-q5zak7b\" data-id=\"q5zak7b\" data-element_type=\"column\">\n\t\t\t<div class=\"elementor-widget-wrap elementor-element-populated\">\n\t\t\t\t\t\t<div class=\"elementor-element elementor-element-a4daeae elementor-widget elementor-widget-text-editor\" data-id=\"a4daeae\" data-element_type=\"widget\" data-widget_type=\"text-editor.default\">\n\t\t\t\t<div class=\"elementor-widget-container\">\n\t\t\t\t\t\t\t<h3 class=\"story-headline\">Unbekannter Exhibitionist aufgetreten &#8211; Zeugen gesucht<\/h3><p>Schwabach (ots) &#8211;\u00a0Am Montagnachmittag (20.08.2018) zeigte sich ein bislang Unbekannter in exhibitionistischer Weise am Waldfriedhof in Wolkersdorf (Ortsteil der Stadt Schwabach). Die Kriminalpolizei bittet um Zeugenhinweise.<\/p><h3>T\u00e4ter trat\u00a0am Waldfriedhof in Wolkersdorf auf<\/h3><p>Der unbekannte T\u00e4ter trat gegen 14:45 Uhr am Waldfriedhof in der Volckamersta\u00dfe einer Frau gegen\u00fcber und zeigte sich in schamverletzender Weise. Das Opfer verst\u00e4ndigte die Polizei.<\/p><h3>T\u00e4terbeschreibung:<\/h3><ul style=\"list-style-type: disc;\"><li>m\u00e4nnlich, ca. 18 &#8211; 20 Jahre<\/li><li>ca. 180 cm gro\u00df, schlank<\/li><li>blonde Haare<\/li><li>bekleidet mit wei\u00dfen T-Shirt, und schwarzer kurzer Jogginghose<\/li><\/ul><p>Das Fachkommissariat der Kriminalpolizei Schwabach hat die Ermittlungen \u00fcbernommen und bittet um Zeugenhinweise unter der Telefonnummer 0911 2112-3333.<\/p><p><strong>Alexandra Federl\/n<\/strong><\/p><p>Original-Content von Polizeipr\u00e4sidium Mittelfranken<\/p>\t\t\t\t\t\t<\/div>\n\t\t\t\t<\/div>\n\t\t\t\t<div class=\"elementor-element elementor-element-ace1283 elementor-widget-divider--view-line elementor-widget elementor-widget-divider\" data-id=\"ace1283\" data-element_type=\"widget\" data-widget_type=\"divider.default\">\n\t\t\t\t<div class=\"elementor-widget-container\">\n\t\t\t\t\t<div class=\"elementor-divider\">\n\t\t\t<span class=\"elementor-divider-separator\">\n\t\t\t\t\t\t<\/span>\n\t\t<\/div>\n\t\t\t\t<\/div>\n\t\t\t\t<\/div>\n\t\t\t\t<div class=\"elementor-element elementor-element-1l7zbzo elementor-widget elementor-widget-google_maps\" data-id=\"1l7zbzo\" data-element_type=\"widget\" data-widget_type=\"google_maps.default\">\n\t\t\t\t<div class=\"elementor-widget-container\">\n\t\t\t\t\t<div class=\"elementor-custom-embed\">\n\t\t\t<iframe loading=\"lazy\"\n\t\t\t\t\tsrc=\"https:\/\/maps.google.com\/maps?q=49.35916%2C%2011.03184&#038;t=m&#038;z=15&#038;output=embed&#038;iwloc=near\"\n\t\t\t\t\ttitle=\"49.35916, 11.03184\"\n\t\t\t\t\taria-label=\"49.35916, 11.03184\"\n\t\t\t><\/iframe>\n\t\t<\/div>\n\t\t\t\t<\/div>\n\t\t\t\t<\/div>\n\t\t\t\t\t<\/div>\n\t\t<\/div>\n\t\t\t\t<div class=\"elementor-column elementor-col-33 elementor-top-column elementor-element elementor-element-0w0urt1\" data-id=\"0w0urt1\" data-element_type=\"column\">\n\t\t\t<div class=\"elementor-widget-wrap elementor-element-populated\">\n\t\t\t\t\t\t<div class=\"elementor-element elementor-element-mo6nk5i elementor-widget elementor-widget-image\" data-id=\"mo6nk5i\" data-element_type=\"widget\" data-widget_type=\"image.default\">\n\t\t\t\t<div class=\"elementor-widget-container\">\n\t\t\t\t\t\t\t\t\t\t\t\t\t\t<a href=\"http:\/\/www.region-schwabach.de\/wordpress\/werben-auf-region-schwabach\/\" target=\"_blank\">\n\t\t\t\t\t\t\t<img fetchpriority=\"high\" decoding=\"async\" width=\"1024\" height=\"1024\" src=\"https:\/\/www.region-schwabach.de\/wordpress\/wp-content\/uploads\/2017\/06\/werbung8-1024x1024.png\" class=\"attachment-large size-large wp-image-2484\" alt=\"\" srcset=\"https:\/\/www.region-schwabach.de\/wordpress\/wp-content\/uploads\/2017\/06\/werbung8-1024x1024.png 1024w, https:\/\/www.region-schwabach.de\/wordpress\/wp-content\/uploads\/2017\/06\/werbung8-150x150.png 150w, https:\/\/www.region-schwabach.de\/wordpress\/wp-content\/uploads\/2017\/06\/werbung8-300x300.png 300w, https:\/\/www.region-schwabach.de\/wordpress\/wp-content\/uploads\/2017\/06\/werbung8-768x768.png 768w, https:\/\/www.region-schwabach.de\/wordpress\/wp-content\/uploads\/2017\/06\/werbung8-600x600.png 600w, https:\/\/www.region-schwabach.de\/wordpress\/wp-content\/uploads\/2017\/06\/werbung8.png 1200w\" sizes=\"(max-width: 1024px) 100vw, 1024px\" \/>\t\t\t\t\t\t\t\t<\/a>\n\t\t\t\t\t\t\t\t\t\t\t\t\t<\/div>\n\t\t\t\t<\/div>\n\t\t\t\t\t<\/div>\n\t\t<\/div>\n\t\t\t\t\t<\/div>\n\t\t<\/section>\n\t\t\t\t<\/div>\n\t\t","protected":false},"excerpt":{"rendered":"<div class=\"mh-excerpt\"><p>Unbekannter Exhibitionist aufgetreten &#8211; Zeugen gesucht Schwabach (ots) &#8211;\u00a0Am Montagnachmittag (20.08.2018) zeigte sich ein bislang Unbekannter in exhibitionistischer Weise am Waldfriedhof in Wolkersdorf (Ortsteil der Stadt Schwabach). Die Kriminalpolizei bittet um Zeugenhinweise. T\u00e4ter trat\u00a0am Waldfriedhof <a class=\"mh-excerpt-more\" href=\"https:\/\/www.region-schwabach.de\/wordpress\/unbekannter-exhibitionist-in-schwabach-aufgetreten\/\" title=\"Unbekannter Exhibitionist in Schwabach aufgetreten\">[&#8230;]<\/a><\/p>\n<\/div>","protected":false},"author":1,"featured_media":53243,"comment_status":"open","ping_status":"open","sticky":false,"template":"","format":"standard","meta":{"_cbd_carousel_blocks":"[]","footnotes":""},"categories":[16,15],"tags":[5249,1125,2065,1128,1548,981,19,1715,4006,400],"class_list":{"0":"post-53242","1":"post","2":"type-post","3":"status-publish","4":"format-standard","5":"has-post-thumbnail","7":"category-aktuell","8":"category-polizeimeldungen","9":"tag-20-08-2018","10":"tag-exhibitionist","11":"tag-frau","12":"tag-in-schamverletzender-weise-gezeigt","13":"tag-mann","14":"tag-polizei","15":"tag-schwabach","16":"tag-volckamerstrasse","17":"tag-waldfriedhof","18":"tag-wolkersdorf"},"_links":{"self":[{"href":"https:\/\/www.region-schwabach.de\/wordpress\/wp-json\/wp\/v2\/posts\/53242","targetHints":{"allow":["GET"]}}],"collection":[{"href":"https:\/\/www.region-schwabach.de\/wordpress\/wp-json\/wp\/v2\/posts"}],"about":[{"href":"https:\/\/www.region-schwabach.de\/wordpress\/wp-json\/wp\/v2\/types\/post"}],"author":[{"embeddable":true,"href":"https:\/\/www.region-schwabach.de\/wordpress\/wp-json\/wp\/v2\/users\/1"}],"replies":[{"embeddable":true,"href":"https:\/\/www.region-schwabach.de\/wordpress\/wp-json\/wp\/v2\/comments?post=53242"}],"version-history":[{"count":0,"href":"https:\/\/www.region-schwabach.de\/wordpress\/wp-json\/wp\/v2\/posts\/53242\/revisions"}],"wp:featuredmedia":[{"embeddable":true,"href":"https:\/\/www.region-schwabach.de\/wordpress\/wp-json\/wp\/v2\/media\/53243"}],"wp:attachment":[{"href":"https:\/\/www.region-schwabach.de\/wordpress\/wp-json\/wp\/v2\/media?parent=53242"}],"wp:term":[{"taxonomy":"category","embeddable":true,"href":"https:\/\/www.region-schwabach.de\/wordpress\/wp-json\/wp\/v2\/categories?post=53242"},{"taxonomy":"post_tag","embeddable":true,"href":"https:\/\/www.region-schwabach.de\/wordpress\/wp-json\/wp\/v2\/tags?post=53242"}],"curies":[{"name":"wp","href":"https:\/\/api.w.org\/{rel}","templated":true}]}}