{"id":53248,"date":"2018-08-22T11:58:54","date_gmt":"2018-08-22T09:58:54","guid":{"rendered":"http:\/\/www.region-schwabach.de\/wordpress\/?p=53248"},"modified":"2018-08-22T12:03:57","modified_gmt":"2018-08-22T10:03:57","slug":"zwei-autos-vom-gelaende-eines-autohauses-in-treuchtlingen-entwendet-neues-update","status":"publish","type":"post","link":"https:\/\/www.region-schwabach.de\/wordpress\/zwei-autos-vom-gelaende-eines-autohauses-in-treuchtlingen-entwendet-neues-update\/","title":{"rendered":"Zwei Autos vom Gel\u00e4nde eines Autohauses in Treuchtlingen entwendet &#8211; neues Update"},"content":{"rendered":"\t\t<div data-elementor-type=\"wp-post\" data-elementor-id=\"53248\" class=\"elementor elementor-53248 elementor-bc-flex-widget\">\n\t\t\t\t\t\t<section class=\"elementor-section elementor-top-section elementor-element elementor-element-1cuv9jr elementor-section-boxed elementor-section-height-default elementor-section-height-default\" data-id=\"1cuv9jr\" data-element_type=\"section\">\n\t\t\t\t\t\t<div class=\"elementor-container elementor-column-gap-default\">\n\t\t\t\t\t<div class=\"elementor-column elementor-col-66 elementor-top-column elementor-element elementor-element-q5zak7b\" data-id=\"q5zak7b\" data-element_type=\"column\">\n\t\t\t<div class=\"elementor-widget-wrap elementor-element-populated\">\n\t\t\t\t\t\t<div class=\"elementor-element elementor-element-86qws23 elementor-widget elementor-widget-text-editor\" data-id=\"86qws23\" data-element_type=\"widget\" data-widget_type=\"text-editor.default\">\n\t\t\t\t<div class=\"elementor-widget-container\">\n\t\t\t\t\t\t\t<p style=\"font-family: 'Times New Roman', Times, serif; font-size: 17px; font-style: normal; font-variant-ligatures: normal; font-variant-caps: normal; font-weight: 400; letter-spacing: 0.68px;\"><span style=\"font-family: georgia, palatino, serif; font-size: 12pt;\">Treuchtlingen (ots) &#8211; Wie bereits am 31.07.18 und 01.08.18 berichtet (Meldungen siehe unten), hatten Unbekannte zwei Pkw von einem Autohaus in der Wettelsheimer Stra\u00dfe entwendet, die tags darauf in Westhessen aufgefunden und sichergestellt wurden. Zwei Tatverd\u00e4chtige konnten nun ermittelt und festgenommen werden.<\/span><\/p><p style=\"font-family: 'Times New Roman', Times, serif; font-size: 17px; font-style: normal; font-variant-ligatures: normal; font-variant-caps: normal; font-weight: 400; letter-spacing: 0.68px;\"><span style=\"font-family: georgia, palatino, serif; font-size: 12pt;\">Aufgrund intensiver Nachforschungen, nachdem bei den in Westhessen aufgefundenen Pkw ein verd\u00e4chtiges Fahrzeug aufgefallen war, konnten nun zwei Tatverd\u00e4chtige samt ihrem Pkw ermittelt werden, die noch die Fahrzeugbriefe der entwendeten Pkw sowie weitere entwendete Originalschl\u00fcssel aus dem Autohaus in Treuchtlingen dabei hatten.<\/span><\/p><p style=\"font-family: 'Times New Roman', Times, serif; font-size: 17px; font-style: normal; font-variant-ligatures: normal; font-variant-caps: normal; font-weight: 400; letter-spacing: 0.68px;\"><span style=\"font-family: georgia, palatino, serif; font-size: 12pt;\">Die beiden 22-j\u00e4hrigen Tatverd\u00e4chtigen wurden festgenommen und haben den Diebstahl der Fahrzeuge einger\u00e4umt. Beide sitzen zwischenzeitlich in Untersuchungshaft.<\/span><\/p><p style=\"font-family: 'Times New Roman', Times, serif; font-size: 17px; font-style: normal; font-variant-ligatures: normal; font-variant-caps: normal; font-weight: 400; letter-spacing: 0.68px;\"><span style=\"font-family: georgia, palatino, serif; font-size: 12pt;\"><strong>Rainer Seebauer\/n<\/strong><\/span><\/p><p class=\"story-headline\"><span style=\"font-family: georgia, palatino, serif; font-size: 12pt;\">Original-Content von: Polizeipr\u00e4sidium Mittelfranken<\/span><\/p><p>\u00a0<\/p><p><strong>Original-Nachricht vom 31.07.2018:<\/strong><\/p><h3 class=\"story-headline\">Entwendete Autos aufgefunden<\/h3><p>Treuchtlingen (ots) &#8211; Wie bereits am 31.07.2017 berichtet, entwendeten Unbekannte in der Nacht von Sonntag (29.07.2018) auf Montag (30.07.2018) zwei Autos von einem Autohaus in Treuchtlingen (Lkrs. Wei\u00dfenburg-Gunzenhausen). Die beiden Fahrzeuge wurden nun in Westhessen sichergestellt.<\/p><p>Die Unbekannten verschafften sich zun\u00e4chst Zugang zu dem B\u00fcro des Autohauses in der Wettelsheimer Stra\u00dfe, nahmen Fahrzeugschl\u00fcssel an sich und entwendeten die beiden Fahrzeuge der Marke BMW (X5 und 320 ed).<\/p><h3>Autos in Limburg an der Lahnn entdeckt<\/h3><p>Im Verlauf des Dienstags (31.07.2018) stellten Beamte der Polizeidirektion Westhessen die beiden Fahrzeuge im Stadtgebiet Limburg an der Lahn (Lkrs. Limburg &#8211; Weilburg) fest. Die beiden Fahrzeuge wurden sichergestellt. Nach erfolgter Spurensicherung werden die Fahrzeuge wieder dem rechtm\u00e4\u00dfigen Eigent\u00fcmer zugeleitet.<\/p><p>Das zust\u00e4ndige Fachkommissariat der Ansbacher Kriminalpolizei bittet weiterhin um Zeugenhinweise unter der Telefonnummer 0911 2112-3333.<\/p><p><strong>Michael Petzold\/n<\/strong><\/p><p>Original-Content von: Polizeipr\u00e4sidium Mittelfranken<\/p><h3>\u00a0<\/h3><p><strong>Original-Nachricht vom 31.07.2018:<\/strong><\/p><h3 class=\"story-headline\">Autos von Firmengel\u00e4nde entwendet<\/h3><p>Treuchtlingen (ots) &#8211;\u00a0Im Zeitraum von Sonntagabend (29.07.2018) bis Montagmorgen (30.07.2018) entwendeten Unbekannte zwei Autos von einem Autohaus in Treuchtlingen (Lkrs. Wei\u00dfenburg-Gunzenhausen). Die Polizei bittet um Zeugenhinweise.<\/p><p>Die beiden Fahrzeuge waren ordnungsgem\u00e4\u00df auf dem Gel\u00e4nde eines Autohauses in der Wettelsheimer Stra\u00dfe geparkt. Unbekannte verschafften sich nach jetzigem Erkenntnisstand mit Gewalt Zugang zu dem B\u00fcro des Autoh\u00e4ndlers und nahmen dort Fahrzeugschl\u00fcssel an sich.<\/p><h3>BMW X5 und BMW 320 ed gestohlen<\/h3><p>So gelang es die beiden schwarzen Fahrzeuge der Marke BMW (X5 und 320 ed) im Gesamtwert von circa 45.000 Euro zu entwenden. An einem der beiden Fahrzeuge waren zudem rote Kennzeichen (WUG &#8211; 06616) angebracht.<\/p><p>Das zust\u00e4ndige Fachkommissariat der Ansbacher Kriminalpolizei hat die Ermittlungen aufgenommen und bittet um Zeugenhinweise unter der Telefonnummer 0911 2112-3333.<\/p><p><strong>Michael Petzold\/n<\/strong><\/p><p>Original-Content von: Polizeipr\u00e4sidium Mittelfranken<\/p>\t\t\t\t\t\t<\/div>\n\t\t\t\t<\/div>\n\t\t\t\t<div class=\"elementor-element elementor-element-ace1283 elementor-widget-divider--view-line elementor-widget elementor-widget-divider\" data-id=\"ace1283\" data-element_type=\"widget\" data-widget_type=\"divider.default\">\n\t\t\t\t<div class=\"elementor-widget-container\">\n\t\t\t\t\t<div class=\"elementor-divider\">\n\t\t\t<span class=\"elementor-divider-separator\">\n\t\t\t\t\t\t<\/span>\n\t\t<\/div>\n\t\t\t\t<\/div>\n\t\t\t\t<\/div>\n\t\t\t\t<div class=\"elementor-element elementor-element-1l7zbzo elementor-widget elementor-widget-google_maps\" data-id=\"1l7zbzo\" data-element_type=\"widget\" data-widget_type=\"google_maps.default\">\n\t\t\t\t<div class=\"elementor-widget-container\">\n\t\t\t\t\t<div class=\"elementor-custom-embed\">\n\t\t\t<iframe loading=\"lazy\"\n\t\t\t\t\tsrc=\"https:\/\/maps.google.com\/maps?q=Wettelsheimer%20Stra%C3%9Fe%2C%20Treuchtlingen%2C%20Deutschland&#038;t=m&#038;z=16&#038;output=embed&#038;iwloc=near\"\n\t\t\t\t\ttitle=\"Wettelsheimer Stra\u00dfe, Treuchtlingen, Deutschland\"\n\t\t\t\t\taria-label=\"Wettelsheimer Stra\u00dfe, Treuchtlingen, Deutschland\"\n\t\t\t><\/iframe>\n\t\t<\/div>\n\t\t\t\t<\/div>\n\t\t\t\t<\/div>\n\t\t\t\t\t<\/div>\n\t\t<\/div>\n\t\t\t\t<div class=\"elementor-column elementor-col-33 elementor-top-column elementor-element elementor-element-0w0urt1\" data-id=\"0w0urt1\" data-element_type=\"column\">\n\t\t\t<div class=\"elementor-widget-wrap elementor-element-populated\">\n\t\t\t\t\t\t<div class=\"elementor-element elementor-element-mo6nk5i elementor-widget elementor-widget-image\" data-id=\"mo6nk5i\" data-element_type=\"widget\" data-widget_type=\"image.default\">\n\t\t\t\t<div class=\"elementor-widget-container\">\n\t\t\t\t\t\t\t\t\t\t\t\t\t\t<a href=\"http:\/\/www.region-schwabach.de\/wordpress\/werben-auf-region-schwabach\/\" target=\"_blank\">\n\t\t\t\t\t\t\t<img fetchpriority=\"high\" decoding=\"async\" width=\"1024\" height=\"1024\" src=\"https:\/\/www.region-schwabach.de\/wordpress\/wp-content\/uploads\/2017\/06\/werbung8-1024x1024.png\" class=\"attachment-large size-large wp-image-2484\" alt=\"\" srcset=\"https:\/\/www.region-schwabach.de\/wordpress\/wp-content\/uploads\/2017\/06\/werbung8-1024x1024.png 1024w, https:\/\/www.region-schwabach.de\/wordpress\/wp-content\/uploads\/2017\/06\/werbung8-150x150.png 150w, https:\/\/www.region-schwabach.de\/wordpress\/wp-content\/uploads\/2017\/06\/werbung8-300x300.png 300w, https:\/\/www.region-schwabach.de\/wordpress\/wp-content\/uploads\/2017\/06\/werbung8-768x768.png 768w, https:\/\/www.region-schwabach.de\/wordpress\/wp-content\/uploads\/2017\/06\/werbung8-600x600.png 600w, https:\/\/www.region-schwabach.de\/wordpress\/wp-content\/uploads\/2017\/06\/werbung8.png 1200w\" sizes=\"(max-width: 1024px) 100vw, 1024px\" \/>\t\t\t\t\t\t\t\t<\/a>\n\t\t\t\t\t\t\t\t\t\t\t\t\t<\/div>\n\t\t\t\t<\/div>\n\t\t\t\t\t<\/div>\n\t\t<\/div>\n\t\t\t\t\t<\/div>\n\t\t<\/section>\n\t\t\t\t<\/div>\n\t\t","protected":false},"excerpt":{"rendered":"<div class=\"mh-excerpt\"><p>Treuchtlingen (ots) &#8211; Wie bereits am 31.07.18 und 01.08.18 berichtet (Meldungen siehe unten), hatten Unbekannte zwei Pkw von einem Autohaus in der Wettelsheimer Stra\u00dfe entwendet, die tags darauf in Westhessen aufgefunden und sichergestellt wurden. Zwei <a class=\"mh-excerpt-more\" href=\"https:\/\/www.region-schwabach.de\/wordpress\/zwei-autos-vom-gelaende-eines-autohauses-in-treuchtlingen-entwendet-neues-update\/\" title=\"Zwei Autos vom Gel\u00e4nde eines Autohauses in Treuchtlingen entwendet &#8211; neues Update\">[&#8230;]<\/a><\/p>\n<\/div>","protected":false},"author":1,"featured_media":50397,"comment_status":"open","ping_status":"open","sticky":false,"template":"","format":"standard","meta":{"_cbd_carousel_blocks":"[]","footnotes":""},"categories":[15],"tags":[4554,4555,4556,610,5297,1074,30,1043,463,981,713,939,249,5298],"class_list":{"0":"post-53248","1":"post","2":"type-post","3":"status-publish","4":"format-standard","5":"has-post-thumbnail","7":"category-polizeimeldungen","8":"tag-29-07-2018","9":"tag-30-07-2018","10":"tag-31-07-2018","11":"tag-autohaus","12":"tag-bmw-320-ed","13":"tag-bmw-x5","14":"tag-diebstahl","15":"tag-gunzenhausen","16":"tag-pkw","17":"tag-polizei","18":"tag-schaden","19":"tag-treuchtlingen","20":"tag-weissenburg","21":"tag-wettelsheimer-strasse"},"_links":{"self":[{"href":"https:\/\/www.region-schwabach.de\/wordpress\/wp-json\/wp\/v2\/posts\/53248","targetHints":{"allow":["GET"]}}],"collection":[{"href":"https:\/\/www.region-schwabach.de\/wordpress\/wp-json\/wp\/v2\/posts"}],"about":[{"href":"https:\/\/www.region-schwabach.de\/wordpress\/wp-json\/wp\/v2\/types\/post"}],"author":[{"embeddable":true,"href":"https:\/\/www.region-schwabach.de\/wordpress\/wp-json\/wp\/v2\/users\/1"}],"replies":[{"embeddable":true,"href":"https:\/\/www.region-schwabach.de\/wordpress\/wp-json\/wp\/v2\/comments?post=53248"}],"version-history":[{"count":0,"href":"https:\/\/www.region-schwabach.de\/wordpress\/wp-json\/wp\/v2\/posts\/53248\/revisions"}],"wp:featuredmedia":[{"embeddable":true,"href":"https:\/\/www.region-schwabach.de\/wordpress\/wp-json\/wp\/v2\/media\/50397"}],"wp:attachment":[{"href":"https:\/\/www.region-schwabach.de\/wordpress\/wp-json\/wp\/v2\/media?parent=53248"}],"wp:term":[{"taxonomy":"category","embeddable":true,"href":"https:\/\/www.region-schwabach.de\/wordpress\/wp-json\/wp\/v2\/categories?post=53248"},{"taxonomy":"post_tag","embeddable":true,"href":"https:\/\/www.region-schwabach.de\/wordpress\/wp-json\/wp\/v2\/tags?post=53248"}],"curies":[{"name":"wp","href":"https:\/\/api.w.org\/{rel}","templated":true}]}}