{"id":53320,"date":"2018-09-23T00:05:38","date_gmt":"2018-09-22T22:05:38","guid":{"rendered":"http:\/\/www.region-schwabach.de\/wordpress\/?p=53320"},"modified":"2018-09-23T01:30:21","modified_gmt":"2018-09-22T23:30:21","slug":"thomas-bindl-bruechig-malerei-und-grafik","status":"publish","type":"post","link":"https:\/\/www.region-schwabach.de\/wordpress\/thomas-bindl-bruechig-malerei-und-grafik\/","title":{"rendered":"Thomas Bindl &#8211; &#8222;br\u00fcchig&#8220; &#8211; Malerei und Grafik"},"content":{"rendered":"\t\t<div data-elementor-type=\"wp-post\" data-elementor-id=\"53320\" class=\"elementor elementor-53320 elementor-bc-flex-widget\">\n\t\t\t\t\t\t<section class=\"elementor-section elementor-top-section elementor-element elementor-element-678181b elementor-section-boxed elementor-section-height-default elementor-section-height-default\" data-id=\"678181b\" data-element_type=\"section\">\n\t\t\t\t\t\t<div class=\"elementor-container elementor-column-gap-default\">\n\t\t\t\t\t<div class=\"elementor-column elementor-col-66 elementor-top-column elementor-element elementor-element-6b34026\" data-id=\"6b34026\" data-element_type=\"column\">\n\t\t\t<div class=\"elementor-widget-wrap elementor-element-populated\">\n\t\t\t\t\t\t<div class=\"elementor-element elementor-element-443ab98 elementor-widget elementor-widget-text-editor\" data-id=\"443ab98\" data-element_type=\"widget\" data-widget_type=\"text-editor.default\">\n\t\t\t\t<div class=\"elementor-widget-container\">\n\t\t\t\t\t\t\t<h3 class=\"idgroup_7 group_container\">Thomas Bindl &#8211; &#8222;br\u00fcchig&#8220; &#8211; Malerei und Grafik in der St\u00e4dtischen Galerie in Schwabach<\/h3><p class=\"idgroup_7 group_container\">Schwabach \u2013 Von Freitag, den 24.08.2018, bis Sonntag, den 23.09.2018, zeigt der K\u00fcnstlerbund Schwabach in der St\u00e4dtischen Galerie in Schwabach unter dem Motto &#8222;Thomas Bindl &#8211; &#8222;br\u00fcchig&#8220; &#8211; Malerei und Grafik&#8220; zahlreiche Bilder und Werke von Thomas Bichl.<\/p><h3>Vernissage<\/h3><p>Die Vernissage &#8211; mit einer Einf\u00fchrung von Dr. Dr. Barbara H\u00e4cker &#8211; zu der Ausstellung findet am Freitag, den 24. August, um 19.00 Uhr statt.<\/p><h3 class=\"idgroup_7 group_container\">Ausstellungszeiten<\/h3><p>Ge\u00f6ffnet ist die Ausstellung in der St\u00e4dtischen Galerie (K\u00f6nigsplatz 29A) zu folgenden Zeiten:<\/p><table style=\"border-collapse: collapse; width: 100%;\" border=\"1\"><tbody><tr><td style=\"width: 33.3333%;\">Tag<\/td><td style=\"width: 33.3333%;\">Von &#8230;<\/td><td style=\"width: 33.3333%;\">&#8230; bis<\/td><\/tr><tr><td style=\"width: 33.3333%;\">\u00a0<\/td><td style=\"width: 33.3333%;\">\u00a0<\/td><td style=\"width: 33.3333%;\">\u00a0<\/td><\/tr><tr><td style=\"width: 33.3333%;\">Donnerstag<\/td><td style=\"width: 33.3333%;\">11.00 Uhr<\/td><td style=\"width: 33.3333%;\">18.00 Uhr<\/td><\/tr><tr><td style=\"width: 33.3333%;\">Freitag<\/td><td style=\"width: 33.3333%;\">11.00 Uhr<\/td><td style=\"width: 33.3333%;\">18.00 Uhr<\/td><\/tr><tr><td style=\"width: 33.3333%;\">Samstag<\/td><td style=\"width: 33.3333%;\">10.00 Uhr<\/td><td style=\"width: 33.3333%;\">13.00 Uhr<\/td><\/tr><tr><td style=\"width: 33.3333%;\">Sonntag<\/td><td style=\"width: 33.3333%;\">13.00 Uhr<\/td><td style=\"width: 33.3333%;\">16.00 Uhr<\/td><\/tr><\/tbody><\/table><div>\u00a0<\/div><h3>Weiterf\u00fchrende Links:<\/h3><div><a href=\"http:\/\/www.kuenstlerbund-schwabach.de\/ausstellungen\/index.html\" target=\"_blank\" rel=\"noopener\">Hier geht&#8217;s zur Homepage des K\u00fcnstlerbundes &#8230;<\/a><\/div>\t\t\t\t\t\t<\/div>\n\t\t\t\t<\/div>\n\t\t\t\t<div class=\"elementor-element elementor-element-a29781d elementor-widget-divider--view-line elementor-widget elementor-widget-divider\" data-id=\"a29781d\" data-element_type=\"widget\" data-widget_type=\"divider.default\">\n\t\t\t\t<div class=\"elementor-widget-container\">\n\t\t\t\t\t<div class=\"elementor-divider\">\n\t\t\t<span class=\"elementor-divider-separator\">\n\t\t\t\t\t\t<\/span>\n\t\t<\/div>\n\t\t\t\t<\/div>\n\t\t\t\t<\/div>\n\t\t\t\t<div class=\"elementor-element elementor-element-cd4eeaf elementor-widget elementor-widget-google_maps\" data-id=\"cd4eeaf\" data-element_type=\"widget\" data-widget_type=\"google_maps.default\">\n\t\t\t\t<div class=\"elementor-widget-container\">\n\t\t\t\t\t<div class=\"elementor-custom-embed\">\n\t\t\t<iframe loading=\"lazy\"\n\t\t\t\t\tsrc=\"https:\/\/maps.google.com\/maps?q=K%C3%B6nigsplatz%2029A%2C%20Schwabach%2C%20Deutschland&#038;t=m&#038;z=17&#038;output=embed&#038;iwloc=near\"\n\t\t\t\t\ttitle=\"K\u00f6nigsplatz 29A, Schwabach, Deutschland\"\n\t\t\t\t\taria-label=\"K\u00f6nigsplatz 29A, Schwabach, Deutschland\"\n\t\t\t><\/iframe>\n\t\t<\/div>\n\t\t\t\t<\/div>\n\t\t\t\t<\/div>\n\t\t\t\t\t<\/div>\n\t\t<\/div>\n\t\t\t\t<div class=\"elementor-column elementor-col-33 elementor-top-column elementor-element elementor-element-f645137\" data-id=\"f645137\" data-element_type=\"column\">\n\t\t\t<div class=\"elementor-widget-wrap elementor-element-populated\">\n\t\t\t\t\t\t<div class=\"elementor-element elementor-element-25043c1 elementor-widget elementor-widget-image\" data-id=\"25043c1\" data-element_type=\"widget\" data-widget_type=\"image.default\">\n\t\t\t\t<div class=\"elementor-widget-container\">\n\t\t\t\t\t\t\t\t\t\t\t\t\t<img fetchpriority=\"high\" decoding=\"async\" width=\"300\" height=\"300\" src=\"https:\/\/www.region-schwabach.de\/wordpress\/wp-content\/uploads\/2018\/04\/werbung1-300x300.png\" class=\"attachment-medium size-medium wp-image-35382\" alt=\"\" srcset=\"https:\/\/www.region-schwabach.de\/wordpress\/wp-content\/uploads\/2018\/04\/werbung1-300x300.png 300w, https:\/\/www.region-schwabach.de\/wordpress\/wp-content\/uploads\/2018\/04\/werbung1-150x150.png 150w, https:\/\/www.region-schwabach.de\/wordpress\/wp-content\/uploads\/2018\/04\/werbung1-768x768.png 768w, https:\/\/www.region-schwabach.de\/wordpress\/wp-content\/uploads\/2018\/04\/werbung1-1024x1024.png 1024w, https:\/\/www.region-schwabach.de\/wordpress\/wp-content\/uploads\/2018\/04\/werbung1.png 1200w\" sizes=\"(max-width: 300px) 100vw, 300px\" \/>\t\t\t\t\t\t\t\t\t\t\t\t\t<\/div>\n\t\t\t\t<\/div>\n\t\t\t\t\t<\/div>\n\t\t<\/div>\n\t\t\t\t\t<\/div>\n\t\t<\/section>\n\t\t\t\t<\/div>\n\t\t","protected":false},"excerpt":{"rendered":"<div class=\"mh-excerpt\"><p>Thomas Bindl &#8211; &#8222;br\u00fcchig&#8220; &#8211; Malerei und Grafik in der St\u00e4dtischen Galerie in Schwabach Schwabach \u2013 Von Freitag, den 24.08.2018, bis Sonntag, den 23.09.2018, zeigt der K\u00fcnstlerbund Schwabach in der St\u00e4dtischen Galerie in Schwabach unter <a class=\"mh-excerpt-more\" href=\"https:\/\/www.region-schwabach.de\/wordpress\/thomas-bindl-bruechig-malerei-und-grafik\/\" title=\"Thomas Bindl &#8211; &#8222;br\u00fcchig&#8220; &#8211; Malerei und Grafik\">[&#8230;]<\/a><\/p>\n<\/div>","protected":false},"author":1,"featured_media":0,"comment_status":"open","ping_status":"open","sticky":false,"template":"","format":"standard","meta":{"_cbd_carousel_blocks":"[]","footnotes":""},"categories":[16,1,287,61,231,140],"tags":[5616,4878,4813,1480,19,3881,4045],"class_list":{"0":"post-53320","1":"post","2":"type-post","3":"status-publish","4":"format-standard","6":"category-aktuell","7":"category-allgemein","8":"category-jugend-und-familie","9":"category-rathaus","10":"category-veranstaltungsnews","11":"category-vereine","12":"tag-24-august-2018-bis-23-september-2018","13":"tag-august-2018","14":"tag-kuenstlerbund","15":"tag-rathaus","16":"tag-schwabach","17":"tag-september-2018","18":"tag-staedtische-galerie"},"_links":{"self":[{"href":"https:\/\/www.region-schwabach.de\/wordpress\/wp-json\/wp\/v2\/posts\/53320","targetHints":{"allow":["GET"]}}],"collection":[{"href":"https:\/\/www.region-schwabach.de\/wordpress\/wp-json\/wp\/v2\/posts"}],"about":[{"href":"https:\/\/www.region-schwabach.de\/wordpress\/wp-json\/wp\/v2\/types\/post"}],"author":[{"embeddable":true,"href":"https:\/\/www.region-schwabach.de\/wordpress\/wp-json\/wp\/v2\/users\/1"}],"replies":[{"embeddable":true,"href":"https:\/\/www.region-schwabach.de\/wordpress\/wp-json\/wp\/v2\/comments?post=53320"}],"version-history":[{"count":0,"href":"https:\/\/www.region-schwabach.de\/wordpress\/wp-json\/wp\/v2\/posts\/53320\/revisions"}],"wp:attachment":[{"href":"https:\/\/www.region-schwabach.de\/wordpress\/wp-json\/wp\/v2\/media?parent=53320"}],"wp:term":[{"taxonomy":"category","embeddable":true,"href":"https:\/\/www.region-schwabach.de\/wordpress\/wp-json\/wp\/v2\/categories?post=53320"},{"taxonomy":"post_tag","embeddable":true,"href":"https:\/\/www.region-schwabach.de\/wordpress\/wp-json\/wp\/v2\/tags?post=53320"}],"curies":[{"name":"wp","href":"https:\/\/api.w.org\/{rel}","templated":true}]}}