{"id":53355,"date":"2018-08-25T00:01:53","date_gmt":"2018-08-24T22:01:53","guid":{"rendered":"http:\/\/www.region-schwabach.de\/wordpress\/?p=53355"},"modified":"2018-08-25T06:58:58","modified_gmt":"2018-08-25T04:58:58","slug":"geschichte-der-hugenotten-und-ein-blick-in-schwabachs-unterwelt-die-felsenkeller","status":"publish","type":"post","link":"https:\/\/www.region-schwabach.de\/wordpress\/geschichte-der-hugenotten-und-ein-blick-in-schwabachs-unterwelt-die-felsenkeller\/","title":{"rendered":"Geschichte der Hugenotten und ein Blick in Schwabachs Unterwelt \u2013 Die Felsenkeller"},"content":{"rendered":"\t\t<div data-elementor-type=\"wp-post\" data-elementor-id=\"53355\" class=\"elementor elementor-53355 elementor-bc-flex-widget\">\n\t\t\t\t\t\t<section class=\"elementor-section elementor-top-section elementor-element elementor-element-678181b elementor-section-boxed elementor-section-height-default elementor-section-height-default\" data-id=\"678181b\" data-element_type=\"section\">\n\t\t\t\t\t\t<div class=\"elementor-container elementor-column-gap-default\">\n\t\t\t\t\t<div class=\"elementor-column elementor-col-66 elementor-top-column elementor-element elementor-element-6b34026\" data-id=\"6b34026\" data-element_type=\"column\">\n\t\t\t<div class=\"elementor-widget-wrap elementor-element-populated\">\n\t\t\t\t\t\t<div class=\"elementor-element elementor-element-443ab98 elementor-widget elementor-widget-text-editor\" data-id=\"443ab98\" data-element_type=\"widget\" data-widget_type=\"text-editor.default\">\n\t\t\t\t<div class=\"elementor-widget-container\">\n\t\t\t\t\t\t\t<h3>Geschichte der Hugenotten und ein Blick in Schwabachs Unterwelt \u2013 Die Felsenkeller am Samstag, 25. August 2018:<\/h3><p>Schwabach &#8211;\u00a0Am Samstag, den 25. August, findet wieder die beliebte und interessante F\u00fchrung durch den Felsenkeller in der Boxlohe statt. Los geht&#8217;s um 15.00 Uhr\u00a0 in der Franzosenkirche, wo Sie zuerst einiges Wissenswerte \u00fcber die Geschichte der Hugenotten, die sich vor \u00fcber 320 Jahren in Schwabach niederlie\u00dfen, erfahren, bevor es dann anschlie\u00dfend in den Untergrund geht.<\/p><h3>Info:<\/h3><p>Diese F\u00fchrung findet bis zum 27. Oktober\u00a0jeden 4. Samstag im Monat statt, eine Anmeldung ist nicht notwendig, Tickets f\u00fcr 5,- Euro (Erwachsene) bzw. 2,50 (Kinder) gibt es beim Rundgangsleiter .<\/p><p>Weiterf\u00fchrende Lnks:\u00a0<\/p><p><a href=\"https:\/\/www.schwabach.de\/de\/schwabach-erleben\/tourismus\/en\/naechste-fuehrungen\/6521-geschichte-hugenotten-und-ein-blick-in-schwabachs-unterwelt-felsenkeller-2.html\" target=\"_blank\" rel=\"noopener\">Weitere Infos zu der F\u00fchrung gibt es hier &#8230;<\/a><\/p>\t\t\t\t\t\t<\/div>\n\t\t\t\t<\/div>\n\t\t\t\t<div class=\"elementor-element elementor-element-0c834d7 elementor-widget-divider--view-line elementor-widget elementor-widget-divider\" data-id=\"0c834d7\" data-element_type=\"widget\" data-widget_type=\"divider.default\">\n\t\t\t\t<div class=\"elementor-widget-container\">\n\t\t\t\t\t<div class=\"elementor-divider\">\n\t\t\t<span class=\"elementor-divider-separator\">\n\t\t\t\t\t\t<\/span>\n\t\t<\/div>\n\t\t\t\t<\/div>\n\t\t\t\t<\/div>\n\t\t\t\t<div class=\"elementor-element elementor-element-325f51f elementor-widget elementor-widget-google_maps\" data-id=\"325f51f\" data-element_type=\"widget\" data-widget_type=\"google_maps.default\">\n\t\t\t\t<div class=\"elementor-widget-container\">\n\t\t\t\t\t<div class=\"elementor-custom-embed\">\n\t\t\t<iframe loading=\"lazy\"\n\t\t\t\t\tsrc=\"https:\/\/maps.google.com\/maps?q=Boxlohe%2C%20Schwabach%2C%20Deutschland&#038;t=m&#038;z=18&#038;output=embed&#038;iwloc=near\"\n\t\t\t\t\ttitle=\"Boxlohe, Schwabach, Deutschland\"\n\t\t\t\t\taria-label=\"Boxlohe, Schwabach, Deutschland\"\n\t\t\t><\/iframe>\n\t\t<\/div>\n\t\t\t\t<\/div>\n\t\t\t\t<\/div>\n\t\t\t\t\t<\/div>\n\t\t<\/div>\n\t\t\t\t<div class=\"elementor-column elementor-col-33 elementor-top-column elementor-element elementor-element-f645137\" data-id=\"f645137\" data-element_type=\"column\">\n\t\t\t<div class=\"elementor-widget-wrap elementor-element-populated\">\n\t\t\t\t\t\t<div class=\"elementor-element elementor-element-25043c1 elementor-widget elementor-widget-image\" data-id=\"25043c1\" data-element_type=\"widget\" data-widget_type=\"image.default\">\n\t\t\t\t<div class=\"elementor-widget-container\">\n\t\t\t\t\t\t\t\t\t\t\t\t\t<img fetchpriority=\"high\" decoding=\"async\" width=\"300\" height=\"300\" src=\"https:\/\/www.region-schwabach.de\/wordpress\/wp-content\/uploads\/2018\/04\/werbung1-300x300.png\" class=\"attachment-medium size-medium wp-image-35382\" alt=\"\" srcset=\"https:\/\/www.region-schwabach.de\/wordpress\/wp-content\/uploads\/2018\/04\/werbung1-300x300.png 300w, https:\/\/www.region-schwabach.de\/wordpress\/wp-content\/uploads\/2018\/04\/werbung1-150x150.png 150w, https:\/\/www.region-schwabach.de\/wordpress\/wp-content\/uploads\/2018\/04\/werbung1-768x768.png 768w, https:\/\/www.region-schwabach.de\/wordpress\/wp-content\/uploads\/2018\/04\/werbung1-1024x1024.png 1024w, https:\/\/www.region-schwabach.de\/wordpress\/wp-content\/uploads\/2018\/04\/werbung1.png 1200w\" sizes=\"(max-width: 300px) 100vw, 300px\" \/>\t\t\t\t\t\t\t\t\t\t\t\t\t<\/div>\n\t\t\t\t<\/div>\n\t\t\t\t\t<\/div>\n\t\t<\/div>\n\t\t\t\t\t<\/div>\n\t\t<\/section>\n\t\t\t\t<\/div>\n\t\t","protected":false},"excerpt":{"rendered":"<div class=\"mh-excerpt\"><p>Geschichte der Hugenotten und ein Blick in Schwabachs Unterwelt \u2013 Die Felsenkeller am Samstag, 25. August 2018: Schwabach &#8211;\u00a0Am Samstag, den 25. August, findet wieder die beliebte und interessante F\u00fchrung durch den Felsenkeller in der <a class=\"mh-excerpt-more\" href=\"https:\/\/www.region-schwabach.de\/wordpress\/geschichte-der-hugenotten-und-ein-blick-in-schwabachs-unterwelt-die-felsenkeller\/\" title=\"Geschichte der Hugenotten und ein Blick in Schwabachs Unterwelt \u2013 Die Felsenkeller\">[&#8230;]<\/a><\/p>\n<\/div>","protected":false},"author":1,"featured_media":53357,"comment_status":"open","ping_status":"open","sticky":false,"template":"","format":"standard","meta":{"_cbd_carousel_blocks":"[]","footnotes":""},"categories":[16,1,287,231,140],"tags":[5254,5341,3914,53,5626,5625,1480,19],"class_list":{"0":"post-53355","1":"post","2":"type-post","3":"status-publish","4":"format-standard","5":"has-post-thumbnail","7":"category-aktuell","8":"category-allgemein","9":"category-jugend-und-familie","10":"category-veranstaltungsnews","11":"category-vereine","12":"tag-25-08-2018","13":"tag-felsenkeller","14":"tag-franzosenkirche","15":"tag-fuehrung","16":"tag-geschichte","17":"tag-hugenotten","18":"tag-rathaus","19":"tag-schwabach"},"_links":{"self":[{"href":"https:\/\/www.region-schwabach.de\/wordpress\/wp-json\/wp\/v2\/posts\/53355","targetHints":{"allow":["GET"]}}],"collection":[{"href":"https:\/\/www.region-schwabach.de\/wordpress\/wp-json\/wp\/v2\/posts"}],"about":[{"href":"https:\/\/www.region-schwabach.de\/wordpress\/wp-json\/wp\/v2\/types\/post"}],"author":[{"embeddable":true,"href":"https:\/\/www.region-schwabach.de\/wordpress\/wp-json\/wp\/v2\/users\/1"}],"replies":[{"embeddable":true,"href":"https:\/\/www.region-schwabach.de\/wordpress\/wp-json\/wp\/v2\/comments?post=53355"}],"version-history":[{"count":0,"href":"https:\/\/www.region-schwabach.de\/wordpress\/wp-json\/wp\/v2\/posts\/53355\/revisions"}],"wp:featuredmedia":[{"embeddable":true,"href":"https:\/\/www.region-schwabach.de\/wordpress\/wp-json\/wp\/v2\/media\/53357"}],"wp:attachment":[{"href":"https:\/\/www.region-schwabach.de\/wordpress\/wp-json\/wp\/v2\/media?parent=53355"}],"wp:term":[{"taxonomy":"category","embeddable":true,"href":"https:\/\/www.region-schwabach.de\/wordpress\/wp-json\/wp\/v2\/categories?post=53355"},{"taxonomy":"post_tag","embeddable":true,"href":"https:\/\/www.region-schwabach.de\/wordpress\/wp-json\/wp\/v2\/tags?post=53355"}],"curies":[{"name":"wp","href":"https:\/\/api.w.org\/{rel}","templated":true}]}}