{"id":53368,"date":"2018-08-25T07:47:21","date_gmt":"2018-08-25T05:47:21","guid":{"rendered":"http:\/\/www.region-schwabach.de\/wordpress\/?p=53368"},"modified":"2018-08-25T08:14:35","modified_gmt":"2018-08-25T06:14:35","slug":"polizeieinsatz-bei-fussballspiel-in-schwabach","status":"publish","type":"post","link":"https:\/\/www.region-schwabach.de\/wordpress\/polizeieinsatz-bei-fussballspiel-in-schwabach\/","title":{"rendered":"Polizeieinsatz bei Fu\u00dfballspiel in Schwabach"},"content":{"rendered":"\t\t<div data-elementor-type=\"wp-post\" data-elementor-id=\"53368\" class=\"elementor elementor-53368 elementor-bc-flex-widget\">\n\t\t\t\t\t\t<section class=\"elementor-section elementor-top-section elementor-element elementor-element-1cuv9jr elementor-section-boxed elementor-section-height-default elementor-section-height-default\" data-id=\"1cuv9jr\" data-element_type=\"section\">\n\t\t\t\t\t\t<div class=\"elementor-container elementor-column-gap-default\">\n\t\t\t\t\t<div class=\"elementor-column elementor-col-66 elementor-top-column elementor-element elementor-element-q5zak7b\" data-id=\"q5zak7b\" data-element_type=\"column\">\n\t\t\t<div class=\"elementor-widget-wrap elementor-element-populated\">\n\t\t\t\t\t\t<div class=\"elementor-element elementor-element-a4daeae elementor-widget elementor-widget-text-editor\" data-id=\"a4daeae\" data-element_type=\"widget\" data-widget_type=\"text-editor.default\">\n\t\t\t\t<div class=\"elementor-widget-container\">\n\t\t\t\t\t\t\t<h3><strong>Landesligaspiel sorgt f\u00fcr gr\u00f6\u00dferen Polizeieinsatz<\/strong><\/h3><p>Schwabach &#8211; Am Freitagabend, den 24.08.2018, kam es w\u00e4hrend des Landesligaspiels zwischen den SC 04 Schwabach und Eintracht Bamberg im Stadion in der N\u00f6rdlinger Stra\u00dfe zu mehreren Strafdaten durch Anh\u00e4nger der G\u00e4stemannschaft, in deren Folge vier Fans festgenommen wurden.<\/p><h3>Polizei, Bereitschaftspolizei und\u00a0Diensthundef\u00fchrer im Einsatz<\/h3><p>Die teilweise Alkoholisierten \u00fcbergossen zuerst einen eingestzten Ordner mit Bier, und wurden im Laufe der Zeit immer aggressiver, so da\u00df sich der Veranstalter dazu veranlasst sah, die Polizei zu Hilfe zu rufen. Um die Lage unter Kontrolle zu bringen, mu\u00dften neben Kr\u00e4ften der zust\u00e4ndigen PI Schwabach, auch ein Zug der Bereitschaftspolizei und zwei Diensthundef\u00fchrer anr\u00fccken.<\/p><h3>Beleidigungen, Sachbesch\u00e4digung und\u00a0Angriff auf Vollstreckungsbeamte<\/h3><p>Dabei kam es durch die ca. 50 Personen aus dem Fanblock der G\u00e4stemannschaft zu Beleidigungen gegen\u00fcber den Beamten, einer Sachbesch\u00e4digung, sowie einen Angriff auf Vollstreckungsbeamte, bei dem ein 21-j\u00e4hriger &#8222;Fan&#8220;einem Polizeibeamten einen Faustschlag in das Gesicht verpasste.<\/p><h3>Alle Beteiligten wieder auf freiem Fu\u00df<\/h3><p>Alle Beschuldigten konnten vor Ort ermittelt, und festgenommen werden. Nach Beendigung aller polizeilichen Ma\u00dfnahmen wurden alle betroffenen Personen noch am selben Abend wieder freigelassen, der durch den Faustschlag verletzte Beamte erlitt nur leichte Verletzungen, blieb jedoch bis auf weiteres dienstf\u00e4hig.<\/p>\t\t\t\t\t\t<\/div>\n\t\t\t\t<\/div>\n\t\t\t\t<div class=\"elementor-element elementor-element-ace1283 elementor-widget-divider--view-line elementor-widget elementor-widget-divider\" data-id=\"ace1283\" data-element_type=\"widget\" data-widget_type=\"divider.default\">\n\t\t\t\t<div class=\"elementor-widget-container\">\n\t\t\t\t\t<div class=\"elementor-divider\">\n\t\t\t<span class=\"elementor-divider-separator\">\n\t\t\t\t\t\t<\/span>\n\t\t<\/div>\n\t\t\t\t<\/div>\n\t\t\t\t<\/div>\n\t\t\t\t<div class=\"elementor-element elementor-element-1l7zbzo elementor-widget elementor-widget-google_maps\" data-id=\"1l7zbzo\" data-element_type=\"widget\" data-widget_type=\"google_maps.default\">\n\t\t\t\t<div class=\"elementor-widget-container\">\n\t\t\t\t\t<div class=\"elementor-custom-embed\">\n\t\t\t<iframe loading=\"lazy\"\n\t\t\t\t\tsrc=\"https:\/\/maps.google.com\/maps?q=N%C3%B6rdlinger%20Stra%C3%9Fe%2048%2C%20Schwabach%2C%20Deutschland&#038;t=m&#038;z=16&#038;output=embed&#038;iwloc=near\"\n\t\t\t\t\ttitle=\"N\u00f6rdlinger Stra\u00dfe 48, Schwabach, Deutschland\"\n\t\t\t\t\taria-label=\"N\u00f6rdlinger Stra\u00dfe 48, Schwabach, Deutschland\"\n\t\t\t><\/iframe>\n\t\t<\/div>\n\t\t\t\t<\/div>\n\t\t\t\t<\/div>\n\t\t\t\t\t<\/div>\n\t\t<\/div>\n\t\t\t\t<div class=\"elementor-column elementor-col-33 elementor-top-column elementor-element elementor-element-0w0urt1\" data-id=\"0w0urt1\" data-element_type=\"column\">\n\t\t\t<div class=\"elementor-widget-wrap elementor-element-populated\">\n\t\t\t\t\t\t<div class=\"elementor-element elementor-element-mo6nk5i elementor-widget elementor-widget-image\" data-id=\"mo6nk5i\" data-element_type=\"widget\" data-widget_type=\"image.default\">\n\t\t\t\t<div class=\"elementor-widget-container\">\n\t\t\t\t\t\t\t\t\t\t\t\t\t\t<a href=\"http:\/\/www.region-schwabach.de\/wordpress\/werben-auf-region-schwabach\/\" target=\"_blank\">\n\t\t\t\t\t\t\t<img fetchpriority=\"high\" decoding=\"async\" width=\"1024\" height=\"1024\" src=\"https:\/\/www.region-schwabach.de\/wordpress\/wp-content\/uploads\/2017\/06\/werbung8-1024x1024.png\" class=\"attachment-large size-large wp-image-2484\" alt=\"\" srcset=\"https:\/\/www.region-schwabach.de\/wordpress\/wp-content\/uploads\/2017\/06\/werbung8-1024x1024.png 1024w, https:\/\/www.region-schwabach.de\/wordpress\/wp-content\/uploads\/2017\/06\/werbung8-150x150.png 150w, https:\/\/www.region-schwabach.de\/wordpress\/wp-content\/uploads\/2017\/06\/werbung8-300x300.png 300w, https:\/\/www.region-schwabach.de\/wordpress\/wp-content\/uploads\/2017\/06\/werbung8-768x768.png 768w, https:\/\/www.region-schwabach.de\/wordpress\/wp-content\/uploads\/2017\/06\/werbung8-600x600.png 600w, https:\/\/www.region-schwabach.de\/wordpress\/wp-content\/uploads\/2017\/06\/werbung8.png 1200w\" sizes=\"(max-width: 1024px) 100vw, 1024px\" \/>\t\t\t\t\t\t\t\t<\/a>\n\t\t\t\t\t\t\t\t\t\t\t\t\t<\/div>\n\t\t\t\t<\/div>\n\t\t\t\t\t<\/div>\n\t\t<\/div>\n\t\t\t\t\t<\/div>\n\t\t<\/section>\n\t\t\t\t<\/div>\n\t\t","protected":false},"excerpt":{"rendered":"<div class=\"mh-excerpt\"><p>Landesligaspiel sorgt f\u00fcr gr\u00f6\u00dferen Polizeieinsatz Schwabach &#8211; Am Freitagabend, den 24.08.2018, kam es w\u00e4hrend des Landesligaspiels zwischen den SC 04 Schwabach und Eintracht Bamberg im Stadion in der N\u00f6rdlinger Stra\u00dfe zu mehreren Strafdaten durch Anh\u00e4nger <a class=\"mh-excerpt-more\" href=\"https:\/\/www.region-schwabach.de\/wordpress\/polizeieinsatz-bei-fussballspiel-in-schwabach\/\" title=\"Polizeieinsatz bei Fu\u00dfballspiel in Schwabach\">[&#8230;]<\/a><\/p>\n<\/div>","protected":false},"author":1,"featured_media":53369,"comment_status":"open","ping_status":"open","sticky":false,"template":"","format":"standard","meta":{"_cbd_carousel_blocks":"[]","footnotes":""},"categories":[16,15],"tags":[306,5638,5637,5634,5635,677,981,5619,5636,713,19],"class_list":{"0":"post-53368","1":"post","2":"type-post","3":"status-publish","4":"format-standard","5":"has-post-thumbnail","7":"category-aktuell","8":"category-polizeimeldungen","9":"tag-24-08-2017","10":"tag-bleidigung-sachbeschaedigug","11":"tag-eintracht-bamberg","12":"tag-fussballspiel","13":"tag-landesliga","14":"tag-noerdlinger-strasse","15":"tag-polizei","16":"tag-sachchaden","17":"tag-sc-04-schwabach","18":"tag-schaden","19":"tag-schwabach"},"_links":{"self":[{"href":"https:\/\/www.region-schwabach.de\/wordpress\/wp-json\/wp\/v2\/posts\/53368","targetHints":{"allow":["GET"]}}],"collection":[{"href":"https:\/\/www.region-schwabach.de\/wordpress\/wp-json\/wp\/v2\/posts"}],"about":[{"href":"https:\/\/www.region-schwabach.de\/wordpress\/wp-json\/wp\/v2\/types\/post"}],"author":[{"embeddable":true,"href":"https:\/\/www.region-schwabach.de\/wordpress\/wp-json\/wp\/v2\/users\/1"}],"replies":[{"embeddable":true,"href":"https:\/\/www.region-schwabach.de\/wordpress\/wp-json\/wp\/v2\/comments?post=53368"}],"version-history":[{"count":0,"href":"https:\/\/www.region-schwabach.de\/wordpress\/wp-json\/wp\/v2\/posts\/53368\/revisions"}],"wp:featuredmedia":[{"embeddable":true,"href":"https:\/\/www.region-schwabach.de\/wordpress\/wp-json\/wp\/v2\/media\/53369"}],"wp:attachment":[{"href":"https:\/\/www.region-schwabach.de\/wordpress\/wp-json\/wp\/v2\/media?parent=53368"}],"wp:term":[{"taxonomy":"category","embeddable":true,"href":"https:\/\/www.region-schwabach.de\/wordpress\/wp-json\/wp\/v2\/categories?post=53368"},{"taxonomy":"post_tag","embeddable":true,"href":"https:\/\/www.region-schwabach.de\/wordpress\/wp-json\/wp\/v2\/tags?post=53368"}],"curies":[{"name":"wp","href":"https:\/\/api.w.org\/{rel}","templated":true}]}}