{"id":53602,"date":"2018-08-25T23:16:01","date_gmt":"2018-08-25T21:16:01","guid":{"rendered":"http:\/\/www.region-schwabach.de\/wordpress\/?p=53602"},"modified":"2018-10-14T21:23:42","modified_gmt":"2018-10-14T19:23:42","slug":"oberreichenbacher-strasse-vom-3-september-bis-zum-10-september-2018-gesperrt","status":"publish","type":"post","link":"https:\/\/www.region-schwabach.de\/wordpress\/oberreichenbacher-strasse-vom-3-september-bis-zum-10-september-2018-gesperrt\/","title":{"rendered":"Oberreichenbacher Stra\u00dfe vom 3. September bis zum 10. September 2018 gesperrt"},"content":{"rendered":"\t\t<div data-elementor-type=\"wp-post\" data-elementor-id=\"53602\" class=\"elementor elementor-53602 elementor-bc-flex-widget\">\n\t\t\t\t\t\t<section class=\"elementor-section elementor-top-section elementor-element elementor-element-1dzeyuh elementor-section-boxed elementor-section-height-default elementor-section-height-default\" data-id=\"1dzeyuh\" data-element_type=\"section\">\n\t\t\t\t\t\t<div class=\"elementor-container elementor-column-gap-default\">\n\t\t\t\t\t<div class=\"elementor-column elementor-col-66 elementor-top-column elementor-element elementor-element-aam59ft\" data-id=\"aam59ft\" data-element_type=\"column\">\n\t\t\t<div class=\"elementor-widget-wrap elementor-element-populated\">\n\t\t\t\t\t\t<div class=\"elementor-element elementor-element-k9p1oyc elementor-widget elementor-widget-text-editor\" data-id=\"k9p1oyc\" data-element_type=\"widget\" data-widget_type=\"text-editor.default\">\n\t\t\t\t<div class=\"elementor-widget-container\">\n\t\t\t\t\t\t\t<h3>Sperrung vom 3. September 2018 bis 10. September 2018 n\u00f6tig<\/h3><p>Von Montag, den 03.09.2018, bis Montag, den 10.09.2018, kommt es in Schwabach zur Sperrung der Oberreichenbacher Stra\u00dfe &#8211; zwischen den Einm\u00fcndungen in die Markgrafenstra\u00dfe und Am Jakobsweg.<\/p><h3><strong>Asphaltdecken\u00fcberzug f\u00fcr Sperrung verantwortlich<\/strong><\/h3><p>Grund der Sperrung ist ein Asphaltdecken\u00fcberzug zwischen den Einm\u00fcndungen in die Markgrafenstra\u00dfe und Am Jakobsweg.<\/p><h3>Umleitung eingerichtet<\/h3><p>W\u00e4hrend der Sperrung erfolgt die Umleitung von und nach Oberreichenbach \u00fcber die Markgrafenstra\u00dfe bis zum Kreisverkehr in Gustenfelden, und weiter \u00fcber den Wirtschaftsweg nach Oberreichenbach.<\/p><h3>Anliegerverkehr bis zur Baustelle m\u00f6glich<\/h3><p>F\u00fcr die Dauer der Sperrung ist die Zufahrt f\u00fcr Anlieger bis zur Baustelle m\u00f6glich.<\/p>\t\t\t\t\t\t<\/div>\n\t\t\t\t<\/div>\n\t\t\t\t<div class=\"elementor-element elementor-element-rf47wqh elementor-widget elementor-widget-google_maps\" data-id=\"rf47wqh\" data-element_type=\"widget\" data-widget_type=\"google_maps.default\">\n\t\t\t\t<div class=\"elementor-widget-container\">\n\t\t\t\t\t<div class=\"elementor-custom-embed\">\n\t\t\t<iframe loading=\"lazy\"\n\t\t\t\t\tsrc=\"https:\/\/maps.google.com\/maps?q=49.329167%2C%2010.989885&#038;t=m&#038;z=15&#038;output=embed&#038;iwloc=near\"\n\t\t\t\t\ttitle=\"49.329167, 10.989885\"\n\t\t\t\t\taria-label=\"49.329167, 10.989885\"\n\t\t\t><\/iframe>\n\t\t<\/div>\n\t\t\t\t<\/div>\n\t\t\t\t<\/div>\n\t\t\t\t\t<\/div>\n\t\t<\/div>\n\t\t\t\t<div class=\"elementor-column elementor-col-33 elementor-top-column elementor-element elementor-element-uferl75\" data-id=\"uferl75\" data-element_type=\"column\">\n\t\t\t<div class=\"elementor-widget-wrap elementor-element-populated\">\n\t\t\t\t\t\t<div class=\"elementor-element elementor-element-xuttsc2 elementor-widget elementor-widget-image\" data-id=\"xuttsc2\" data-element_type=\"widget\" data-widget_type=\"image.default\">\n\t\t\t\t<div class=\"elementor-widget-container\">\n\t\t\t\t\t\t\t\t\t\t\t\t\t<img fetchpriority=\"high\" decoding=\"async\" width=\"300\" height=\"300\" src=\"https:\/\/www.region-schwabach.de\/wordpress\/wp-content\/uploads\/2017\/06\/werbung8-300x300.png\" class=\"attachment-medium size-medium wp-image-2484\" alt=\"\" srcset=\"https:\/\/www.region-schwabach.de\/wordpress\/wp-content\/uploads\/2017\/06\/werbung8-300x300.png 300w, https:\/\/www.region-schwabach.de\/wordpress\/wp-content\/uploads\/2017\/06\/werbung8-150x150.png 150w, https:\/\/www.region-schwabach.de\/wordpress\/wp-content\/uploads\/2017\/06\/werbung8-768x768.png 768w, https:\/\/www.region-schwabach.de\/wordpress\/wp-content\/uploads\/2017\/06\/werbung8-1024x1024.png 1024w, https:\/\/www.region-schwabach.de\/wordpress\/wp-content\/uploads\/2017\/06\/werbung8-600x600.png 600w, https:\/\/www.region-schwabach.de\/wordpress\/wp-content\/uploads\/2017\/06\/werbung8.png 1200w\" sizes=\"(max-width: 300px) 100vw, 300px\" \/>\t\t\t\t\t\t\t\t\t\t\t\t\t<\/div>\n\t\t\t\t<\/div>\n\t\t\t\t\t<\/div>\n\t\t<\/div>\n\t\t\t\t\t<\/div>\n\t\t<\/section>\n\t\t\t\t<\/div>\n\t\t","protected":false},"excerpt":{"rendered":"<div class=\"mh-excerpt\"><p>Sperrung vom 3. September 2018 bis 10. September 2018 n\u00f6tig Von Montag, den 03.09.2018, bis Montag, den 10.09.2018, kommt es in Schwabach zur Sperrung der Oberreichenbacher Stra\u00dfe &#8211; zwischen den Einm\u00fcndungen in die Markgrafenstra\u00dfe und <a class=\"mh-excerpt-more\" href=\"https:\/\/www.region-schwabach.de\/wordpress\/oberreichenbacher-strasse-vom-3-september-bis-zum-10-september-2018-gesperrt\/\" title=\"Oberreichenbacher Stra\u00dfe vom 3. September bis zum 10. September 2018 gesperrt\">[&#8230;]<\/a><\/p>\n<\/div>","protected":false},"author":1,"featured_media":53603,"comment_status":"open","ping_status":"open","sticky":false,"template":"template-full.php","format":"standard","meta":{"_cbd_carousel_blocks":"[]","footnotes":""},"categories":[14],"tags":[5655,5657,5656,408,407,404,19,276],"class_list":{"0":"post-53602","1":"post","2":"type-post","3":"status-publish","4":"format-standard","5":"has-post-thumbnail","7":"category-verkehrsinfos","8":"tag-3-september-bis-10-september-2018","9":"tag-am-jakobsweg","10":"tag-asphaltdeckenueberzug","11":"tag-markgrafenstrasse","12":"tag-oberreichenbach","13":"tag-oberreichenbacher-strasse","14":"tag-schwabach","15":"tag-sperrung"},"_links":{"self":[{"href":"https:\/\/www.region-schwabach.de\/wordpress\/wp-json\/wp\/v2\/posts\/53602","targetHints":{"allow":["GET"]}}],"collection":[{"href":"https:\/\/www.region-schwabach.de\/wordpress\/wp-json\/wp\/v2\/posts"}],"about":[{"href":"https:\/\/www.region-schwabach.de\/wordpress\/wp-json\/wp\/v2\/types\/post"}],"author":[{"embeddable":true,"href":"https:\/\/www.region-schwabach.de\/wordpress\/wp-json\/wp\/v2\/users\/1"}],"replies":[{"embeddable":true,"href":"https:\/\/www.region-schwabach.de\/wordpress\/wp-json\/wp\/v2\/comments?post=53602"}],"version-history":[{"count":0,"href":"https:\/\/www.region-schwabach.de\/wordpress\/wp-json\/wp\/v2\/posts\/53602\/revisions"}],"wp:featuredmedia":[{"embeddable":true,"href":"https:\/\/www.region-schwabach.de\/wordpress\/wp-json\/wp\/v2\/media\/53603"}],"wp:attachment":[{"href":"https:\/\/www.region-schwabach.de\/wordpress\/wp-json\/wp\/v2\/media?parent=53602"}],"wp:term":[{"taxonomy":"category","embeddable":true,"href":"https:\/\/www.region-schwabach.de\/wordpress\/wp-json\/wp\/v2\/categories?post=53602"},{"taxonomy":"post_tag","embeddable":true,"href":"https:\/\/www.region-schwabach.de\/wordpress\/wp-json\/wp\/v2\/tags?post=53602"}],"curies":[{"name":"wp","href":"https:\/\/api.w.org\/{rel}","templated":true}]}}