{"id":53925,"date":"2018-08-27T10:34:57","date_gmt":"2018-08-27T08:34:57","guid":{"rendered":"http:\/\/www.region-schwabach.de\/wordpress\/?p=53925"},"modified":"2018-08-27T10:51:47","modified_gmt":"2018-08-27T08:51:47","slug":"zwei-geschwindigkeitskontrollen-im-bereich-der-pi-hilpoltstein","status":"publish","type":"post","link":"https:\/\/www.region-schwabach.de\/wordpress\/zwei-geschwindigkeitskontrollen-im-bereich-der-pi-hilpoltstein\/","title":{"rendered":"Zwei Geschwindigkeitskontrollen im Bereich der PI Hilpoltstein"},"content":{"rendered":"\t\t<div data-elementor-type=\"wp-post\" data-elementor-id=\"53925\" class=\"elementor elementor-53925 elementor-bc-flex-widget\">\n\t\t\t\t\t\t<section class=\"elementor-section elementor-top-section elementor-element elementor-element-1cuv9jr elementor-section-boxed elementor-section-height-default elementor-section-height-default\" data-id=\"1cuv9jr\" data-element_type=\"section\">\n\t\t\t\t\t\t<div class=\"elementor-container elementor-column-gap-default\">\n\t\t\t\t\t<div class=\"elementor-column elementor-col-66 elementor-top-column elementor-element elementor-element-q5zak7b\" data-id=\"q5zak7b\" data-element_type=\"column\">\n\t\t\t<div class=\"elementor-widget-wrap elementor-element-populated\">\n\t\t\t\t\t\t<div class=\"elementor-element elementor-element-a4daeae elementor-widget elementor-widget-text-editor\" data-id=\"a4daeae\" data-element_type=\"widget\" data-widget_type=\"text-editor.default\">\n\t\t\t\t<div class=\"elementor-widget-container\">\n\t\t\t\t\t\t\t<h3><strong>21 waren zu schnell unterwegs<\/strong><\/h3><p>Thalm\u00e4ssing &#8211;\u00a0Am Freitagvormittag, den 24.08.2018, f\u00fchrte dei Polizei auf der Staatsstra\u00dfe 2227 zwischen Thalm\u00e4ssing und Kleinh\u00f6bing eine Verkehrskontrolle durch, in deren Verlauf 21 von 810 gemessenen Fahrzeugen beanstandet werden mu\u00dften. 17 Fahrzeugf\u00fchrer wurden verwarnt, vier Fahrer erhalten allerdings einen Bu\u00dfgeldbescheid und Punkte in Flensburg. Der Spitzenreiter war an der Kontrollstelle mit 141 km\/h &#8211; bei erlaubten 100 km\/h &#8211; unterwegs.<\/p><h3><strong>Spitzenreiter mit 153 km\/h unterwegs<\/strong><\/h3><p>Allersberg &#8211; Am Samstagvormittag, den 25.08.2018 wurde zwischen Allersberg und Hilpoltstein auf der Staatsstra\u00dfe 2225 die Geschwindigkeit kontrolliert. Von den mehr als 2.000 gemessenen Fahrzeugen mu\u00dften lediglich 21 beanstandet werden, weil sie die Geschwindigkeit von 100 km\/h \u00fcberschritten hatten. Drei von diesen 21 Fahrzeugf\u00fchrern waren jedoch so schnell unterwegs, da\u00df sie neben einem Bu\u00dfgeld auch mit Punkten in der Verkehrss\u00fcnderkartei rechnen m\u00fcssen. Den Schnellsten, der mit 153 km\/h unterwegs war, erwartet zus\u00e4tzlich auch noch ein Fahrverbot.<\/p>\t\t\t\t\t\t<\/div>\n\t\t\t\t<\/div>\n\t\t\t\t<div class=\"elementor-element elementor-element-ace1283 elementor-widget-divider--view-line elementor-widget elementor-widget-divider\" data-id=\"ace1283\" data-element_type=\"widget\" data-widget_type=\"divider.default\">\n\t\t\t\t<div class=\"elementor-widget-container\">\n\t\t\t\t\t<div class=\"elementor-divider\">\n\t\t\t<span class=\"elementor-divider-separator\">\n\t\t\t\t\t\t<\/span>\n\t\t<\/div>\n\t\t\t\t<\/div>\n\t\t\t\t<\/div>\n\t\t\t\t<div class=\"elementor-element elementor-element-1l7zbzo elementor-widget elementor-widget-google_maps\" data-id=\"1l7zbzo\" data-element_type=\"widget\" data-widget_type=\"google_maps.default\">\n\t\t\t\t<div class=\"elementor-widget-container\">\n\t\t\t\t\t<div class=\"elementor-custom-embed\">\n\t\t\t<iframe loading=\"lazy\"\n\t\t\t\t\tsrc=\"https:\/\/maps.google.com\/maps?q=49.079391%2C%2011.257473&#038;t=m&#038;z=13&#038;output=embed&#038;iwloc=near\"\n\t\t\t\t\ttitle=\"49.079391, 11.257473\"\n\t\t\t\t\taria-label=\"49.079391, 11.257473\"\n\t\t\t><\/iframe>\n\t\t<\/div>\n\t\t\t\t<\/div>\n\t\t\t\t<\/div>\n\t\t\t\t<div class=\"elementor-element elementor-element-0a39476 elementor-widget elementor-widget-google_maps\" data-id=\"0a39476\" data-element_type=\"widget\" data-widget_type=\"google_maps.default\">\n\t\t\t\t<div class=\"elementor-widget-container\">\n\t\t\t\t\t<div class=\"elementor-custom-embed\">\n\t\t\t<iframe loading=\"lazy\"\n\t\t\t\t\tsrc=\"https:\/\/maps.google.com\/maps?q=49.237039%2C%2011.214020&#038;t=m&#038;z=13&#038;output=embed&#038;iwloc=near\"\n\t\t\t\t\ttitle=\"49.237039, 11.214020\"\n\t\t\t\t\taria-label=\"49.237039, 11.214020\"\n\t\t\t><\/iframe>\n\t\t<\/div>\n\t\t\t\t<\/div>\n\t\t\t\t<\/div>\n\t\t\t\t\t<\/div>\n\t\t<\/div>\n\t\t\t\t<div class=\"elementor-column elementor-col-33 elementor-top-column elementor-element elementor-element-0w0urt1\" data-id=\"0w0urt1\" data-element_type=\"column\">\n\t\t\t<div class=\"elementor-widget-wrap elementor-element-populated\">\n\t\t\t\t\t\t<div class=\"elementor-element elementor-element-mo6nk5i elementor-widget elementor-widget-image\" data-id=\"mo6nk5i\" data-element_type=\"widget\" data-widget_type=\"image.default\">\n\t\t\t\t<div class=\"elementor-widget-container\">\n\t\t\t\t\t\t\t\t\t\t\t\t\t\t<a href=\"http:\/\/www.region-schwabach.de\/wordpress\/werben-auf-region-schwabach\/\" target=\"_blank\">\n\t\t\t\t\t\t\t<img fetchpriority=\"high\" decoding=\"async\" width=\"1024\" height=\"1024\" src=\"https:\/\/www.region-schwabach.de\/wordpress\/wp-content\/uploads\/2017\/06\/werbung8-1024x1024.png\" class=\"attachment-large size-large wp-image-2484\" alt=\"\" srcset=\"https:\/\/www.region-schwabach.de\/wordpress\/wp-content\/uploads\/2017\/06\/werbung8-1024x1024.png 1024w, https:\/\/www.region-schwabach.de\/wordpress\/wp-content\/uploads\/2017\/06\/werbung8-150x150.png 150w, https:\/\/www.region-schwabach.de\/wordpress\/wp-content\/uploads\/2017\/06\/werbung8-300x300.png 300w, https:\/\/www.region-schwabach.de\/wordpress\/wp-content\/uploads\/2017\/06\/werbung8-768x768.png 768w, https:\/\/www.region-schwabach.de\/wordpress\/wp-content\/uploads\/2017\/06\/werbung8-600x600.png 600w, https:\/\/www.region-schwabach.de\/wordpress\/wp-content\/uploads\/2017\/06\/werbung8.png 1200w\" sizes=\"(max-width: 1024px) 100vw, 1024px\" \/>\t\t\t\t\t\t\t\t<\/a>\n\t\t\t\t\t\t\t\t\t\t\t\t\t<\/div>\n\t\t\t\t<\/div>\n\t\t\t\t\t<\/div>\n\t\t<\/div>\n\t\t\t\t\t<\/div>\n\t\t<\/section>\n\t\t\t\t<\/div>\n\t\t","protected":false},"excerpt":{"rendered":"<div class=\"mh-excerpt\"><p>21 waren zu schnell unterwegs Thalm\u00e4ssing &#8211;\u00a0Am Freitagvormittag, den 24.08.2018, f\u00fchrte dei Polizei auf der Staatsstra\u00dfe 2227 zwischen Thalm\u00e4ssing und Kleinh\u00f6bing eine Verkehrskontrolle durch, in deren Verlauf 21 von 810 gemessenen Fahrzeugen beanstandet werden mu\u00dften. <a class=\"mh-excerpt-more\" href=\"https:\/\/www.region-schwabach.de\/wordpress\/zwei-geschwindigkeitskontrollen-im-bereich-der-pi-hilpoltstein\/\" title=\"Zwei Geschwindigkeitskontrollen im Bereich der PI Hilpoltstein\">[&#8230;]<\/a><\/p>\n<\/div>","protected":false},"author":1,"featured_media":53926,"comment_status":"open","ping_status":"open","sticky":false,"template":"","format":"standard","meta":{"_cbd_carousel_blocks":"[]","footnotes":""},"categories":[15],"tags":[5253,5254,556,2587,1018,5088,297,1488,981,1807,1355,4049],"class_list":{"0":"post-53925","1":"post","2":"type-post","3":"status-publish","4":"format-standard","5":"has-post-thumbnail","7":"category-polizeimeldungen","8":"tag-24-08-2018","9":"tag-25-08-2018","10":"tag-allersberg","11":"tag-bussgeldbescheid","12":"tag-fahrverbot","13":"tag-geschwindigkeitskontrollen","14":"tag-hilpoltstein","15":"tag-kleinhoebing","16":"tag-polizei","17":"tag-punkte-in-flensburg","18":"tag-thalmaessing","19":"tag-verwarnungen"},"_links":{"self":[{"href":"https:\/\/www.region-schwabach.de\/wordpress\/wp-json\/wp\/v2\/posts\/53925","targetHints":{"allow":["GET"]}}],"collection":[{"href":"https:\/\/www.region-schwabach.de\/wordpress\/wp-json\/wp\/v2\/posts"}],"about":[{"href":"https:\/\/www.region-schwabach.de\/wordpress\/wp-json\/wp\/v2\/types\/post"}],"author":[{"embeddable":true,"href":"https:\/\/www.region-schwabach.de\/wordpress\/wp-json\/wp\/v2\/users\/1"}],"replies":[{"embeddable":true,"href":"https:\/\/www.region-schwabach.de\/wordpress\/wp-json\/wp\/v2\/comments?post=53925"}],"version-history":[{"count":0,"href":"https:\/\/www.region-schwabach.de\/wordpress\/wp-json\/wp\/v2\/posts\/53925\/revisions"}],"wp:featuredmedia":[{"embeddable":true,"href":"https:\/\/www.region-schwabach.de\/wordpress\/wp-json\/wp\/v2\/media\/53926"}],"wp:attachment":[{"href":"https:\/\/www.region-schwabach.de\/wordpress\/wp-json\/wp\/v2\/media?parent=53925"}],"wp:term":[{"taxonomy":"category","embeddable":true,"href":"https:\/\/www.region-schwabach.de\/wordpress\/wp-json\/wp\/v2\/categories?post=53925"},{"taxonomy":"post_tag","embeddable":true,"href":"https:\/\/www.region-schwabach.de\/wordpress\/wp-json\/wp\/v2\/tags?post=53925"}],"curies":[{"name":"wp","href":"https:\/\/api.w.org\/{rel}","templated":true}]}}