{"id":54084,"date":"2018-09-02T00:01:36","date_gmt":"2018-09-01T22:01:36","guid":{"rendered":"http:\/\/www.region-schwabach.de\/wordpress\/?p=54084"},"modified":"2018-09-01T22:50:13","modified_gmt":"2018-09-01T20:50:13","slug":"buergerbuero-im-rathaus-ab-1-september-2018-mit-neuen-oeffnungszeiten","status":"publish","type":"post","link":"https:\/\/www.region-schwabach.de\/wordpress\/buergerbuero-im-rathaus-ab-1-september-2018-mit-neuen-oeffnungszeiten\/","title":{"rendered":"B\u00fcrgerb\u00fcro im Rathaus ab 1. September 2018 mit neuen \u00d6ffnungszeiten"},"content":{"rendered":"\t\t<div data-elementor-type=\"wp-post\" data-elementor-id=\"54084\" class=\"elementor elementor-54084 elementor-bc-flex-widget\">\n\t\t\t\t\t\t<section class=\"elementor-section elementor-top-section elementor-element elementor-element-678181b elementor-section-boxed elementor-section-height-default elementor-section-height-default\" data-id=\"678181b\" data-element_type=\"section\">\n\t\t\t\t\t\t<div class=\"elementor-container elementor-column-gap-default\">\n\t\t\t\t\t<div class=\"elementor-column elementor-col-66 elementor-top-column elementor-element elementor-element-6b34026\" data-id=\"6b34026\" data-element_type=\"column\">\n\t\t\t<div class=\"elementor-widget-wrap elementor-element-populated\">\n\t\t\t\t\t\t<div class=\"elementor-element elementor-element-443ab98 elementor-widget elementor-widget-text-editor\" data-id=\"443ab98\" data-element_type=\"widget\" data-widget_type=\"text-editor.default\">\n\t\t\t\t<div class=\"elementor-widget-container\">\n\t\t\t\t\t\t\t<h3>Neue \u00d6ffnungszeiten im B\u00fcrgerb\u00fcro<\/h3><p>Ab 1. September 2018 \u00e4ndern sich die \u00d6ffnungszeiten des B\u00fcrgerb\u00fcros im Rathaus, K\u00f6nigsplatz 1, Schwabach.<\/p><p>Das B\u00fcrgerb\u00fcro ist dann dienstags immer ab 12 Uhr geschlossen, alle anderen \u00d6ffnungszeiten bleiben unver\u00e4ndert: Montag, Mittwoch, Donnerstag und Freitag von 8 bis 18 Uhr und Samstag von 9 bis 12 Uhr.<\/p><h3>Die \u00d6ffnungszeiten im \u00dcberblick:<\/h3><table style=\"border-collapse: collapse; width: 100%;\" border=\"1\"><tbody><tr><td style=\"width: 50%;\">Tag<\/td><td style=\"width: 25%;\">von<\/td><td style=\"width: 25%;\">bis<\/td><\/tr><tr><td style=\"width: 50%;\">\u00a0<\/td><td style=\"width: 25%;\">\u00a0<\/td><td style=\"width: 25%;\">\u00a0<\/td><\/tr><tr><td style=\"width: 50%;\">Montag<\/td><td style=\"width: 25%;\">08.00 Uhr<\/td><td style=\"width: 25%;\">18.00 Uhr<\/td><\/tr><tr><td style=\"width: 50%;\">Dienstag<\/td><td style=\"width: 25%;\">08.00 Uhr<\/td><td style=\"width: 25%;\">12.00 Uhr<\/td><\/tr><tr><td style=\"width: 50%;\">Mittwoch<\/td><td style=\"width: 25%;\">08.00 Uhr<\/td><td style=\"width: 25%;\">18.00 Uhr<\/td><\/tr><tr><td style=\"width: 50%;\">Donnerstag<\/td><td style=\"width: 25%;\">08.00 Uhr<\/td><td style=\"width: 25%;\">18.00 Uhr<\/td><\/tr><tr><td style=\"width: 50%;\">Freitag<\/td><td style=\"width: 25%;\">08.00 Uhr<\/td><td style=\"width: 25%;\">18.00 Uhr<\/td><\/tr><tr><td style=\"width: 50%;\">Samstag<\/td><td style=\"width: 25%;\">09.00 Uhr<\/td><td style=\"width: 25%;\">12.00 Uhr<\/td><\/tr><\/tbody><\/table><h3>Weiterf\u00fchrende Links:<\/h3><p><a href=\"https:\/\/www.schwabach.de\/de\/zuhause-in-schwabach\/buergerbuero.html\" target=\"_blank\" rel=\"noopener\">Zur Homepage vom B\u00fcrgerb\u00fcro geht es hier &#8230;<\/a><\/p>\t\t\t\t\t\t<\/div>\n\t\t\t\t<\/div>\n\t\t\t\t<div class=\"elementor-element elementor-element-a29781d elementor-widget-divider--view-line elementor-widget elementor-widget-divider\" data-id=\"a29781d\" data-element_type=\"widget\" data-widget_type=\"divider.default\">\n\t\t\t\t<div class=\"elementor-widget-container\">\n\t\t\t\t\t<div class=\"elementor-divider\">\n\t\t\t<span class=\"elementor-divider-separator\">\n\t\t\t\t\t\t<\/span>\n\t\t<\/div>\n\t\t\t\t<\/div>\n\t\t\t\t<\/div>\n\t\t\t\t<div class=\"elementor-element elementor-element-2a05a02 elementor-widget elementor-widget-google_maps\" data-id=\"2a05a02\" data-element_type=\"widget\" data-widget_type=\"google_maps.default\">\n\t\t\t\t<div class=\"elementor-widget-container\">\n\t\t\t\t\t<div class=\"elementor-custom-embed\">\n\t\t\t<iframe loading=\"lazy\"\n\t\t\t\t\tsrc=\"https:\/\/maps.google.com\/maps?q=K%C3%B6nigsplatz%201%2C%20Schwabach%2C%20Deutschland&#038;t=m&#038;z=17&#038;output=embed&#038;iwloc=near\"\n\t\t\t\t\ttitle=\"K\u00f6nigsplatz 1, Schwabach, Deutschland\"\n\t\t\t\t\taria-label=\"K\u00f6nigsplatz 1, Schwabach, Deutschland\"\n\t\t\t><\/iframe>\n\t\t<\/div>\n\t\t\t\t<\/div>\n\t\t\t\t<\/div>\n\t\t\t\t\t<\/div>\n\t\t<\/div>\n\t\t\t\t<div class=\"elementor-column elementor-col-33 elementor-top-column elementor-element elementor-element-f645137\" data-id=\"f645137\" data-element_type=\"column\">\n\t\t\t<div class=\"elementor-widget-wrap elementor-element-populated\">\n\t\t\t\t\t\t<div class=\"elementor-element elementor-element-25043c1 elementor-widget elementor-widget-image\" data-id=\"25043c1\" data-element_type=\"widget\" data-widget_type=\"image.default\">\n\t\t\t\t<div class=\"elementor-widget-container\">\n\t\t\t\t\t\t\t\t\t\t\t\t\t<img fetchpriority=\"high\" decoding=\"async\" width=\"300\" height=\"300\" src=\"https:\/\/www.region-schwabach.de\/wordpress\/wp-content\/uploads\/2018\/04\/werbung1-300x300.png\" class=\"attachment-medium size-medium wp-image-35382\" alt=\"\" srcset=\"https:\/\/www.region-schwabach.de\/wordpress\/wp-content\/uploads\/2018\/04\/werbung1-300x300.png 300w, https:\/\/www.region-schwabach.de\/wordpress\/wp-content\/uploads\/2018\/04\/werbung1-150x150.png 150w, https:\/\/www.region-schwabach.de\/wordpress\/wp-content\/uploads\/2018\/04\/werbung1-768x768.png 768w, https:\/\/www.region-schwabach.de\/wordpress\/wp-content\/uploads\/2018\/04\/werbung1-1024x1024.png 1024w, https:\/\/www.region-schwabach.de\/wordpress\/wp-content\/uploads\/2018\/04\/werbung1.png 1200w\" sizes=\"(max-width: 300px) 100vw, 300px\" \/>\t\t\t\t\t\t\t\t\t\t\t\t\t<\/div>\n\t\t\t\t<\/div>\n\t\t\t\t\t<\/div>\n\t\t<\/div>\n\t\t\t\t\t<\/div>\n\t\t<\/section>\n\t\t\t\t<\/div>\n\t\t","protected":false},"excerpt":{"rendered":"<div class=\"mh-excerpt\"><p>Neue \u00d6ffnungszeiten im B\u00fcrgerb\u00fcro Ab 1. September 2018 \u00e4ndern sich die \u00d6ffnungszeiten des B\u00fcrgerb\u00fcros im Rathaus, K\u00f6nigsplatz 1, Schwabach. Das B\u00fcrgerb\u00fcro ist dann dienstags immer ab 12 Uhr geschlossen, alle anderen \u00d6ffnungszeiten bleiben unver\u00e4ndert: Montag, <a class=\"mh-excerpt-more\" href=\"https:\/\/www.region-schwabach.de\/wordpress\/buergerbuero-im-rathaus-ab-1-september-2018-mit-neuen-oeffnungszeiten\/\" title=\"B\u00fcrgerb\u00fcro im Rathaus ab 1. September 2018 mit neuen \u00d6ffnungszeiten\">[&#8230;]<\/a><\/p>\n<\/div>","protected":false},"author":1,"featured_media":0,"comment_status":"open","ping_status":"open","sticky":false,"template":"","format":"standard","meta":{"_cbd_carousel_blocks":"[]","footnotes":""},"categories":[16,1,61],"tags":[5556,5697,74,522,5698,1480,19],"class_list":{"0":"post-54084","1":"post","2":"type-post","3":"status-publish","4":"format-standard","6":"category-aktuell","7":"category-allgemein","8":"category-rathaus","9":"tag-01-09-2018","10":"tag-ab-1-september-2018","11":"tag-buergerbuero","12":"tag-koenigsplatz","13":"tag-neue-oeffnungszeiten","14":"tag-rathaus","15":"tag-schwabach"},"_links":{"self":[{"href":"https:\/\/www.region-schwabach.de\/wordpress\/wp-json\/wp\/v2\/posts\/54084","targetHints":{"allow":["GET"]}}],"collection":[{"href":"https:\/\/www.region-schwabach.de\/wordpress\/wp-json\/wp\/v2\/posts"}],"about":[{"href":"https:\/\/www.region-schwabach.de\/wordpress\/wp-json\/wp\/v2\/types\/post"}],"author":[{"embeddable":true,"href":"https:\/\/www.region-schwabach.de\/wordpress\/wp-json\/wp\/v2\/users\/1"}],"replies":[{"embeddable":true,"href":"https:\/\/www.region-schwabach.de\/wordpress\/wp-json\/wp\/v2\/comments?post=54084"}],"version-history":[{"count":0,"href":"https:\/\/www.region-schwabach.de\/wordpress\/wp-json\/wp\/v2\/posts\/54084\/revisions"}],"wp:attachment":[{"href":"https:\/\/www.region-schwabach.de\/wordpress\/wp-json\/wp\/v2\/media?parent=54084"}],"wp:term":[{"taxonomy":"category","embeddable":true,"href":"https:\/\/www.region-schwabach.de\/wordpress\/wp-json\/wp\/v2\/categories?post=54084"},{"taxonomy":"post_tag","embeddable":true,"href":"https:\/\/www.region-schwabach.de\/wordpress\/wp-json\/wp\/v2\/tags?post=54084"}],"curies":[{"name":"wp","href":"https:\/\/api.w.org\/{rel}","templated":true}]}}