{"id":54104,"date":"2018-08-28T12:04:55","date_gmt":"2018-08-28T10:04:55","guid":{"rendered":"http:\/\/www.region-schwabach.de\/wordpress\/?p=54104"},"modified":"2018-08-28T12:21:36","modified_gmt":"2018-08-28T10:21:36","slug":"mehrere-fahrraddiebstaehle-im-bereich-der-pi-roth","status":"publish","type":"post","link":"https:\/\/www.region-schwabach.de\/wordpress\/mehrere-fahrraddiebstaehle-im-bereich-der-pi-roth\/","title":{"rendered":"Mehrere Fahrraddiebst\u00e4hle im Bereich der PI Roth"},"content":{"rendered":"\t\t<div data-elementor-type=\"wp-post\" data-elementor-id=\"54104\" class=\"elementor elementor-54104 elementor-bc-flex-widget\">\n\t\t\t\t\t\t<section class=\"elementor-section elementor-top-section elementor-element elementor-element-1cuv9jr elementor-section-boxed elementor-section-height-default elementor-section-height-default\" data-id=\"1cuv9jr\" data-element_type=\"section\">\n\t\t\t\t\t\t<div class=\"elementor-container elementor-column-gap-default\">\n\t\t\t\t\t<div class=\"elementor-column elementor-col-66 elementor-top-column elementor-element elementor-element-q5zak7b\" data-id=\"q5zak7b\" data-element_type=\"column\">\n\t\t\t<div class=\"elementor-widget-wrap elementor-element-populated\">\n\t\t\t\t\t\t<div class=\"elementor-element elementor-element-a4daeae elementor-widget elementor-widget-text-editor\" data-id=\"a4daeae\" data-element_type=\"widget\" data-widget_type=\"text-editor.default\">\n\t\t\t\t<div class=\"elementor-widget-container\">\n\t\t\t\t\t\t\t<h3><strong>Zwei Diebst\u00e4hle in Roth<\/strong><\/h3><p>Roth &#8211;\u00a0In der Zeit zwschen Freitag, den 17.08.2018, und Montag, den 20.08.2018, entwendete ein bisher Unbekannter ein mit einem Stahlkabel gesichertes anthrazitfarbenes Herren-Mountainbike der Marke \u201eCUBE\u201c, Typ \u201eBlack Anodized\u201c (im Wert von ca. 850 Euro) in der Waldstra\u00dfe in Roth.<\/p><p>Ausserdem wurde am Unteren Weinbergweg in Roth aus einem Fahrradabstellraum eines Mehrfamilienhauses ein schwarzes Damenrad der Marke \u201eAlu-Bike\u201c im Wert von ca. 100 Euro gestohlen.<\/p><h3>Diebstahl in Georgensgm\u00fcnd<\/h3><p>Georgensgm\u00fcnd &#8211; Zwischen Montagabend, den 27.08.2018 (21.00 Uhr), und Dienstagmorgen, den 28.08.2018 (07.00 Uhr), entwendete ein bisher Unbekannter zwei Fahrr\u00e4der (ein E-Bike und ein Crossbike, im Wert von etwa 700 Euro.) im Ortsteil Mauk. Dazu hebelte der Dieb die T\u00fcr eines Schuppens auf, und verursachte dadurch zus\u00e4tzlich einen Sachschaden in H\u00f6he von ca. 50 Euro.\u00a0<\/p><h3>Versuchter Fahrraddiebstahl in Rednitzhembach<u><\/u><\/h3><p>Rednitzhembach &#8211; In der Zeit zwischen Dienstag, den 21.08.2018, und Mittwoch, den 22.08.2018, versuchte in bisher unbekannter Fahrraddieb, ein auf dem Fahrradabstellplatz am Bahnhof in Rednitzhembach abstelltes Fahrrad der Marke \u201eBulls\u201c zu entwenden. Allerdings misslang der Versuch, so da\u00df es letztendlich bei einem Schaden in H\u00f6he von ca. 45 Euro an dem Schloss blieb.<\/p><h3>Polizei bittet um Mithilfe<\/h3><p>Personen, die verd\u00e4chtige Beobachtungen gemacht haben, werden gebeten, diese der Polizei in Roth unter der Rufnummer 09171-9744-0 mitzuteilen.<\/p>\t\t\t\t\t\t<\/div>\n\t\t\t\t<\/div>\n\t\t\t\t<div class=\"elementor-element elementor-element-ace1283 elementor-widget-divider--view-line elementor-widget elementor-widget-divider\" data-id=\"ace1283\" data-element_type=\"widget\" data-widget_type=\"divider.default\">\n\t\t\t\t<div class=\"elementor-widget-container\">\n\t\t\t\t\t<div class=\"elementor-divider\">\n\t\t\t<span class=\"elementor-divider-separator\">\n\t\t\t\t\t\t<\/span>\n\t\t<\/div>\n\t\t\t\t<\/div>\n\t\t\t\t<\/div>\n\t\t\t\t<div class=\"elementor-element elementor-element-1l7zbzo elementor-widget elementor-widget-google_maps\" data-id=\"1l7zbzo\" data-element_type=\"widget\" data-widget_type=\"google_maps.default\">\n\t\t\t\t<div class=\"elementor-widget-container\">\n\t\t\t\t\t<div class=\"elementor-custom-embed\">\n\t\t\t<iframe loading=\"lazy\"\n\t\t\t\t\tsrc=\"https:\/\/maps.google.com\/maps?q=Roth%2C%20Deutschland&#038;t=m&#038;z=11&#038;output=embed&#038;iwloc=near\"\n\t\t\t\t\ttitle=\"Roth, Deutschland\"\n\t\t\t\t\taria-label=\"Roth, Deutschland\"\n\t\t\t><\/iframe>\n\t\t<\/div>\n\t\t\t\t<\/div>\n\t\t\t\t<\/div>\n\t\t\t\t\t<\/div>\n\t\t<\/div>\n\t\t\t\t<div class=\"elementor-column elementor-col-33 elementor-top-column elementor-element elementor-element-0w0urt1\" data-id=\"0w0urt1\" data-element_type=\"column\">\n\t\t\t<div class=\"elementor-widget-wrap elementor-element-populated\">\n\t\t\t\t\t\t<div class=\"elementor-element elementor-element-mo6nk5i elementor-widget elementor-widget-image\" data-id=\"mo6nk5i\" data-element_type=\"widget\" data-widget_type=\"image.default\">\n\t\t\t\t<div class=\"elementor-widget-container\">\n\t\t\t\t\t\t\t\t\t\t\t\t\t\t<a href=\"http:\/\/www.region-schwabach.de\/wordpress\/werben-auf-region-schwabach\/\" target=\"_blank\">\n\t\t\t\t\t\t\t<img fetchpriority=\"high\" decoding=\"async\" width=\"1024\" height=\"1024\" src=\"https:\/\/www.region-schwabach.de\/wordpress\/wp-content\/uploads\/2017\/06\/werbung8-1024x1024.png\" class=\"attachment-large size-large wp-image-2484\" alt=\"\" srcset=\"https:\/\/www.region-schwabach.de\/wordpress\/wp-content\/uploads\/2017\/06\/werbung8-1024x1024.png 1024w, https:\/\/www.region-schwabach.de\/wordpress\/wp-content\/uploads\/2017\/06\/werbung8-150x150.png 150w, https:\/\/www.region-schwabach.de\/wordpress\/wp-content\/uploads\/2017\/06\/werbung8-300x300.png 300w, https:\/\/www.region-schwabach.de\/wordpress\/wp-content\/uploads\/2017\/06\/werbung8-768x768.png 768w, https:\/\/www.region-schwabach.de\/wordpress\/wp-content\/uploads\/2017\/06\/werbung8-600x600.png 600w, https:\/\/www.region-schwabach.de\/wordpress\/wp-content\/uploads\/2017\/06\/werbung8.png 1200w\" sizes=\"(max-width: 1024px) 100vw, 1024px\" \/>\t\t\t\t\t\t\t\t<\/a>\n\t\t\t\t\t\t\t\t\t\t\t\t\t<\/div>\n\t\t\t\t<\/div>\n\t\t\t\t\t<\/div>\n\t\t<\/div>\n\t\t\t\t\t<\/div>\n\t\t<\/section>\n\t\t\t\t<\/div>\n\t\t","protected":false},"excerpt":{"rendered":"<div class=\"mh-excerpt\"><p>Zwei Diebst\u00e4hle in Roth Roth &#8211;\u00a0In der Zeit zwschen Freitag, den 17.08.2018, und Montag, den 20.08.2018, entwendete ein bisher Unbekannter ein mit einem Stahlkabel gesichertes anthrazitfarbenes Herren-Mountainbike der Marke \u201eCUBE\u201c, Typ \u201eBlack Anodized\u201c (im Wert <a class=\"mh-excerpt-more\" href=\"https:\/\/www.region-schwabach.de\/wordpress\/mehrere-fahrraddiebstaehle-im-bereich-der-pi-roth\/\" title=\"Mehrere Fahrraddiebst\u00e4hle im Bereich der PI Roth\">[&#8230;]<\/a><\/p>\n<\/div>","protected":false},"author":1,"featured_media":54105,"comment_status":"open","ping_status":"open","sticky":false,"template":"","format":"standard","meta":{"_cbd_carousel_blocks":"[]","footnotes":""},"categories":[15],"tags":[274,30,643,527,959,981,493,32,713,1534,1912],"class_list":{"0":"post-54104","1":"post","2":"type-post","3":"status-publish","4":"format-standard","5":"has-post-thumbnail","7":"category-polizeimeldungen","8":"tag-bahnhof","9":"tag-diebstahl","10":"tag-fahrrad","11":"tag-georgensgmuend","12":"tag-mauk","13":"tag-polizei","14":"tag-rednitzhembach","15":"tag-roth","16":"tag-schaden","17":"tag-unterer-weinbergweg","18":"tag-waldstrasse"},"_links":{"self":[{"href":"https:\/\/www.region-schwabach.de\/wordpress\/wp-json\/wp\/v2\/posts\/54104","targetHints":{"allow":["GET"]}}],"collection":[{"href":"https:\/\/www.region-schwabach.de\/wordpress\/wp-json\/wp\/v2\/posts"}],"about":[{"href":"https:\/\/www.region-schwabach.de\/wordpress\/wp-json\/wp\/v2\/types\/post"}],"author":[{"embeddable":true,"href":"https:\/\/www.region-schwabach.de\/wordpress\/wp-json\/wp\/v2\/users\/1"}],"replies":[{"embeddable":true,"href":"https:\/\/www.region-schwabach.de\/wordpress\/wp-json\/wp\/v2\/comments?post=54104"}],"version-history":[{"count":0,"href":"https:\/\/www.region-schwabach.de\/wordpress\/wp-json\/wp\/v2\/posts\/54104\/revisions"}],"wp:featuredmedia":[{"embeddable":true,"href":"https:\/\/www.region-schwabach.de\/wordpress\/wp-json\/wp\/v2\/media\/54105"}],"wp:attachment":[{"href":"https:\/\/www.region-schwabach.de\/wordpress\/wp-json\/wp\/v2\/media?parent=54104"}],"wp:term":[{"taxonomy":"category","embeddable":true,"href":"https:\/\/www.region-schwabach.de\/wordpress\/wp-json\/wp\/v2\/categories?post=54104"},{"taxonomy":"post_tag","embeddable":true,"href":"https:\/\/www.region-schwabach.de\/wordpress\/wp-json\/wp\/v2\/tags?post=54104"}],"curies":[{"name":"wp","href":"https:\/\/api.w.org\/{rel}","templated":true}]}}