{"id":54117,"date":"2018-08-31T00:01:55","date_gmt":"2018-08-30T22:01:55","guid":{"rendered":"http:\/\/www.region-schwabach.de\/wordpress\/?p=54117"},"modified":"2018-08-31T07:36:14","modified_gmt":"2018-08-31T05:36:14","slug":"lesespass-mit-hardy-hamster-am-31-august-2018","status":"publish","type":"post","link":"https:\/\/www.region-schwabach.de\/wordpress\/lesespass-mit-hardy-hamster-am-31-august-2018\/","title":{"rendered":"Lesespa\u00df mit Hardy Hamster am 31. August 2018"},"content":{"rendered":"\t\t<div data-elementor-type=\"wp-post\" data-elementor-id=\"54117\" class=\"elementor elementor-54117 elementor-bc-flex-widget\">\n\t\t\t\t\t\t<section class=\"elementor-section elementor-top-section elementor-element elementor-element-678181b elementor-section-boxed elementor-section-height-default elementor-section-height-default\" data-id=\"678181b\" data-element_type=\"section\">\n\t\t\t\t\t\t<div class=\"elementor-container elementor-column-gap-default\">\n\t\t\t\t\t<div class=\"elementor-column elementor-col-66 elementor-top-column elementor-element elementor-element-6b34026\" data-id=\"6b34026\" data-element_type=\"column\">\n\t\t\t<div class=\"elementor-widget-wrap elementor-element-populated\">\n\t\t\t\t\t\t<div class=\"elementor-element elementor-element-443ab98 elementor-widget elementor-widget-text-editor\" data-id=\"443ab98\" data-element_type=\"widget\" data-widget_type=\"text-editor.default\">\n\t\t\t\t<div class=\"elementor-widget-container\">\n\t\t\t\t\t\t\t<h3 class=\"entry-title\">Lesespa\u00df mit Hardy Hamster<br \/>&#8222;Vorsicht, roter Wolf!&#8220; &#8211; <span class=\"a-size-small a-color-secondary\">Marco Viale und\u00a0<\/span><span class=\"a-size-small a-color-secondary\">Ulrike Schimming<\/span><\/h3><p>Anderssein bringt Farbe in die Welt.<\/p><p>In der Stadt der blauen W\u00f6lfe lebten nur blaue W\u00f6lfe. Sie waren sehr ordentlich und mochten keine \u00dcberraschungen. Sie tranken aus blauen Tassen und schrieben mit blauen Stiften.\u00a0Jeden Morgen klingelte in allen H\u00e4usern auf die Sekunde genau der Wecker.<\/p><p>Bis eines Tages ein roter Wolf auf einem Fahrrad auftauchte. Er l\u00e4chelte und pfiff vor sich hin. So etwas hatten die blauen W\u00f6lfe noch nie getan. Das war ja ganz anders, als sie es gewohnt waren.\u00a0Noch nie hatten sie Zeit verbummelt mit freih\u00e4ndig Fahrradfahren oder Steinchen auf dem Wasser h\u00fcpfen lassen. Der rote Wolf tat all diese unn\u00fctzen Dinge. Er brachte die blaue Welt vollkommen durcheinander.\u00a0<\/p><p>Aber es war auch ansteckend \u2026<\/p><p>Ein kluges Bilderbuch \u00fcber die Macht der Gewohnheit und den Mut, anders zu sein.<\/p><p>Hardy-Hamster-Lesung f\u00fcr Kinder ab 3 Jahren<\/p><h3>Infos:<\/h3><p>Die Lesung findet um 15.00 Uhr in der Kinderbibliothek, im 2. Obergesch0ss der Stadtbibliothek am K\u00f6nigsplatz 29a in Schwabach statt. Der Eintritt zu der 30-min\u00fctigen Veranstaltung ist frei.<\/p><h3>Weiterf\u00fchrende Links:<\/h3><p><a href=\"http:\/\/www.schwabach.de\/de\/schwabach-erleben\/kultur\/einrichtungen\/bibliothek.html\" target=\"_blank\" rel=\"noopener\">Stadtbibliothek Schwabach<\/a><\/p>\t\t\t\t\t\t<\/div>\n\t\t\t\t<\/div>\n\t\t\t\t<div class=\"elementor-element elementor-element-0c834d7 elementor-widget-divider--view-line elementor-widget elementor-widget-divider\" data-id=\"0c834d7\" data-element_type=\"widget\" data-widget_type=\"divider.default\">\n\t\t\t\t<div class=\"elementor-widget-container\">\n\t\t\t\t\t<div class=\"elementor-divider\">\n\t\t\t<span class=\"elementor-divider-separator\">\n\t\t\t\t\t\t<\/span>\n\t\t<\/div>\n\t\t\t\t<\/div>\n\t\t\t\t<\/div>\n\t\t\t\t<div class=\"elementor-element elementor-element-325f51f elementor-widget elementor-widget-google_maps\" data-id=\"325f51f\" data-element_type=\"widget\" data-widget_type=\"google_maps.default\">\n\t\t\t\t<div class=\"elementor-widget-container\">\n\t\t\t\t\t<div class=\"elementor-custom-embed\">\n\t\t\t<iframe loading=\"lazy\"\n\t\t\t\t\tsrc=\"https:\/\/maps.google.com\/maps?q=K%C3%B6nigsplatz%2029a%2C%20Schwabach%2C%20Deutschland&#038;t=m&#038;z=17&#038;output=embed&#038;iwloc=near\"\n\t\t\t\t\ttitle=\"K\u00f6nigsplatz 29a, Schwabach, Deutschland\"\n\t\t\t\t\taria-label=\"K\u00f6nigsplatz 29a, Schwabach, Deutschland\"\n\t\t\t><\/iframe>\n\t\t<\/div>\n\t\t\t\t<\/div>\n\t\t\t\t<\/div>\n\t\t\t\t\t<\/div>\n\t\t<\/div>\n\t\t\t\t<div class=\"elementor-column elementor-col-33 elementor-top-column elementor-element elementor-element-f645137\" data-id=\"f645137\" data-element_type=\"column\">\n\t\t\t<div class=\"elementor-widget-wrap elementor-element-populated\">\n\t\t\t\t\t\t<div class=\"elementor-element elementor-element-25043c1 elementor-widget elementor-widget-image\" data-id=\"25043c1\" data-element_type=\"widget\" data-widget_type=\"image.default\">\n\t\t\t\t<div class=\"elementor-widget-container\">\n\t\t\t\t\t\t\t\t\t\t\t\t\t<img fetchpriority=\"high\" decoding=\"async\" width=\"300\" height=\"300\" src=\"https:\/\/www.region-schwabach.de\/wordpress\/wp-content\/uploads\/2018\/04\/werbung1-300x300.png\" class=\"attachment-medium size-medium wp-image-35382\" alt=\"\" srcset=\"https:\/\/www.region-schwabach.de\/wordpress\/wp-content\/uploads\/2018\/04\/werbung1-300x300.png 300w, https:\/\/www.region-schwabach.de\/wordpress\/wp-content\/uploads\/2018\/04\/werbung1-150x150.png 150w, https:\/\/www.region-schwabach.de\/wordpress\/wp-content\/uploads\/2018\/04\/werbung1-768x768.png 768w, https:\/\/www.region-schwabach.de\/wordpress\/wp-content\/uploads\/2018\/04\/werbung1-1024x1024.png 1024w, https:\/\/www.region-schwabach.de\/wordpress\/wp-content\/uploads\/2018\/04\/werbung1.png 1200w\" sizes=\"(max-width: 300px) 100vw, 300px\" \/>\t\t\t\t\t\t\t\t\t\t\t\t\t<\/div>\n\t\t\t\t<\/div>\n\t\t\t\t\t<\/div>\n\t\t<\/div>\n\t\t\t\t\t<\/div>\n\t\t<\/section>\n\t\t\t\t<\/div>\n\t\t","protected":false},"excerpt":{"rendered":"<div class=\"mh-excerpt\"><p>Lesespa\u00df mit Hardy Hamster&#8222;Vorsicht, roter Wolf!&#8220; &#8211; Marco Viale und\u00a0Ulrike Schimming Anderssein bringt Farbe in die Welt. In der Stadt der blauen W\u00f6lfe lebten nur blaue W\u00f6lfe. Sie waren sehr ordentlich und mochten keine \u00dcberraschungen. <a class=\"mh-excerpt-more\" href=\"https:\/\/www.region-schwabach.de\/wordpress\/lesespass-mit-hardy-hamster-am-31-august-2018\/\" title=\"Lesespa\u00df mit Hardy Hamster am 31. August 2018\">[&#8230;]<\/a><\/p>\n<\/div>","protected":false},"author":1,"featured_media":0,"comment_status":"open","ping_status":"open","sticky":false,"template":"","format":"standard","meta":{"_cbd_carousel_blocks":"[]","footnotes":""},"categories":[16,1,287,61,231],"tags":[5707,4274,5260,4276,4273,522,4275,5705,1480,19,2555,5706],"class_list":{"0":"post-54117","1":"post","2":"type-post","3":"status-publish","4":"format-standard","6":"category-aktuell","7":"category-allgemein","8":"category-jugend-und-familie","9":"category-rathaus","10":"category-veranstaltungsnews","11":"tag-vorsicht-roter-wolf","12":"tag-2-obergeschoss","13":"tag-31-08-2018","14":"tag-hardy-hamster","15":"tag-kinderbibliothek","16":"tag-koenigsplatz","17":"tag-lesung","18":"tag-marco-viale","19":"tag-rathaus","20":"tag-schwabach","21":"tag-stadtbibliothek","22":"tag-ulrike-schimming"},"_links":{"self":[{"href":"https:\/\/www.region-schwabach.de\/wordpress\/wp-json\/wp\/v2\/posts\/54117","targetHints":{"allow":["GET"]}}],"collection":[{"href":"https:\/\/www.region-schwabach.de\/wordpress\/wp-json\/wp\/v2\/posts"}],"about":[{"href":"https:\/\/www.region-schwabach.de\/wordpress\/wp-json\/wp\/v2\/types\/post"}],"author":[{"embeddable":true,"href":"https:\/\/www.region-schwabach.de\/wordpress\/wp-json\/wp\/v2\/users\/1"}],"replies":[{"embeddable":true,"href":"https:\/\/www.region-schwabach.de\/wordpress\/wp-json\/wp\/v2\/comments?post=54117"}],"version-history":[{"count":0,"href":"https:\/\/www.region-schwabach.de\/wordpress\/wp-json\/wp\/v2\/posts\/54117\/revisions"}],"wp:attachment":[{"href":"https:\/\/www.region-schwabach.de\/wordpress\/wp-json\/wp\/v2\/media?parent=54117"}],"wp:term":[{"taxonomy":"category","embeddable":true,"href":"https:\/\/www.region-schwabach.de\/wordpress\/wp-json\/wp\/v2\/categories?post=54117"},{"taxonomy":"post_tag","embeddable":true,"href":"https:\/\/www.region-schwabach.de\/wordpress\/wp-json\/wp\/v2\/tags?post=54117"}],"curies":[{"name":"wp","href":"https:\/\/api.w.org\/{rel}","templated":true}]}}