{"id":54190,"date":"2018-08-30T00:04:10","date_gmt":"2018-08-29T22:04:10","guid":{"rendered":"http:\/\/www.region-schwabach.de\/wordpress\/?p=54190"},"modified":"2018-08-29T21:55:01","modified_gmt":"2018-08-29T19:55:01","slug":"sommerferienkino-in-der-stadtbibliothek-am-30-august-2018","status":"publish","type":"post","link":"https:\/\/www.region-schwabach.de\/wordpress\/sommerferienkino-in-der-stadtbibliothek-am-30-august-2018\/","title":{"rendered":"Sommerferienkino in der Stadtbibliothek am 30. August 2018"},"content":{"rendered":"\t\t<div data-elementor-type=\"wp-post\" data-elementor-id=\"54190\" class=\"elementor elementor-54190 elementor-bc-flex-widget\">\n\t\t\t\t\t\t<section class=\"elementor-section elementor-top-section elementor-element elementor-element-678181b elementor-section-boxed elementor-section-height-default elementor-section-height-default\" data-id=\"678181b\" data-element_type=\"section\">\n\t\t\t\t\t\t<div class=\"elementor-container elementor-column-gap-default\">\n\t\t\t\t\t<div class=\"elementor-column elementor-col-66 elementor-top-column elementor-element elementor-element-6b34026\" data-id=\"6b34026\" data-element_type=\"column\">\n\t\t\t<div class=\"elementor-widget-wrap elementor-element-populated\">\n\t\t\t\t\t\t<div class=\"elementor-element elementor-element-443ab98 elementor-widget elementor-widget-text-editor\" data-id=\"443ab98\" data-element_type=\"widget\" data-widget_type=\"text-editor.default\">\n\t\t\t\t<div class=\"elementor-widget-container\">\n\t\t\t\t\t\t\t<h3>Sommerferienkino in der Stadtbibliothek<\/h3><p>Schwabach &#8211; Langeweile in den Sommerferien mu\u00df nicht sein! Vom 2. August 2018 bis 6. September 2018 zeigt die Stadtbibliothek in Schwabach jeden Donnerstag um 10.30 Uhr\u00a0einen tollen Film f\u00fcr Kinder und Jugendliche. Die Vorf\u00fchrungen finden im 2. Obergescho\u00df der Stadtbibliothek statt, und das Beste, der <strong>Eintritt ist frei!<\/strong><\/p><h3>Heute:<\/h3><ul style=\"list-style-type: disc;\"><li><strong>Donnerstag, 30. August:\u00a0 \u201eCars 3 \u2013 Evolution\u201c (FSK 0)<br \/><\/strong><br \/>Altes Eisen? Pah, das ist Lightning McQueen noch lange nicht! Rennsport ist sein Leben! Auch wenn der blitzschnelle Newcomer Jackson Storm ihn ganz sch\u00f6n ins Schwitzen bringt, ist Aufgeben f\u00fcr McQueen keine Option. Stattdessen holt er sich eine junge Technikerin zur Seite, die ihm die neuesten Tricks aus dem Rennzirkus beibringt. Denn McQueen will allen beweisen, wer der Schnellste ist.<\/li><\/ul><h3>Weiterf\u00fchrende Links:<\/h3><p><a href=\"http:\/\/www.schwabach.de\/de\/stadtverwaltung\/oberbuergermeister\/258-kulturamt\/einrichtungen-und-sachgebiete\/stadtbibliothek.html\" target=\"_blank\" rel=\"noopener\">Homepage der Stadtbibliothek &#8230;<\/a><\/p><p><a href=\"https:\/\/www.region-schwabach.de\/wordpress\/sommerferienkino-in-der-stadtbibliothek-ab-2-august-2018\/\" target=\"_blank\" rel=\"noopener\">Das komplette Sommerferienprogramm gibt es hier &#8230;<\/a><\/p>\t\t\t\t\t\t<\/div>\n\t\t\t\t<\/div>\n\t\t\t\t<div class=\"elementor-element elementor-element-0c834d7 elementor-widget-divider--view-line elementor-widget elementor-widget-divider\" data-id=\"0c834d7\" data-element_type=\"widget\" data-widget_type=\"divider.default\">\n\t\t\t\t<div class=\"elementor-widget-container\">\n\t\t\t\t\t<div class=\"elementor-divider\">\n\t\t\t<span class=\"elementor-divider-separator\">\n\t\t\t\t\t\t<\/span>\n\t\t<\/div>\n\t\t\t\t<\/div>\n\t\t\t\t<\/div>\n\t\t\t\t<div class=\"elementor-element elementor-element-325f51f elementor-widget elementor-widget-google_maps\" data-id=\"325f51f\" data-element_type=\"widget\" data-widget_type=\"google_maps.default\">\n\t\t\t\t<div class=\"elementor-widget-container\">\n\t\t\t\t\t<div class=\"elementor-custom-embed\">\n\t\t\t<iframe loading=\"lazy\"\n\t\t\t\t\tsrc=\"https:\/\/maps.google.com\/maps?q=K%C3%B6nigsplatz%2029a%2C%20Schwabach%2C%20Deutschland&#038;t=m&#038;z=18&#038;output=embed&#038;iwloc=near\"\n\t\t\t\t\ttitle=\"K\u00f6nigsplatz 29a, Schwabach, Deutschland\"\n\t\t\t\t\taria-label=\"K\u00f6nigsplatz 29a, Schwabach, Deutschland\"\n\t\t\t><\/iframe>\n\t\t<\/div>\n\t\t\t\t<\/div>\n\t\t\t\t<\/div>\n\t\t\t\t\t<\/div>\n\t\t<\/div>\n\t\t\t\t<div class=\"elementor-column elementor-col-33 elementor-top-column elementor-element elementor-element-f645137\" data-id=\"f645137\" data-element_type=\"column\">\n\t\t\t<div class=\"elementor-widget-wrap elementor-element-populated\">\n\t\t\t\t\t\t<div class=\"elementor-element elementor-element-25043c1 elementor-widget elementor-widget-image\" data-id=\"25043c1\" data-element_type=\"widget\" data-widget_type=\"image.default\">\n\t\t\t\t<div class=\"elementor-widget-container\">\n\t\t\t\t\t\t\t\t\t\t\t\t\t<img fetchpriority=\"high\" decoding=\"async\" width=\"300\" height=\"300\" src=\"https:\/\/www.region-schwabach.de\/wordpress\/wp-content\/uploads\/2018\/04\/werbung1-300x300.png\" class=\"attachment-medium size-medium wp-image-35382\" alt=\"\" srcset=\"https:\/\/www.region-schwabach.de\/wordpress\/wp-content\/uploads\/2018\/04\/werbung1-300x300.png 300w, https:\/\/www.region-schwabach.de\/wordpress\/wp-content\/uploads\/2018\/04\/werbung1-150x150.png 150w, https:\/\/www.region-schwabach.de\/wordpress\/wp-content\/uploads\/2018\/04\/werbung1-768x768.png 768w, https:\/\/www.region-schwabach.de\/wordpress\/wp-content\/uploads\/2018\/04\/werbung1-1024x1024.png 1024w, https:\/\/www.region-schwabach.de\/wordpress\/wp-content\/uploads\/2018\/04\/werbung1.png 1200w\" sizes=\"(max-width: 300px) 100vw, 300px\" \/>\t\t\t\t\t\t\t\t\t\t\t\t\t<\/div>\n\t\t\t\t<\/div>\n\t\t\t\t\t<\/div>\n\t\t<\/div>\n\t\t\t\t\t<\/div>\n\t\t<\/section>\n\t\t\t\t<\/div>\n\t\t","protected":false},"excerpt":{"rendered":"<div class=\"mh-excerpt\"><p>Sommerferienkino in der Stadtbibliothek Schwabach &#8211; Langeweile in den Sommerferien mu\u00df nicht sein! Vom 2. August 2018 bis 6. September 2018 zeigt die Stadtbibliothek in Schwabach jeden Donnerstag um 10.30 Uhr\u00a0einen tollen Film f\u00fcr Kinder <a class=\"mh-excerpt-more\" href=\"https:\/\/www.region-schwabach.de\/wordpress\/sommerferienkino-in-der-stadtbibliothek-am-30-august-2018\/\" title=\"Sommerferienkino in der Stadtbibliothek am 30. August 2018\">[&#8230;]<\/a><\/p>\n<\/div>","protected":false},"author":1,"featured_media":51333,"comment_status":"open","ping_status":"open","sticky":false,"template":"","format":"standard","meta":{"_cbd_carousel_blocks":"[]","footnotes":""},"categories":[16,1,287,231],"tags":[5290,5259,522,1480,19,5285,2555],"class_list":{"0":"post-54190","1":"post","2":"type-post","3":"status-publish","4":"format-standard","5":"has-post-thumbnail","7":"category-aktuell","8":"category-allgemein","9":"category-jugend-und-familie","10":"category-veranstaltungsnews","11":"tag-cars-3-evolution","12":"tag-30-08-2018","13":"tag-koenigsplatz","14":"tag-rathaus","15":"tag-schwabach","16":"tag-sommerferienkino","17":"tag-stadtbibliothek"},"_links":{"self":[{"href":"https:\/\/www.region-schwabach.de\/wordpress\/wp-json\/wp\/v2\/posts\/54190","targetHints":{"allow":["GET"]}}],"collection":[{"href":"https:\/\/www.region-schwabach.de\/wordpress\/wp-json\/wp\/v2\/posts"}],"about":[{"href":"https:\/\/www.region-schwabach.de\/wordpress\/wp-json\/wp\/v2\/types\/post"}],"author":[{"embeddable":true,"href":"https:\/\/www.region-schwabach.de\/wordpress\/wp-json\/wp\/v2\/users\/1"}],"replies":[{"embeddable":true,"href":"https:\/\/www.region-schwabach.de\/wordpress\/wp-json\/wp\/v2\/comments?post=54190"}],"version-history":[{"count":0,"href":"https:\/\/www.region-schwabach.de\/wordpress\/wp-json\/wp\/v2\/posts\/54190\/revisions"}],"wp:featuredmedia":[{"embeddable":true,"href":"https:\/\/www.region-schwabach.de\/wordpress\/wp-json\/wp\/v2\/media\/51333"}],"wp:attachment":[{"href":"https:\/\/www.region-schwabach.de\/wordpress\/wp-json\/wp\/v2\/media?parent=54190"}],"wp:term":[{"taxonomy":"category","embeddable":true,"href":"https:\/\/www.region-schwabach.de\/wordpress\/wp-json\/wp\/v2\/categories?post=54190"},{"taxonomy":"post_tag","embeddable":true,"href":"https:\/\/www.region-schwabach.de\/wordpress\/wp-json\/wp\/v2\/tags?post=54190"}],"curies":[{"name":"wp","href":"https:\/\/api.w.org\/{rel}","templated":true}]}}