{"id":54540,"date":"2018-09-05T00:03:27","date_gmt":"2018-09-04T22:03:27","guid":{"rendered":"http:\/\/www.region-schwabach.de\/wordpress\/?p=54540"},"modified":"2018-09-04T23:40:50","modified_gmt":"2018-09-04T21:40:50","slug":"blattgoldfuehrung-fuer-kinder-am-5-september-2018-im-stadtmuseum","status":"publish","type":"post","link":"https:\/\/www.region-schwabach.de\/wordpress\/blattgoldfuehrung-fuer-kinder-am-5-september-2018-im-stadtmuseum\/","title":{"rendered":"Blattgoldf\u00fchrung f\u00fcr Kinder am 5. September 2018 im Stadtmuseum"},"content":{"rendered":"\t\t<div data-elementor-type=\"wp-post\" data-elementor-id=\"54540\" class=\"elementor elementor-54540 elementor-bc-flex-widget\">\n\t\t\t\t\t\t<section class=\"elementor-section elementor-top-section elementor-element elementor-element-678181b elementor-section-boxed elementor-section-height-default elementor-section-height-default\" data-id=\"678181b\" data-element_type=\"section\">\n\t\t\t\t\t\t<div class=\"elementor-container elementor-column-gap-default\">\n\t\t\t\t\t<div class=\"elementor-column elementor-col-66 elementor-top-column elementor-element elementor-element-6b34026\" data-id=\"6b34026\" data-element_type=\"column\">\n\t\t\t<div class=\"elementor-widget-wrap elementor-element-populated\">\n\t\t\t\t\t\t<div class=\"elementor-element elementor-element-443ab98 elementor-widget elementor-widget-text-editor\" data-id=\"443ab98\" data-element_type=\"widget\" data-widget_type=\"text-editor.default\">\n\t\t\t\t<div class=\"elementor-widget-container\">\n\t\t\t\t\t\t\t<h3>Offene F\u00fchrung f\u00fcr Kinder zum Thema Blattgold<\/h3><p>Schwabach &#8211;\u00a0Am Mittwoch, den 5. September 2018, findet wieder eine offene F\u00fchrung f\u00fcr Kinder statt. Bei einem Rundgang durch die Goldabteilung und die Goldschl\u00e4gerwerkstatt erfahren Kinder ab 7 Jahren Wissenswertes \u00fcber den Weg vom Gold zum Blattgold.<\/p><h3>Wissenswertes zum Thema Gold<\/h3><p>Dabei werden viele Fragen beantwortet: Wo kommt denn das Gold her und wie wird es weiterverarbeitet? Wieso ist eigentlich Blattgold erfunden worden, wie kann es so hauchd\u00fcnn geschlagen werden? Nat\u00fcrlich d\u00fcrfen die Kinder dabei auch selbst Hand anlegen.<\/p><h3>Infos:<\/h3><p>Beginn ist um 14.00 Uhr, das Angebot dauert ca. 90 Minuten. W\u00e4hrend der F\u00fchrung muss eine Begleitperson anwesend sein. Eine vorherige Anmeldung f\u00fcr Einzelbesucher\/innen ist nicht notwendig, Gruppen sollten sich sicherheitshalber unter der Telefonnummer 09122 -1854311 ank\u00fcndigen.\u00a0<\/p><p>Die F\u00fchrung ist auf 25 Personen begrenzt. Treffpunkt ist die Museumskasse im Eingangsbereich Dr.-Haas-Stra\u00dfe.<\/p><p>Der Eintrittspreis f\u00fcr Erwachsene betr\u00e4gt einschlie\u00dflich der F\u00fchrungen 5,00 \u20ac, f\u00fcr Kinder 2,50 \u20ac.<\/p><p><strong>Foto (Manuel Mauer):<\/strong> Was wiegt schwerer \u2013 Gold oder Blei?<\/p><h3>Weiterf\u00fchrende Links:<\/h3><p><a href=\"http:\/\/www.schwabach.de\/de\/schwabach-erleben\/kultur\/einrichtungen\/stadtmuseum.html\" target=\"_blank\" rel=\"noopener\">Homepage Stadtmuseum Schwabach &#8230;<\/a><\/p>\t\t\t\t\t\t<\/div>\n\t\t\t\t<\/div>\n\t\t\t\t<div class=\"elementor-element elementor-element-9ac84f6 elementor-widget-divider--view-line elementor-widget elementor-widget-divider\" data-id=\"9ac84f6\" data-element_type=\"widget\" data-widget_type=\"divider.default\">\n\t\t\t\t<div class=\"elementor-widget-container\">\n\t\t\t\t\t<div class=\"elementor-divider\">\n\t\t\t<span class=\"elementor-divider-separator\">\n\t\t\t\t\t\t<\/span>\n\t\t<\/div>\n\t\t\t\t<\/div>\n\t\t\t\t<\/div>\n\t\t\t\t<div class=\"elementor-element elementor-element-f0b3882 elementor-widget elementor-widget-google_maps\" data-id=\"f0b3882\" data-element_type=\"widget\" data-widget_type=\"google_maps.default\">\n\t\t\t\t<div class=\"elementor-widget-container\">\n\t\t\t\t\t<div class=\"elementor-custom-embed\">\n\t\t\t<iframe loading=\"lazy\"\n\t\t\t\t\tsrc=\"https:\/\/maps.google.com\/maps?q=Museumsstra%C3%9Fe%2C%20Schwabach%2C%20Deutschland&#038;t=m&#038;z=17&#038;output=embed&#038;iwloc=near\"\n\t\t\t\t\ttitle=\"Museumsstra\u00dfe, Schwabach, Deutschland\"\n\t\t\t\t\taria-label=\"Museumsstra\u00dfe, Schwabach, Deutschland\"\n\t\t\t><\/iframe>\n\t\t<\/div>\n\t\t\t\t<\/div>\n\t\t\t\t<\/div>\n\t\t\t\t\t<\/div>\n\t\t<\/div>\n\t\t\t\t<div class=\"elementor-column elementor-col-33 elementor-top-column elementor-element elementor-element-f645137\" data-id=\"f645137\" data-element_type=\"column\">\n\t\t\t<div class=\"elementor-widget-wrap elementor-element-populated\">\n\t\t\t\t\t\t<div class=\"elementor-element elementor-element-25043c1 elementor-widget elementor-widget-image\" data-id=\"25043c1\" data-element_type=\"widget\" data-widget_type=\"image.default\">\n\t\t\t\t<div class=\"elementor-widget-container\">\n\t\t\t\t\t\t\t\t\t\t\t\t\t<img fetchpriority=\"high\" decoding=\"async\" width=\"300\" height=\"300\" src=\"https:\/\/www.region-schwabach.de\/wordpress\/wp-content\/uploads\/2018\/04\/werbung1-300x300.png\" class=\"attachment-medium size-medium wp-image-35382\" alt=\"\" srcset=\"https:\/\/www.region-schwabach.de\/wordpress\/wp-content\/uploads\/2018\/04\/werbung1-300x300.png 300w, https:\/\/www.region-schwabach.de\/wordpress\/wp-content\/uploads\/2018\/04\/werbung1-150x150.png 150w, https:\/\/www.region-schwabach.de\/wordpress\/wp-content\/uploads\/2018\/04\/werbung1-768x768.png 768w, https:\/\/www.region-schwabach.de\/wordpress\/wp-content\/uploads\/2018\/04\/werbung1-1024x1024.png 1024w, https:\/\/www.region-schwabach.de\/wordpress\/wp-content\/uploads\/2018\/04\/werbung1.png 1200w\" sizes=\"(max-width: 300px) 100vw, 300px\" \/>\t\t\t\t\t\t\t\t\t\t\t\t\t<\/div>\n\t\t\t\t<\/div>\n\t\t\t\t\t<\/div>\n\t\t<\/div>\n\t\t\t\t\t<\/div>\n\t\t<\/section>\n\t\t\t\t<\/div>\n\t\t","protected":false},"excerpt":{"rendered":"<div class=\"mh-excerpt\"><p>Offene F\u00fchrung f\u00fcr Kinder zum Thema Blattgold Schwabach &#8211;\u00a0Am Mittwoch, den 5. September 2018, findet wieder eine offene F\u00fchrung f\u00fcr Kinder statt. Bei einem Rundgang durch die Goldabteilung und die Goldschl\u00e4gerwerkstatt erfahren Kinder ab 7 <a class=\"mh-excerpt-more\" href=\"https:\/\/www.region-schwabach.de\/wordpress\/blattgoldfuehrung-fuer-kinder-am-5-september-2018-im-stadtmuseum\/\" title=\"Blattgoldf\u00fchrung f\u00fcr Kinder am 5. September 2018 im Stadtmuseum\">[&#8230;]<\/a><\/p>\n<\/div>","protected":false},"author":1,"featured_media":50309,"comment_status":"open","ping_status":"open","sticky":false,"template":"","format":"standard","meta":{"_cbd_carousel_blocks":"[]","footnotes":""},"categories":[16,1,287,61,231],"tags":[5559,5266,5267,3913,1126,3912,420,1480,3645,19,3739],"class_list":{"0":"post-54540","1":"post","2":"type-post","3":"status-publish","4":"format-standard","5":"has-post-thumbnail","7":"category-aktuell","8":"category-allgemein","9":"category-jugend-und-familie","10":"category-rathaus","11":"category-veranstaltungsnews","12":"tag-05-09-2018","13":"tag-blattgoldfuehrung","14":"tag-goldabteilung","15":"tag-goldschlaegerwerkstatt","16":"tag-kinder","17":"tag-kinderfuehrung","18":"tag-museumsstrasse","19":"tag-rathaus","20":"tag-rundgang","21":"tag-schwabach","22":"tag-stadtmuseum"},"_links":{"self":[{"href":"https:\/\/www.region-schwabach.de\/wordpress\/wp-json\/wp\/v2\/posts\/54540","targetHints":{"allow":["GET"]}}],"collection":[{"href":"https:\/\/www.region-schwabach.de\/wordpress\/wp-json\/wp\/v2\/posts"}],"about":[{"href":"https:\/\/www.region-schwabach.de\/wordpress\/wp-json\/wp\/v2\/types\/post"}],"author":[{"embeddable":true,"href":"https:\/\/www.region-schwabach.de\/wordpress\/wp-json\/wp\/v2\/users\/1"}],"replies":[{"embeddable":true,"href":"https:\/\/www.region-schwabach.de\/wordpress\/wp-json\/wp\/v2\/comments?post=54540"}],"version-history":[{"count":0,"href":"https:\/\/www.region-schwabach.de\/wordpress\/wp-json\/wp\/v2\/posts\/54540\/revisions"}],"wp:featuredmedia":[{"embeddable":true,"href":"https:\/\/www.region-schwabach.de\/wordpress\/wp-json\/wp\/v2\/media\/50309"}],"wp:attachment":[{"href":"https:\/\/www.region-schwabach.de\/wordpress\/wp-json\/wp\/v2\/media?parent=54540"}],"wp:term":[{"taxonomy":"category","embeddable":true,"href":"https:\/\/www.region-schwabach.de\/wordpress\/wp-json\/wp\/v2\/categories?post=54540"},{"taxonomy":"post_tag","embeddable":true,"href":"https:\/\/www.region-schwabach.de\/wordpress\/wp-json\/wp\/v2\/tags?post=54540"}],"curies":[{"name":"wp","href":"https:\/\/api.w.org\/{rel}","templated":true}]}}