{"id":54693,"date":"2018-09-03T00:05:53","date_gmt":"2018-09-02T22:05:53","guid":{"rendered":"http:\/\/www.region-schwabach.de\/wordpress\/?p=54693"},"modified":"2018-09-02T21:02:32","modified_gmt":"2018-09-02T19:02:32","slug":"wartungsarbeiten-an-den-servern-von-region-schwabach-de","status":"publish","type":"post","link":"https:\/\/www.region-schwabach.de\/wordpress\/wartungsarbeiten-an-den-servern-von-region-schwabach-de\/","title":{"rendered":"Wartungsarbeiten an den Servern von region-schwabach.de"},"content":{"rendered":"\t\t<div data-elementor-type=\"wp-post\" data-elementor-id=\"54693\" class=\"elementor elementor-54693 elementor-bc-flex-widget\">\n\t\t\t\t\t\t<section class=\"elementor-section elementor-top-section elementor-element elementor-element-678181b elementor-section-boxed elementor-section-height-default elementor-section-height-default\" data-id=\"678181b\" data-element_type=\"section\">\n\t\t\t\t\t\t<div class=\"elementor-container elementor-column-gap-default\">\n\t\t\t\t\t<div class=\"elementor-column elementor-col-66 elementor-top-column elementor-element elementor-element-6b34026\" data-id=\"6b34026\" data-element_type=\"column\">\n\t\t\t<div class=\"elementor-widget-wrap elementor-element-populated\">\n\t\t\t\t\t\t<div class=\"elementor-element elementor-element-443ab98 elementor-widget elementor-widget-text-editor\" data-id=\"443ab98\" data-element_type=\"widget\" data-widget_type=\"text-editor.default\">\n\t\t\t\t<div class=\"elementor-widget-container\">\n\t\t\t\t\t\t\t<h3>Wartungsarbeiten an den Servern von region-schwabach.de<\/h3><p>Am Montag, den 03.09.2018 werden \u00c4nderungen an der technischen Infrastruktur an der Servern von www.region-schwabach.de vorgenommen. Daher ist es u.U. m\u00f6glich, da\u00df unsere Homepage zwischen 07.00 Uhr und 10.00 Uhr ab und zu f\u00fcr kurze Zeit nicht zu erreichen ist.<\/p><h3>Wartung leider nur in dieser Zeit m\u00f6glich<\/h3><p>Wir bitten diese Unannehmlichkeiten zu entschuldigen. Bitte seien Sie aber versichert, da\u00df wir uns bem\u00fchen, die Ausfallzeiten so gering wie m\u00f6glich zu halten. Aus betriebstechnischen Gr\u00fcnden ist eine Verlegung der\u00a0 n\u00f6tigen Arbeiten in die Nachtstunden in diesem Fall leider nicht m\u00f6glich.<\/p><h3>eMail-Kommunikation nicht betroffen<\/h3><p>Die E-Mailkommunikation von region-schwabach.de ist von dieser kurzfristigen St\u00f6rung nicht betroffen.\u00a0<\/p>\t\t\t\t\t\t<\/div>\n\t\t\t\t<\/div>\n\t\t\t\t\t<\/div>\n\t\t<\/div>\n\t\t\t\t<div class=\"elementor-column elementor-col-33 elementor-top-column elementor-element elementor-element-f645137\" data-id=\"f645137\" data-element_type=\"column\">\n\t\t\t<div class=\"elementor-widget-wrap elementor-element-populated\">\n\t\t\t\t\t\t<div class=\"elementor-element elementor-element-25043c1 elementor-widget elementor-widget-image\" data-id=\"25043c1\" data-element_type=\"widget\" data-widget_type=\"image.default\">\n\t\t\t\t<div class=\"elementor-widget-container\">\n\t\t\t\t\t\t\t\t\t\t\t\t\t<img fetchpriority=\"high\" decoding=\"async\" width=\"300\" height=\"300\" src=\"https:\/\/www.region-schwabach.de\/wordpress\/wp-content\/uploads\/2018\/04\/werbung1-300x300.png\" class=\"attachment-medium size-medium wp-image-35382\" alt=\"\" srcset=\"https:\/\/www.region-schwabach.de\/wordpress\/wp-content\/uploads\/2018\/04\/werbung1-300x300.png 300w, https:\/\/www.region-schwabach.de\/wordpress\/wp-content\/uploads\/2018\/04\/werbung1-150x150.png 150w, https:\/\/www.region-schwabach.de\/wordpress\/wp-content\/uploads\/2018\/04\/werbung1-768x768.png 768w, https:\/\/www.region-schwabach.de\/wordpress\/wp-content\/uploads\/2018\/04\/werbung1-1024x1024.png 1024w, https:\/\/www.region-schwabach.de\/wordpress\/wp-content\/uploads\/2018\/04\/werbung1.png 1200w\" sizes=\"(max-width: 300px) 100vw, 300px\" \/>\t\t\t\t\t\t\t\t\t\t\t\t\t<\/div>\n\t\t\t\t<\/div>\n\t\t\t\t\t<\/div>\n\t\t<\/div>\n\t\t\t\t\t<\/div>\n\t\t<\/section>\n\t\t\t\t<\/div>\n\t\t","protected":false},"excerpt":{"rendered":"<div class=\"mh-excerpt\"><p>Wartungsarbeiten an den Servern von region-schwabach.de Am Montag, den 03.09.2018 werden \u00c4nderungen an der technischen Infrastruktur an der Servern von www.region-schwabach.de vorgenommen. Daher ist es u.U. m\u00f6glich, da\u00df unsere Homepage zwischen 07.00 Uhr und 10.00 <a class=\"mh-excerpt-more\" href=\"https:\/\/www.region-schwabach.de\/wordpress\/wartungsarbeiten-an-den-servern-von-region-schwabach-de\/\" title=\"Wartungsarbeiten an den Servern von region-schwabach.de\">[&#8230;]<\/a><\/p>\n<\/div>","protected":false},"author":1,"featured_media":54694,"comment_status":"open","ping_status":"open","sticky":false,"template":"","format":"standard","meta":{"_cbd_carousel_blocks":"[]","footnotes":""},"categories":[16,1,78,3967],"tags":[5400,5782,5786,5783,4665,4373,5785,5784],"class_list":{"0":"post-54693","1":"post","2":"type-post","3":"status-publish","4":"format-standard","5":"has-post-thumbnail","7":"category-aktuell","8":"category-allgemein","9":"category-handel-und-wirtschaft","10":"category-unternehmen","11":"tag-03-09-2018","12":"tag-7-00-uhr-bis-10-00-uhr","13":"tag-ausfallzeiten","14":"tag-internet-praesenz","15":"tag-nicht-erreichbar","16":"tag-stoerung","17":"tag-wartungsarbeiten","18":"tag-www-region-schwabach-de"},"_links":{"self":[{"href":"https:\/\/www.region-schwabach.de\/wordpress\/wp-json\/wp\/v2\/posts\/54693","targetHints":{"allow":["GET"]}}],"collection":[{"href":"https:\/\/www.region-schwabach.de\/wordpress\/wp-json\/wp\/v2\/posts"}],"about":[{"href":"https:\/\/www.region-schwabach.de\/wordpress\/wp-json\/wp\/v2\/types\/post"}],"author":[{"embeddable":true,"href":"https:\/\/www.region-schwabach.de\/wordpress\/wp-json\/wp\/v2\/users\/1"}],"replies":[{"embeddable":true,"href":"https:\/\/www.region-schwabach.de\/wordpress\/wp-json\/wp\/v2\/comments?post=54693"}],"version-history":[{"count":0,"href":"https:\/\/www.region-schwabach.de\/wordpress\/wp-json\/wp\/v2\/posts\/54693\/revisions"}],"wp:featuredmedia":[{"embeddable":true,"href":"https:\/\/www.region-schwabach.de\/wordpress\/wp-json\/wp\/v2\/media\/54694"}],"wp:attachment":[{"href":"https:\/\/www.region-schwabach.de\/wordpress\/wp-json\/wp\/v2\/media?parent=54693"}],"wp:term":[{"taxonomy":"category","embeddable":true,"href":"https:\/\/www.region-schwabach.de\/wordpress\/wp-json\/wp\/v2\/categories?post=54693"},{"taxonomy":"post_tag","embeddable":true,"href":"https:\/\/www.region-schwabach.de\/wordpress\/wp-json\/wp\/v2\/tags?post=54693"}],"curies":[{"name":"wp","href":"https:\/\/api.w.org\/{rel}","templated":true}]}}