{"id":55052,"date":"2018-09-04T00:04:14","date_gmt":"2018-09-03T22:04:14","guid":{"rendered":"http:\/\/www.region-schwabach.de\/wordpress\/?p=55052"},"modified":"2018-09-03T18:53:58","modified_gmt":"2018-09-03T16:53:58","slug":"nachwuchskraefte-starten-ihre-ausbildung-bei-der-stadt-schwabach","status":"publish","type":"post","link":"https:\/\/www.region-schwabach.de\/wordpress\/nachwuchskraefte-starten-ihre-ausbildung-bei-der-stadt-schwabach\/","title":{"rendered":"Nachwuchskr\u00e4fte starten ihre Ausbildung bei der Stadt Schwabach"},"content":{"rendered":"\t\t<div data-elementor-type=\"wp-post\" data-elementor-id=\"55052\" class=\"elementor elementor-55052 elementor-bc-flex-widget\">\n\t\t\t\t\t\t<section class=\"elementor-section elementor-top-section elementor-element elementor-element-678181b elementor-section-boxed elementor-section-height-default elementor-section-height-default\" data-id=\"678181b\" data-element_type=\"section\">\n\t\t\t\t\t\t<div class=\"elementor-container elementor-column-gap-default\">\n\t\t\t\t\t<div class=\"elementor-column elementor-col-66 elementor-top-column elementor-element elementor-element-6b34026\" data-id=\"6b34026\" data-element_type=\"column\">\n\t\t\t<div class=\"elementor-widget-wrap elementor-element-populated\">\n\t\t\t\t\t\t<div class=\"elementor-element elementor-element-443ab98 elementor-widget elementor-widget-text-editor\" data-id=\"443ab98\" data-element_type=\"widget\" data-widget_type=\"text-editor.default\">\n\t\t\t\t<div class=\"elementor-widget-container\">\n\t\t\t\t\t\t\t<h3>Neues Ausbildungsjahr gestartet:<br \/>\u201eGuter Nachwuchs f\u00fcr die Stadtverwaltung\u00a0entscheidend\u201c<\/h3><p>Schwabach &#8211;\u00a0Elf neue Nachwuchskr\u00e4fte begr\u00fc\u00dfte Oberb\u00fcrgermeister Matthias Th\u00fcrauf am Montag, den 03.09.2018,\u00a0im Goldenen Saal zum Start ihrer Ausbildung.<\/p><h3>Unterschiedliche Ausbildungsricberufe<\/h3><p>Vier der jungen Frauen und\u00a0M\u00e4nner absolvieren eine Ausbildung als Verwaltungswirtin bzw. -wirt, vier\u00a0werden Verwaltungsfachangestellte, einer wird zum G\u00e4rtner und einer zum\u00a0Stra\u00dfenw\u00e4rter ausgebildet. Anfang Oktober starten weitere vier mit ihrer Ausbildung\u00a0im gehobenen Verwaltungs-Dienst, der ein Duales Studium zugrunde\u00a0liegt. Und erstmals wird in der Stadtbibliothek eine Fachangestellte Medien und\u00a0Informationsdienste, Fachrichtung Bibliothek, ausgebildet.<\/p><h3>Einf\u00fchrung durch OB Th\u00fcrauf<\/h3><p>Oberb\u00fcrgermeister Th\u00fcrauf schilderte den Neuen die Vielf\u00e4ltigkeit der Arbeitsaufgaben\u00a0in einer Stadtverwaltung und legte ihnen ans Herz, die Zeit der\u00a0Ausbildung zu nutzen und \u201emit frischem Blick Dinge auch zu hinterfragen.\u201c Er\u00a0brachte zudem seine Freude dar\u00fcber zum Ausdruck, dass die neuen Mitarbeitenden\u00a0sich f\u00fcr die Stadt Schwabach entschieden haben, denn es sei\u00a0\u201eentscheidend f\u00fcr die Stadt, guten Nachwuchs zu haben.\u201c<\/p><h3>Kennenlernen angesagt<\/h3><p>W\u00e4hrend ihrer ersten Tage bei der Stadtverwaltung lernen die Nachwuchskr\u00e4fte<br \/>nicht nur ihre ersten Einsatzstellen kennen, sondern werden bei einer<br \/>Rallye durch die Verwaltungsgeb\u00e4ude und bei einer F\u00fchrung auch mit der<br \/>Stadt vertraut gemacht. Marion Reiners, Maria Lorek und Astrid Schmiedl aus<br \/>dem Personalamt begleiten die Auszubildenden in dieser Zeit.<br \/><br \/><strong>Foto:<\/strong> Die Auszubildenden mit Oberb\u00fcrgermeister Matthias Th\u00fcrauf (hinten,<br \/>Mitte) sowie Maria Lorek (rechts), Astrid Schmiedl (2. von rechts) und Marion<br \/>Reiners (4. von rechts)<\/p>\t\t\t\t\t\t<\/div>\n\t\t\t\t<\/div>\n\t\t\t\t<div class=\"elementor-element elementor-element-9ac84f6 elementor-widget-divider--view-line elementor-widget elementor-widget-divider\" data-id=\"9ac84f6\" data-element_type=\"widget\" data-widget_type=\"divider.default\">\n\t\t\t\t<div class=\"elementor-widget-container\">\n\t\t\t\t\t<div class=\"elementor-divider\">\n\t\t\t<span class=\"elementor-divider-separator\">\n\t\t\t\t\t\t<\/span>\n\t\t<\/div>\n\t\t\t\t<\/div>\n\t\t\t\t<\/div>\n\t\t\t\t<div class=\"elementor-element elementor-element-f0b3882 elementor-widget elementor-widget-google_maps\" data-id=\"f0b3882\" data-element_type=\"widget\" data-widget_type=\"google_maps.default\">\n\t\t\t\t<div class=\"elementor-widget-container\">\n\t\t\t\t\t<div class=\"elementor-custom-embed\">\n\t\t\t<iframe loading=\"lazy\"\n\t\t\t\t\tsrc=\"https:\/\/maps.google.com\/maps?q=K%C3%B6nigsplatz%201%2C%20Schwabach%2C%20Deutschland&#038;t=m&#038;z=17&#038;output=embed&#038;iwloc=near\"\n\t\t\t\t\ttitle=\"K\u00f6nigsplatz 1, Schwabach, Deutschland\"\n\t\t\t\t\taria-label=\"K\u00f6nigsplatz 1, Schwabach, Deutschland\"\n\t\t\t><\/iframe>\n\t\t<\/div>\n\t\t\t\t<\/div>\n\t\t\t\t<\/div>\n\t\t\t\t\t<\/div>\n\t\t<\/div>\n\t\t\t\t<div class=\"elementor-column elementor-col-33 elementor-top-column elementor-element elementor-element-f645137\" data-id=\"f645137\" data-element_type=\"column\">\n\t\t\t<div class=\"elementor-widget-wrap elementor-element-populated\">\n\t\t\t\t\t\t<div class=\"elementor-element elementor-element-25043c1 elementor-widget elementor-widget-image\" data-id=\"25043c1\" data-element_type=\"widget\" data-widget_type=\"image.default\">\n\t\t\t\t<div class=\"elementor-widget-container\">\n\t\t\t\t\t\t\t\t\t\t\t\t\t<img fetchpriority=\"high\" decoding=\"async\" width=\"300\" height=\"300\" src=\"https:\/\/www.region-schwabach.de\/wordpress\/wp-content\/uploads\/2018\/04\/werbung1-300x300.png\" class=\"attachment-medium size-medium wp-image-35382\" alt=\"\" srcset=\"https:\/\/www.region-schwabach.de\/wordpress\/wp-content\/uploads\/2018\/04\/werbung1-300x300.png 300w, https:\/\/www.region-schwabach.de\/wordpress\/wp-content\/uploads\/2018\/04\/werbung1-150x150.png 150w, https:\/\/www.region-schwabach.de\/wordpress\/wp-content\/uploads\/2018\/04\/werbung1-768x768.png 768w, https:\/\/www.region-schwabach.de\/wordpress\/wp-content\/uploads\/2018\/04\/werbung1-1024x1024.png 1024w, https:\/\/www.region-schwabach.de\/wordpress\/wp-content\/uploads\/2018\/04\/werbung1.png 1200w\" sizes=\"(max-width: 300px) 100vw, 300px\" \/>\t\t\t\t\t\t\t\t\t\t\t\t\t<\/div>\n\t\t\t\t<\/div>\n\t\t\t\t\t<\/div>\n\t\t<\/div>\n\t\t\t\t\t<\/div>\n\t\t<\/section>\n\t\t\t\t<section class=\"elementor-section elementor-top-section elementor-element elementor-element-65827af elementor-section-boxed elementor-section-height-default elementor-section-height-default\" data-id=\"65827af\" data-element_type=\"section\">\n\t\t\t\t\t\t<div class=\"elementor-container elementor-column-gap-default\">\n\t\t\t\t\t<div class=\"elementor-column elementor-col-100 elementor-top-column elementor-element elementor-element-e5d901d\" data-id=\"e5d901d\" data-element_type=\"column\">\n\t\t\t<div class=\"elementor-widget-wrap elementor-element-populated\">\n\t\t\t\t\t\t<div class=\"elementor-element elementor-element-be99ed7 elementor-widget elementor-widget-image\" data-id=\"be99ed7\" data-element_type=\"widget\" data-widget_type=\"image.default\">\n\t\t\t\t<div class=\"elementor-widget-container\">\n\t\t\t\t\t\t\t\t\t\t\t\t\t<img decoding=\"async\" width=\"960\" height=\"1440\" src=\"https:\/\/www.region-schwabach.de\/wordpress\/wp-content\/uploads\/2018\/09\/PM212_Neue_Nachwuchskr\u00e4fte-e1535992358356.jpg\" class=\"attachment-full size-full wp-image-55053\" alt=\"\" \/>\t\t\t\t\t\t\t\t\t\t\t\t\t<\/div>\n\t\t\t\t<\/div>\n\t\t\t\t\t<\/div>\n\t\t<\/div>\n\t\t\t\t\t<\/div>\n\t\t<\/section>\n\t\t\t\t<\/div>\n\t\t","protected":false},"excerpt":{"rendered":"<div class=\"mh-excerpt\"><p>Neues Ausbildungsjahr gestartet: \u201eGuter Nachwuchs f\u00fcr die Stadtverwaltung\u00a0entscheidend\u201c Schwabach &#8211;\u00a0Elf neue Nachwuchskr\u00e4fte begr\u00fc\u00dfte Oberb\u00fcrgermeister Matthias Th\u00fcrauf am Montag, den 03.09.2018,\u00a0im Goldenen Saal zum Start ihrer Ausbildung. Unterschiedliche Ausbildungsricberufe Vier der jungen Frauen und\u00a0M\u00e4nner absolvieren eine <a class=\"mh-excerpt-more\" href=\"https:\/\/www.region-schwabach.de\/wordpress\/nachwuchskraefte-starten-ihre-ausbildung-bei-der-stadt-schwabach\/\" title=\"Nachwuchskr\u00e4fte starten ihre Ausbildung bei der Stadt Schwabach\">[&#8230;]<\/a><\/p>\n<\/div>","protected":false},"author":1,"featured_media":55053,"comment_status":"open","ping_status":"open","sticky":false,"template":"","format":"standard","meta":{"_cbd_carousel_blocks":"[]","footnotes":""},"categories":[16,1,61,3967,231],"tags":[5400,4260,299,5797,5712,1480,19,3151,5800,5799,5798],"class_list":{"0":"post-55052","1":"post","2":"type-post","3":"status-publish","4":"format-standard","5":"has-post-thumbnail","7":"category-aktuell","8":"category-allgemein","9":"category-rathaus","10":"category-unternehmen","11":"category-veranstaltungsnews","12":"tag-03-09-2018","13":"tag-ausbildung","14":"tag-gaertner","15":"tag-nachwuchskraefte","16":"tag-ob-thuerauf","17":"tag-rathaus","18":"tag-schwabach","19":"tag-stadt-schwabach","20":"tag-strassenwaerter","21":"tag-verwaltungsfachangestellte","22":"tag-verwaltungswirt-in"},"_links":{"self":[{"href":"https:\/\/www.region-schwabach.de\/wordpress\/wp-json\/wp\/v2\/posts\/55052","targetHints":{"allow":["GET"]}}],"collection":[{"href":"https:\/\/www.region-schwabach.de\/wordpress\/wp-json\/wp\/v2\/posts"}],"about":[{"href":"https:\/\/www.region-schwabach.de\/wordpress\/wp-json\/wp\/v2\/types\/post"}],"author":[{"embeddable":true,"href":"https:\/\/www.region-schwabach.de\/wordpress\/wp-json\/wp\/v2\/users\/1"}],"replies":[{"embeddable":true,"href":"https:\/\/www.region-schwabach.de\/wordpress\/wp-json\/wp\/v2\/comments?post=55052"}],"version-history":[{"count":0,"href":"https:\/\/www.region-schwabach.de\/wordpress\/wp-json\/wp\/v2\/posts\/55052\/revisions"}],"wp:featuredmedia":[{"embeddable":true,"href":"https:\/\/www.region-schwabach.de\/wordpress\/wp-json\/wp\/v2\/media\/55053"}],"wp:attachment":[{"href":"https:\/\/www.region-schwabach.de\/wordpress\/wp-json\/wp\/v2\/media?parent=55052"}],"wp:term":[{"taxonomy":"category","embeddable":true,"href":"https:\/\/www.region-schwabach.de\/wordpress\/wp-json\/wp\/v2\/categories?post=55052"},{"taxonomy":"post_tag","embeddable":true,"href":"https:\/\/www.region-schwabach.de\/wordpress\/wp-json\/wp\/v2\/tags?post=55052"}],"curies":[{"name":"wp","href":"https:\/\/api.w.org\/{rel}","templated":true}]}}