{"id":55266,"date":"2018-09-08T00:01:29","date_gmt":"2018-09-07T22:01:29","guid":{"rendered":"http:\/\/www.region-schwabach.de\/wordpress\/?p=55266"},"modified":"2018-09-07T23:25:20","modified_gmt":"2018-09-07T21:25:20","slug":"traditioneller-zinnienverkauf-der-stadtgaertnerei-am-samstag-8-september","status":"publish","type":"post","link":"https:\/\/www.region-schwabach.de\/wordpress\/traditioneller-zinnienverkauf-der-stadtgaertnerei-am-samstag-8-september\/","title":{"rendered":"Traditioneller Zinnienverkauf der Stadtg\u00e4rtnerei am Samstag, 8. September"},"content":{"rendered":"\t\t<div data-elementor-type=\"wp-post\" data-elementor-id=\"55266\" class=\"elementor elementor-55266 elementor-bc-flex-widget\">\n\t\t\t\t\t\t<section class=\"elementor-section elementor-top-section elementor-element elementor-element-678181b elementor-section-boxed elementor-section-height-default elementor-section-height-default\" data-id=\"678181b\" data-element_type=\"section\">\n\t\t\t\t\t\t<div class=\"elementor-container elementor-column-gap-default\">\n\t\t\t\t\t<div class=\"elementor-column elementor-col-66 elementor-top-column elementor-element elementor-element-6b34026\" data-id=\"6b34026\" data-element_type=\"column\">\n\t\t\t<div class=\"elementor-widget-wrap elementor-element-populated\">\n\t\t\t\t\t\t<div class=\"elementor-element elementor-element-443ab98 elementor-widget elementor-widget-text-editor\" data-id=\"443ab98\" data-element_type=\"widget\" data-widget_type=\"text-editor.default\">\n\t\t\t\t<div class=\"elementor-widget-container\">\n\t\t\t\t\t\t\t<h3 class=\"entry-title\">Traditioneller Zinnienverkauf der Stadtg\u00e4rtnerei am Samstag, den 8.\u00a0September 2018<br \/>Zinnien f\u00fcr den guten Zweck<\/h3><p><br \/>Schwabach &#8211;\u00a0Die Mitarbeiterinnen und Mitarbeiter der Stadtg\u00e4rtnerei bieten am Samstag, den 8.\u00a0September 2018, ab 8 Uhr wieder bunte Zinnienstr\u00e4u\u00dfe auf dem Marktplatz an &#8211; solange der Vorrat reicht. In diesem Jahr ist der Bestand aufgrund der\u00a0Trockenheit nicht allzu gro\u00df. Der Erl\u00f6s dieser Aktion ist wie immer f\u00fcr einen\u00a0guten Zweck bestimmt.<\/p><h3>Nach Schwabacher Botaniker benannt<\/h3><p>Die Zinnie ist eine urspr\u00fcnglich aus Mexiko stammende Zierpflanze aus der\u00a0Familie der Korbbl\u00fctler. Benannt ist sie nach Johann Gottfried Zinn. Der 1727\u00a0in Schwabach geborene Botaniker hatte die Pflanze im Jahr 1757 erstmals\u00a0beschrieben.<\/p><p><strong>Foto (Stadt Schwabach):<\/strong> farbenpr\u00e4chtige Zinnien<\/p><h3>Weiterf\u00fchrende Links:<\/h3><p><a href=\"https:\/\/www.schwabach.de\/de\/stadtverwaltung\/referat-4-stadtplanung-und-bauwesen\/52-baubetriebsamt\/2193-baubetriebsamt.html\" target=\"_blank\" rel=\"noopener\">Stadtg\u00e4rtnerei Schwabach<\/a><\/p>\t\t\t\t\t\t<\/div>\n\t\t\t\t<\/div>\n\t\t\t\t<div class=\"elementor-element elementor-element-0c834d7 elementor-widget-divider--view-line elementor-widget elementor-widget-divider\" data-id=\"0c834d7\" data-element_type=\"widget\" data-widget_type=\"divider.default\">\n\t\t\t\t<div class=\"elementor-widget-container\">\n\t\t\t\t\t<div class=\"elementor-divider\">\n\t\t\t<span class=\"elementor-divider-separator\">\n\t\t\t\t\t\t<\/span>\n\t\t<\/div>\n\t\t\t\t<\/div>\n\t\t\t\t<\/div>\n\t\t\t\t<div class=\"elementor-element elementor-element-325f51f elementor-widget elementor-widget-google_maps\" data-id=\"325f51f\" data-element_type=\"widget\" data-widget_type=\"google_maps.default\">\n\t\t\t\t<div class=\"elementor-widget-container\">\n\t\t\t\t\t<div class=\"elementor-custom-embed\">\n\t\t\t<iframe loading=\"lazy\"\n\t\t\t\t\tsrc=\"https:\/\/maps.google.com\/maps?q=K%C3%B6nigsplatz%2029a%2C%20Schwabach%2C%20Deutschland&#038;t=m&#038;z=17&#038;output=embed&#038;iwloc=near\"\n\t\t\t\t\ttitle=\"K\u00f6nigsplatz 29a, Schwabach, Deutschland\"\n\t\t\t\t\taria-label=\"K\u00f6nigsplatz 29a, Schwabach, Deutschland\"\n\t\t\t><\/iframe>\n\t\t<\/div>\n\t\t\t\t<\/div>\n\t\t\t\t<\/div>\n\t\t\t\t\t<\/div>\n\t\t<\/div>\n\t\t\t\t<div class=\"elementor-column elementor-col-33 elementor-top-column elementor-element elementor-element-f645137\" data-id=\"f645137\" data-element_type=\"column\">\n\t\t\t<div class=\"elementor-widget-wrap elementor-element-populated\">\n\t\t\t\t\t\t<div class=\"elementor-element elementor-element-25043c1 elementor-widget elementor-widget-image\" data-id=\"25043c1\" data-element_type=\"widget\" data-widget_type=\"image.default\">\n\t\t\t\t<div class=\"elementor-widget-container\">\n\t\t\t\t\t\t\t\t\t\t\t\t\t<img fetchpriority=\"high\" decoding=\"async\" width=\"300\" height=\"300\" src=\"https:\/\/www.region-schwabach.de\/wordpress\/wp-content\/uploads\/2018\/04\/werbung1-300x300.png\" class=\"attachment-medium size-medium wp-image-35382\" alt=\"\" srcset=\"https:\/\/www.region-schwabach.de\/wordpress\/wp-content\/uploads\/2018\/04\/werbung1-300x300.png 300w, https:\/\/www.region-schwabach.de\/wordpress\/wp-content\/uploads\/2018\/04\/werbung1-150x150.png 150w, https:\/\/www.region-schwabach.de\/wordpress\/wp-content\/uploads\/2018\/04\/werbung1-768x768.png 768w, https:\/\/www.region-schwabach.de\/wordpress\/wp-content\/uploads\/2018\/04\/werbung1-1024x1024.png 1024w, https:\/\/www.region-schwabach.de\/wordpress\/wp-content\/uploads\/2018\/04\/werbung1.png 1200w\" sizes=\"(max-width: 300px) 100vw, 300px\" \/>\t\t\t\t\t\t\t\t\t\t\t\t\t<\/div>\n\t\t\t\t<\/div>\n\t\t\t\t\t<\/div>\n\t\t<\/div>\n\t\t\t\t\t<\/div>\n\t\t<\/section>\n\t\t\t\t<section class=\"elementor-section elementor-top-section elementor-element elementor-element-4635ee5 elementor-section-boxed elementor-section-height-default elementor-section-height-default\" data-id=\"4635ee5\" data-element_type=\"section\">\n\t\t\t\t\t\t<div class=\"elementor-container elementor-column-gap-default\">\n\t\t\t\t\t<div class=\"elementor-column elementor-col-100 elementor-top-column elementor-element elementor-element-09e488c\" data-id=\"09e488c\" data-element_type=\"column\">\n\t\t\t<div class=\"elementor-widget-wrap elementor-element-populated\">\n\t\t\t\t\t\t<div class=\"elementor-element elementor-element-4cf2f5d elementor-widget elementor-widget-image\" data-id=\"4cf2f5d\" data-element_type=\"widget\" data-widget_type=\"image.default\">\n\t\t\t\t<div class=\"elementor-widget-container\">\n\t\t\t\t\t\t\t\t\t\t\t\t\t\t<a href=\"http:\/\/www.region-schwabach.de\/wordpress\/wp-content\/uploads\/2018\/09\/PM212_Zinnienmarkt-e1536305730734.jpg\" data-elementor-open-lightbox=\"yes\" data-elementor-lightbox-title=\"PM212_Zinnienmarkt\" data-e-action-hash=\"#elementor-action%3Aaction%3Dlightbox%26settings%3DeyJpZCI6NTUyNzEsInVybCI6Imh0dHBzOlwvXC93d3cucmVnaW9uLXNjaHdhYmFjaC5kZVwvd29yZHByZXNzXC93cC1jb250ZW50XC91cGxvYWRzXC8yMDE4XC8wOVwvUE0yMTJfWmlubmllbm1hcmt0LWUxNTM2MzA1NzMwNzM0LmpwZyJ9\">\n\t\t\t\t\t\t\t<img decoding=\"async\" width=\"960\" height=\"637\" src=\"https:\/\/www.region-schwabach.de\/wordpress\/wp-content\/uploads\/2018\/09\/PM212_Zinnienmarkt-e1536305730734.jpg\" class=\"attachment-full size-full wp-image-55271\" alt=\"\" \/>\t\t\t\t\t\t\t\t<\/a>\n\t\t\t\t\t\t\t\t\t\t\t\t\t<\/div>\n\t\t\t\t<\/div>\n\t\t\t\t<div class=\"elementor-element elementor-element-2ae0ac4 elementor-widget elementor-widget-image\" data-id=\"2ae0ac4\" data-element_type=\"widget\" data-widget_type=\"image.default\">\n\t\t\t\t<div class=\"elementor-widget-container\">\n\t\t\t\t\t\t\t\t\t\t\t\t\t\t<a href=\"http:\/\/www.region-schwabach.de\/wordpress\/wp-content\/uploads\/2018\/09\/PM228_Zinnienmarkt_1-e1536305860688.jpg\" data-elementor-open-lightbox=\"yes\" data-elementor-lightbox-title=\"PM228_Zinnienmarkt_1\" data-e-action-hash=\"#elementor-action%3Aaction%3Dlightbox%26settings%3DeyJpZCI6NTUyNzMsInVybCI6Imh0dHBzOlwvXC93d3cucmVnaW9uLXNjaHdhYmFjaC5kZVwvd29yZHByZXNzXC93cC1jb250ZW50XC91cGxvYWRzXC8yMDE4XC8wOVwvUE0yMjhfWmlubmllbm1hcmt0XzEtZTE1MzYzMDU4NjA2ODguanBnIn0%3D\">\n\t\t\t\t\t\t\t<img decoding=\"async\" width=\"960\" height=\"637\" src=\"https:\/\/www.region-schwabach.de\/wordpress\/wp-content\/uploads\/2018\/09\/PM228_Zinnienmarkt_1-e1536305860688.jpg\" class=\"attachment-full size-full wp-image-55273\" alt=\"\" \/>\t\t\t\t\t\t\t\t<\/a>\n\t\t\t\t\t\t\t\t\t\t\t\t\t<\/div>\n\t\t\t\t<\/div>\n\t\t\t\t\t<\/div>\n\t\t<\/div>\n\t\t\t\t\t<\/div>\n\t\t<\/section>\n\t\t\t\t<\/div>\n\t\t","protected":false},"excerpt":{"rendered":"<div class=\"mh-excerpt\"><p>Traditioneller Zinnienverkauf der Stadtg\u00e4rtnerei am Samstag, den 8.\u00a0September 2018Zinnien f\u00fcr den guten Zweck Schwabach &#8211;\u00a0Die Mitarbeiterinnen und Mitarbeiter der Stadtg\u00e4rtnerei bieten am Samstag, den 8.\u00a0September 2018, ab 8 Uhr wieder bunte Zinnienstr\u00e4u\u00dfe auf dem Marktplatz <a class=\"mh-excerpt-more\" href=\"https:\/\/www.region-schwabach.de\/wordpress\/traditioneller-zinnienverkauf-der-stadtgaertnerei-am-samstag-8-september\/\" title=\"Traditioneller Zinnienverkauf der Stadtg\u00e4rtnerei am Samstag, 8. September\">[&#8230;]<\/a><\/p>\n<\/div>","protected":false},"author":1,"featured_media":55267,"comment_status":"open","ping_status":"open","sticky":false,"template":"","format":"standard","meta":{"_cbd_carousel_blocks":"[]","footnotes":""},"categories":[16,1,287,61,231],"tags":[5562,5849,522,114,1480,19,5850,5851,5848],"class_list":{"0":"post-55266","1":"post","2":"type-post","3":"status-publish","4":"format-standard","5":"has-post-thumbnail","7":"category-aktuell","8":"category-allgemein","9":"category-jugend-und-familie","10":"category-rathaus","11":"category-veranstaltungsnews","12":"tag-08-09-2018","13":"tag-fuer-den-guten-zweck","14":"tag-koenigsplatz","15":"tag-marktplatz","16":"tag-rathaus","17":"tag-schwabach","18":"tag-stadtgaertnerei","19":"tag-traditioneller-zinnienverkauf","20":"tag-zinnien"},"_links":{"self":[{"href":"https:\/\/www.region-schwabach.de\/wordpress\/wp-json\/wp\/v2\/posts\/55266","targetHints":{"allow":["GET"]}}],"collection":[{"href":"https:\/\/www.region-schwabach.de\/wordpress\/wp-json\/wp\/v2\/posts"}],"about":[{"href":"https:\/\/www.region-schwabach.de\/wordpress\/wp-json\/wp\/v2\/types\/post"}],"author":[{"embeddable":true,"href":"https:\/\/www.region-schwabach.de\/wordpress\/wp-json\/wp\/v2\/users\/1"}],"replies":[{"embeddable":true,"href":"https:\/\/www.region-schwabach.de\/wordpress\/wp-json\/wp\/v2\/comments?post=55266"}],"version-history":[{"count":0,"href":"https:\/\/www.region-schwabach.de\/wordpress\/wp-json\/wp\/v2\/posts\/55266\/revisions"}],"wp:featuredmedia":[{"embeddable":true,"href":"https:\/\/www.region-schwabach.de\/wordpress\/wp-json\/wp\/v2\/media\/55267"}],"wp:attachment":[{"href":"https:\/\/www.region-schwabach.de\/wordpress\/wp-json\/wp\/v2\/media?parent=55266"}],"wp:term":[{"taxonomy":"category","embeddable":true,"href":"https:\/\/www.region-schwabach.de\/wordpress\/wp-json\/wp\/v2\/categories?post=55266"},{"taxonomy":"post_tag","embeddable":true,"href":"https:\/\/www.region-schwabach.de\/wordpress\/wp-json\/wp\/v2\/tags?post=55266"}],"curies":[{"name":"wp","href":"https:\/\/api.w.org\/{rel}","templated":true}]}}