{"id":55275,"date":"2018-09-07T13:26:55","date_gmt":"2018-09-07T11:26:55","guid":{"rendered":"http:\/\/www.region-schwabach.de\/wordpress\/?p=55275"},"modified":"2018-09-07T13:30:16","modified_gmt":"2018-09-07T11:30:16","slug":"tragischer-unfall-bei-dacharbeiten-in-nennslingen","status":"publish","type":"post","link":"https:\/\/www.region-schwabach.de\/wordpress\/tragischer-unfall-bei-dacharbeiten-in-nennslingen\/","title":{"rendered":"Tragischer Unfall bei Dacharbeiten in Nennslingen"},"content":{"rendered":"\t\t<div data-elementor-type=\"wp-post\" data-elementor-id=\"55275\" class=\"elementor elementor-55275 elementor-bc-flex-widget\">\n\t\t\t\t\t\t<section class=\"elementor-section elementor-top-section elementor-element elementor-element-1cuv9jr elementor-section-boxed elementor-section-height-default elementor-section-height-default\" data-id=\"1cuv9jr\" data-element_type=\"section\">\n\t\t\t\t\t\t<div class=\"elementor-container elementor-column-gap-default\">\n\t\t\t\t\t<div class=\"elementor-column elementor-col-66 elementor-top-column elementor-element elementor-element-q5zak7b\" data-id=\"q5zak7b\" data-element_type=\"column\">\n\t\t\t<div class=\"elementor-widget-wrap elementor-element-populated\">\n\t\t\t\t\t\t<div class=\"elementor-element elementor-element-763ecdd elementor-widget elementor-widget-text-editor\" data-id=\"763ecdd\" data-element_type=\"widget\" data-widget_type=\"text-editor.default\">\n\t\t\t\t<div class=\"elementor-widget-container\">\n\t\t\t\t\t\t\t<h3 class=\"story-headline\">Tragischer Unfall bei h\u00e4uslichen Arbeiten<\/h3><p>Wei\u00dfenburg (ots) &#8211;\u00a0Am Donnerstagvormittag (06.09.2018) ereignete sich ein tragischer Unfall im Gemeindegebiet von Nennslingen (Lkrs. Wei\u00dfenburg-Gunzenhausen). Ein 67-j\u00e4hriger Mann wurde hierbei t\u00f6dlich verletzt.<\/p><p>Der 67-J\u00e4hrige war gegen 11:00 Uhr zusammen mit seinem Sohn mit Dacharbeiten an einem Nebengeb\u00e4ude einer M\u00fchle besch\u00e4ftigt. Hierbei trat der Mann auf eine Eternitplatte, welche brach. Der 67-J\u00e4hrige st\u00fcrzte daraufhin circa acht Meter in die Tiefe.<\/p><p>Der Sohn verst\u00e4ndigte umgehend die Rettungskr\u00e4fte. Der Mann wurde durch den Sturz jedoch so schwer verletzt, dass er trotz umgehend eingeleiteter Reanimationsma\u00dfnahmen der alarmierten Streifenbesatzung und des Notarztes vor Ort verstarb.<\/p><p>Die Angeh\u00f6rigen des Verungl\u00fcckten wurden durch Notfallseelsorger betreut. Ein Rettungshubschrauber war ebenfalls im Einsatz.<\/p><p>Das zust\u00e4ndige Fachkommissariat der Ansbacher Kriminalpolizei \u00fcbernahm die Ermittlungen vor Ort. Hierbei ergaben sich keine Hinweise, welche auf ein Fremdverschulden schlie\u00dfen lassen. Vielmehr ist von einem tragischen Ungl\u00fccksfall auszugehen.<\/p><p><strong>Michael Petzold\/n<\/strong><\/p><p>Original-Content von Polizeipr\u00e4sidium Mittelfranken<\/p>\t\t\t\t\t\t<\/div>\n\t\t\t\t<\/div>\n\t\t\t\t<div class=\"elementor-element elementor-element-ace1283 elementor-widget-divider--view-line elementor-widget elementor-widget-divider\" data-id=\"ace1283\" data-element_type=\"widget\" data-widget_type=\"divider.default\">\n\t\t\t\t<div class=\"elementor-widget-container\">\n\t\t\t\t\t<div class=\"elementor-divider\">\n\t\t\t<span class=\"elementor-divider-separator\">\n\t\t\t\t\t\t<\/span>\n\t\t<\/div>\n\t\t\t\t<\/div>\n\t\t\t\t<\/div>\n\t\t\t\t<div class=\"elementor-element elementor-element-1l7zbzo elementor-widget elementor-widget-google_maps\" data-id=\"1l7zbzo\" data-element_type=\"widget\" data-widget_type=\"google_maps.default\">\n\t\t\t\t<div class=\"elementor-widget-container\">\n\t\t\t\t\t<div class=\"elementor-custom-embed\">\n\t\t\t<iframe loading=\"lazy\"\n\t\t\t\t\tsrc=\"https:\/\/maps.google.com\/maps?q=Nennslingen%2C%20Wei%C3%9Fenburg%2C%20Deutschland&#038;t=m&#038;z=15&#038;output=embed&#038;iwloc=near\"\n\t\t\t\t\ttitle=\"Nennslingen, Wei\u00dfenburg, Deutschland\"\n\t\t\t\t\taria-label=\"Nennslingen, Wei\u00dfenburg, Deutschland\"\n\t\t\t><\/iframe>\n\t\t<\/div>\n\t\t\t\t<\/div>\n\t\t\t\t<\/div>\n\t\t\t\t\t<\/div>\n\t\t<\/div>\n\t\t\t\t<div class=\"elementor-column elementor-col-33 elementor-top-column elementor-element elementor-element-0w0urt1\" data-id=\"0w0urt1\" data-element_type=\"column\">\n\t\t\t<div class=\"elementor-widget-wrap elementor-element-populated\">\n\t\t\t\t\t\t<div class=\"elementor-element elementor-element-mo6nk5i elementor-widget elementor-widget-image\" data-id=\"mo6nk5i\" data-element_type=\"widget\" data-widget_type=\"image.default\">\n\t\t\t\t<div class=\"elementor-widget-container\">\n\t\t\t\t\t\t\t\t\t\t\t\t\t\t<a href=\"http:\/\/www.region-schwabach.de\/wordpress\/werben-auf-region-schwabach\/\" target=\"_blank\">\n\t\t\t\t\t\t\t<img fetchpriority=\"high\" decoding=\"async\" width=\"1024\" height=\"1024\" src=\"https:\/\/www.region-schwabach.de\/wordpress\/wp-content\/uploads\/2017\/06\/werbung8-1024x1024.png\" class=\"attachment-large size-large wp-image-2484\" alt=\"\" srcset=\"https:\/\/www.region-schwabach.de\/wordpress\/wp-content\/uploads\/2017\/06\/werbung8-1024x1024.png 1024w, https:\/\/www.region-schwabach.de\/wordpress\/wp-content\/uploads\/2017\/06\/werbung8-150x150.png 150w, https:\/\/www.region-schwabach.de\/wordpress\/wp-content\/uploads\/2017\/06\/werbung8-300x300.png 300w, https:\/\/www.region-schwabach.de\/wordpress\/wp-content\/uploads\/2017\/06\/werbung8-768x768.png 768w, https:\/\/www.region-schwabach.de\/wordpress\/wp-content\/uploads\/2017\/06\/werbung8-600x600.png 600w, https:\/\/www.region-schwabach.de\/wordpress\/wp-content\/uploads\/2017\/06\/werbung8.png 1200w\" sizes=\"(max-width: 1024px) 100vw, 1024px\" \/>\t\t\t\t\t\t\t\t<\/a>\n\t\t\t\t\t\t\t\t\t\t\t\t\t<\/div>\n\t\t\t\t<\/div>\n\t\t\t\t\t<\/div>\n\t\t<\/div>\n\t\t\t\t\t<\/div>\n\t\t<\/section>\n\t\t\t\t<\/div>\n\t\t","protected":false},"excerpt":{"rendered":"<div class=\"mh-excerpt\"><p>Tragischer Unfall bei h\u00e4uslichen Arbeiten Wei\u00dfenburg (ots) &#8211;\u00a0Am Donnerstagvormittag (06.09.2018) ereignete sich ein tragischer Unfall im Gemeindegebiet von Nennslingen (Lkrs. Wei\u00dfenburg-Gunzenhausen). Ein 67-j\u00e4hriger Mann wurde hierbei t\u00f6dlich verletzt. Der 67-J\u00e4hrige war gegen 11:00 Uhr zusammen <a class=\"mh-excerpt-more\" href=\"https:\/\/www.region-schwabach.de\/wordpress\/tragischer-unfall-bei-dacharbeiten-in-nennslingen\/\" title=\"Tragischer Unfall bei Dacharbeiten in Nennslingen\">[&#8230;]<\/a><\/p>\n<\/div>","protected":false},"author":1,"featured_media":55276,"comment_status":"open","ping_status":"open","sticky":false,"template":"","format":"standard","meta":{"_cbd_carousel_blocks":"[]","footnotes":""},"categories":[16,15],"tags":[5286,2958,3932,1380,2277,981,2103,5852,249],"class_list":{"0":"post-55275","1":"post","2":"type-post","3":"status-publish","4":"format-standard","5":"has-post-thumbnail","7":"category-aktuell","8":"category-polizeimeldungen","9":"tag-06-09-2018","10":"tag-dach","11":"tag-dacharbeiten","12":"tag-nennslingen","13":"tag-notarzt","14":"tag-polizei","15":"tag-rettungsdienst","16":"tag-toedlich-verunglueckt","17":"tag-weissenburg"},"_links":{"self":[{"href":"https:\/\/www.region-schwabach.de\/wordpress\/wp-json\/wp\/v2\/posts\/55275","targetHints":{"allow":["GET"]}}],"collection":[{"href":"https:\/\/www.region-schwabach.de\/wordpress\/wp-json\/wp\/v2\/posts"}],"about":[{"href":"https:\/\/www.region-schwabach.de\/wordpress\/wp-json\/wp\/v2\/types\/post"}],"author":[{"embeddable":true,"href":"https:\/\/www.region-schwabach.de\/wordpress\/wp-json\/wp\/v2\/users\/1"}],"replies":[{"embeddable":true,"href":"https:\/\/www.region-schwabach.de\/wordpress\/wp-json\/wp\/v2\/comments?post=55275"}],"version-history":[{"count":0,"href":"https:\/\/www.region-schwabach.de\/wordpress\/wp-json\/wp\/v2\/posts\/55275\/revisions"}],"wp:featuredmedia":[{"embeddable":true,"href":"https:\/\/www.region-schwabach.de\/wordpress\/wp-json\/wp\/v2\/media\/55276"}],"wp:attachment":[{"href":"https:\/\/www.region-schwabach.de\/wordpress\/wp-json\/wp\/v2\/media?parent=55275"}],"wp:term":[{"taxonomy":"category","embeddable":true,"href":"https:\/\/www.region-schwabach.de\/wordpress\/wp-json\/wp\/v2\/categories?post=55275"},{"taxonomy":"post_tag","embeddable":true,"href":"https:\/\/www.region-schwabach.de\/wordpress\/wp-json\/wp\/v2\/tags?post=55275"}],"curies":[{"name":"wp","href":"https:\/\/api.w.org\/{rel}","templated":true}]}}