{"id":55330,"date":"2018-09-08T12:35:54","date_gmt":"2018-09-08T10:35:54","guid":{"rendered":"http:\/\/www.region-schwabach.de\/wordpress\/?p=55330"},"modified":"2018-09-08T12:46:52","modified_gmt":"2018-09-08T10:46:52","slug":"unfall-unter-alkoholeinfluss-in-muehlstetten","status":"publish","type":"post","link":"https:\/\/www.region-schwabach.de\/wordpress\/unfall-unter-alkoholeinfluss-in-muehlstetten\/","title":{"rendered":"Unfall unter Alkoholeinflu\u00df in M\u00fchlstetten"},"content":{"rendered":"\t\t<div data-elementor-type=\"wp-post\" data-elementor-id=\"55330\" class=\"elementor elementor-55330 elementor-bc-flex-widget\">\n\t\t\t\t\t\t<section class=\"elementor-section elementor-top-section elementor-element elementor-element-1cuv9jr elementor-section-boxed elementor-section-height-default elementor-section-height-default\" data-id=\"1cuv9jr\" data-element_type=\"section\">\n\t\t\t\t\t\t<div class=\"elementor-container elementor-column-gap-default\">\n\t\t\t\t\t<div class=\"elementor-column elementor-col-66 elementor-top-column elementor-element elementor-element-q5zak7b\" data-id=\"q5zak7b\" data-element_type=\"column\">\n\t\t\t<div class=\"elementor-widget-wrap elementor-element-populated\">\n\t\t\t\t\t\t<div class=\"elementor-element elementor-element-763ecdd elementor-widget elementor-widget-text-editor\" data-id=\"763ecdd\" data-element_type=\"widget\" data-widget_type=\"text-editor.default\">\n\t\t\t\t<div class=\"elementor-widget-container\">\n\t\t\t\t\t\t\t<h3><strong>Unfall an Kreuzung in M\u00fchlstetten<\/strong><\/h3><p>R\u00f6ttenbach\/Roth &#8211; Am Freitagnachmittag, den 07.09.2018, kam es an der Einm\u00fcndung Stirner Stra\u00dfe\/Bahnhofstra\u00dfe in M\u00fchlstetten zu einem Verkehrsunfall, bei dem eine Frau ein Schleudertrauma erlitt, und au\u00dferdem ein Sachschaden in H\u00f6he von ca. 8.000 Euro entstanden ist.<\/p><h3>Unfallverursacher stand unter Alkoholeinflu\u00df<\/h3><p>Zu dem Unfall kam es weil ein 20-j\u00e4hriger Mercedes-Fahrer die Vorfahrt einer 42-j\u00e4hrigen VW-Fahrerin verletzt hatte, und deshalb mit dieser zusammenstie\u00df. Wie sich bei einem anschlie\u00dfenden Alkoholtest herausstellte, hatte der junge Unfallverursacher 1 Promille Alkohol im Blut, weshalb auch gleich noch eine Blutentnahme veranlasst wurde. Seinen F\u00fchrerschein mu\u00dfte er noch an Ort und Stelle abgeben.<\/p>\t\t\t\t\t\t<\/div>\n\t\t\t\t<\/div>\n\t\t\t\t<div class=\"elementor-element elementor-element-ace1283 elementor-widget-divider--view-line elementor-widget elementor-widget-divider\" data-id=\"ace1283\" data-element_type=\"widget\" data-widget_type=\"divider.default\">\n\t\t\t\t<div class=\"elementor-widget-container\">\n\t\t\t\t\t<div class=\"elementor-divider\">\n\t\t\t<span class=\"elementor-divider-separator\">\n\t\t\t\t\t\t<\/span>\n\t\t<\/div>\n\t\t\t\t<\/div>\n\t\t\t\t<\/div>\n\t\t\t\t<div class=\"elementor-element elementor-element-1l7zbzo elementor-widget elementor-widget-google_maps\" data-id=\"1l7zbzo\" data-element_type=\"widget\" data-widget_type=\"google_maps.default\">\n\t\t\t\t<div class=\"elementor-widget-container\">\n\t\t\t\t\t<div class=\"elementor-custom-embed\">\n\t\t\t<iframe loading=\"lazy\"\n\t\t\t\t\tsrc=\"https:\/\/maps.google.com\/maps?q=49.151823%2C%2011.007881&#038;t=m&#038;z=16&#038;output=embed&#038;iwloc=near\"\n\t\t\t\t\ttitle=\"49.151823, 11.007881\"\n\t\t\t\t\taria-label=\"49.151823, 11.007881\"\n\t\t\t><\/iframe>\n\t\t<\/div>\n\t\t\t\t<\/div>\n\t\t\t\t<\/div>\n\t\t\t\t\t<\/div>\n\t\t<\/div>\n\t\t\t\t<div class=\"elementor-column elementor-col-33 elementor-top-column elementor-element elementor-element-0w0urt1\" data-id=\"0w0urt1\" data-element_type=\"column\">\n\t\t\t<div class=\"elementor-widget-wrap elementor-element-populated\">\n\t\t\t\t\t\t<div class=\"elementor-element elementor-element-mo6nk5i elementor-widget elementor-widget-image\" data-id=\"mo6nk5i\" data-element_type=\"widget\" data-widget_type=\"image.default\">\n\t\t\t\t<div class=\"elementor-widget-container\">\n\t\t\t\t\t\t\t\t\t\t\t\t\t\t<a href=\"http:\/\/www.region-schwabach.de\/wordpress\/werben-auf-region-schwabach\/\" target=\"_blank\">\n\t\t\t\t\t\t\t<img fetchpriority=\"high\" decoding=\"async\" width=\"1024\" height=\"1024\" src=\"https:\/\/www.region-schwabach.de\/wordpress\/wp-content\/uploads\/2017\/06\/werbung8-1024x1024.png\" class=\"attachment-large size-large wp-image-2484\" alt=\"\" srcset=\"https:\/\/www.region-schwabach.de\/wordpress\/wp-content\/uploads\/2017\/06\/werbung8-1024x1024.png 1024w, https:\/\/www.region-schwabach.de\/wordpress\/wp-content\/uploads\/2017\/06\/werbung8-150x150.png 150w, https:\/\/www.region-schwabach.de\/wordpress\/wp-content\/uploads\/2017\/06\/werbung8-300x300.png 300w, https:\/\/www.region-schwabach.de\/wordpress\/wp-content\/uploads\/2017\/06\/werbung8-768x768.png 768w, https:\/\/www.region-schwabach.de\/wordpress\/wp-content\/uploads\/2017\/06\/werbung8-600x600.png 600w, https:\/\/www.region-schwabach.de\/wordpress\/wp-content\/uploads\/2017\/06\/werbung8.png 1200w\" sizes=\"(max-width: 1024px) 100vw, 1024px\" \/>\t\t\t\t\t\t\t\t<\/a>\n\t\t\t\t\t\t\t\t\t\t\t\t\t<\/div>\n\t\t\t\t<\/div>\n\t\t\t\t\t<\/div>\n\t\t<\/div>\n\t\t\t\t\t<\/div>\n\t\t<\/section>\n\t\t\t\t<\/div>\n\t\t","protected":false},"excerpt":{"rendered":"<div class=\"mh-excerpt\"><p>Unfall an Kreuzung in M\u00fchlstetten R\u00f6ttenbach\/Roth &#8211; Am Freitagnachmittag, den 07.09.2018, kam es an der Einm\u00fcndung Stirner Stra\u00dfe\/Bahnhofstra\u00dfe in M\u00fchlstetten zu einem Verkehrsunfall, bei dem eine Frau ein Schleudertrauma erlitt, und au\u00dferdem ein Sachschaden in <a class=\"mh-excerpt-more\" href=\"https:\/\/www.region-schwabach.de\/wordpress\/unfall-unter-alkoholeinfluss-in-muehlstetten\/\" title=\"Unfall unter Alkoholeinflu\u00df in M\u00fchlstetten\">[&#8230;]<\/a><\/p>\n<\/div>","protected":false},"author":1,"featured_media":55331,"comment_status":"open","ping_status":"open","sticky":false,"template":"","format":"standard","meta":{"_cbd_carousel_blocks":"[]","footnotes":""},"categories":[15],"tags":[5560,470,1637,1820,398,1636,1674,1438,250,1143,463,981,32,4658,1483],"class_list":{"0":"post-55330","1":"post","2":"type-post","3":"status-publish","4":"format-standard","5":"has-post-thumbnail","7":"category-polizeimeldungen","8":"tag-07-09-2018","9":"tag-alkohol","10":"tag-alkoholgeruch","11":"tag-alkoholtest","12":"tag-bahnhofstrasse","13":"tag-blutentnahme","14":"tag-einmuendung","15":"tag-kreuzung","16":"tag-mercedes","17":"tag-muehlstetten","18":"tag-pkw","19":"tag-polizei","20":"tag-roth","21":"tag-stirner-strasse","22":"tag-vw-golf"},"_links":{"self":[{"href":"https:\/\/www.region-schwabach.de\/wordpress\/wp-json\/wp\/v2\/posts\/55330","targetHints":{"allow":["GET"]}}],"collection":[{"href":"https:\/\/www.region-schwabach.de\/wordpress\/wp-json\/wp\/v2\/posts"}],"about":[{"href":"https:\/\/www.region-schwabach.de\/wordpress\/wp-json\/wp\/v2\/types\/post"}],"author":[{"embeddable":true,"href":"https:\/\/www.region-schwabach.de\/wordpress\/wp-json\/wp\/v2\/users\/1"}],"replies":[{"embeddable":true,"href":"https:\/\/www.region-schwabach.de\/wordpress\/wp-json\/wp\/v2\/comments?post=55330"}],"version-history":[{"count":0,"href":"https:\/\/www.region-schwabach.de\/wordpress\/wp-json\/wp\/v2\/posts\/55330\/revisions"}],"wp:featuredmedia":[{"embeddable":true,"href":"https:\/\/www.region-schwabach.de\/wordpress\/wp-json\/wp\/v2\/media\/55331"}],"wp:attachment":[{"href":"https:\/\/www.region-schwabach.de\/wordpress\/wp-json\/wp\/v2\/media?parent=55330"}],"wp:term":[{"taxonomy":"category","embeddable":true,"href":"https:\/\/www.region-schwabach.de\/wordpress\/wp-json\/wp\/v2\/categories?post=55330"},{"taxonomy":"post_tag","embeddable":true,"href":"https:\/\/www.region-schwabach.de\/wordpress\/wp-json\/wp\/v2\/tags?post=55330"}],"curies":[{"name":"wp","href":"https:\/\/api.w.org\/{rel}","templated":true}]}}