{"id":55694,"date":"2018-09-23T00:01:04","date_gmt":"2018-09-22T22:01:04","guid":{"rendered":"http:\/\/www.region-schwabach.de\/wordpress\/?p=55694"},"modified":"2018-09-23T01:25:10","modified_gmt":"2018-09-22T23:25:10","slug":"schwabacher-herbstkirchweih-vom-14-bis-23-september-2018","status":"publish","type":"post","link":"https:\/\/www.region-schwabach.de\/wordpress\/schwabacher-herbstkirchweih-vom-14-bis-23-september-2018\/","title":{"rendered":"Schwabacher Herbstkirchweih vom 14. bis 23. September 2018"},"content":{"rendered":"\t\t<div data-elementor-type=\"wp-post\" data-elementor-id=\"55694\" class=\"elementor elementor-55694 elementor-bc-flex-widget\">\n\t\t\t\t\t\t<section class=\"elementor-section elementor-top-section elementor-element elementor-element-1dzeyuh elementor-section-boxed elementor-section-height-default elementor-section-height-default\" data-id=\"1dzeyuh\" data-element_type=\"section\">\n\t\t\t\t\t\t<div class=\"elementor-container elementor-column-gap-default\">\n\t\t\t\t\t<div class=\"elementor-column elementor-col-66 elementor-top-column elementor-element elementor-element-aam59ft\" data-id=\"aam59ft\" data-element_type=\"column\">\n\t\t\t<div class=\"elementor-widget-wrap elementor-element-populated\">\n\t\t\t\t\t\t<div class=\"elementor-element elementor-element-k9p1oyc elementor-widget elementor-widget-text-editor\" data-id=\"k9p1oyc\" data-element_type=\"widget\" data-widget_type=\"text-editor.default\">\n\t\t\t\t<div class=\"elementor-widget-container\">\n\t\t\t\t\t\t\t<h3>Schwabacher Herbstvolksfest vom 14. bis 23. September 2018<\/h3><p>Schwabach &#8211; Von Freitag, den 14.09.2018 bis Sonntag, den 23.09.2018 findet wieder die allseits beliebte Schwabacher Herbstkirchweih statt.<\/p><p>10 Tage lang wird auf dem K\u00f6nigs- und dem Martin-Luther-Platz wieder ein farbenfrohes Volksfest gefeiert. Und nat\u00fcrlich gibt es auch dieses Jahr wieder ein gro\u00dfes und abwechslungsreiches Rahmenprogramm.<\/p><h3>Ab 14. September:<br \/>Buntes Treiben auf der Herbstkirchweih<\/h3><p>Mit viel Live-Musik, einem abwechslungsreichen Festbetrieb sowie einem\u00a0Familientag, dem Kirchweihmarkt und einem verkaufsoffenen Sonntag wird\u00a0vom 14. bis zum 23. September die Schwabacher Herbstkirchweih gefeiert.\u00a0Auf dem K\u00f6nigs- und dem Martin-Luther-Platz stehen dann wieder zahlreiche\u00a0Fahrgesch\u00e4fte und Imbissbuden.<\/p><h3>Er\u00f6ffnung am Freitag um 17.00 Uhr<\/h3><p>Er\u00f6ffnet wird die Kirchweih am Freitag, 14. September, mit dem Kirchweihumzug\u00a0um 17 Uhr, den der Musikzug des TV 1848 Schwabach und die\u00a0Burgfesttrommler Hilpoltstein begleiten. Anschlie\u00dfend wird der Kirchweihbaum\u00a0vor dem Rathaus aufgestellt.<\/p><h3>Verkaufsoffener Sonntag<\/h3><p>Verkaufsoffener Sonntag ist am 16. September,\u00a0dann \u00f6ffnen die L\u00e4den in der Innenstadt von 13 bis 18 Uhr. Diesen Tag k\u00f6nnen\u00a0Besucherinnen und Besucher mit einem Fr\u00fchst\u00fcck im Riesenrad beginnen.\u00a0Karten daf\u00fcr gibt es im B\u00fcrgerb\u00fcro zum Preis von 29 Euro pro Gondel.<\/p><h3>Kirchweihmarkt in der S\u00fcdlichen\u00a0Ringstra\u00dfe<\/h3><p>Von Montag bis Mittwoch findet der Kirchweihmarkt in der S\u00fcdlichen\u00a0Ringstra\u00dfe mit etwa 70 H\u00e4ndlern statt. Sie bieten vom Anisbonbon \u00fcber ein\u00a0B\u00fcrstensortiment bis hin zu Haushaltstextilien und exotischen Gew\u00fcrzen\u00a0nahezu alles, was das Herz begehrt.<\/p><h3>F\u00fchrung \u201eKauf mir einen bunten\u00a0Luftballon\u201c<\/h3><p>Am Dienstag und Mittwoch bietet die F\u00fchrung \u201eKauf mir einen bunten\u00a0Luftballon\u201c, die von der Volkshochschule Schwabach angeboten wird, einen\u00a0Einblick hinter die Kulissen der Kirchweih. (Anmeldungen und weitere\u00a0Informationen unter <a href=\"http:\/\/www.vhs.schwabach.de\" target=\"_blank\" rel=\"noopener\">www.vhs.schwabach.de<\/a>)<\/p><h3>Familientag am Donnerstag<\/h3><p>Am Donnerstag werden am beliebten Familientag von 13 bis 19 Uhr\u00a0verg\u00fcnstigte Preise, eine Tombola, Kinderschminken und Tattoos angeboten.\u00a0Als Zahlungsmittel an den Fahrgesch\u00e4ften und Imbissbuden dient wieder der\u00a0K\u00e4rwa-Goldbarren. Dieser kostet 90 Cent, hat aber einen Gegenwert von\u00a0einem Euro und kann vom 3. bis 13. September im B\u00fcrgerb\u00fcro im Rathaus\u00a0gekauft werden.<\/p><h3>\u00d6ffnungszeiten<\/h3><ul style=\"list-style-type: disc;\"><li>Freitags beginnt der Festbetrieb um 12.00 Uhr und endet um 22.30 Uhr<\/li><li>am\u00a0Samstag startet der Festbetrieb um 11 Uhr und endet ebenfalls um 22.30 Uhr<\/li><li>an den beiden Sonntagen dauert der Betrieb von 11.00 Uhr bis 21.00 Uhr<\/li><li>an den\u00a0Wochentagen Montag bis Donnerstag \u00f6ffnen die Fahrgesch\u00e4fte und<br \/>Schaustellerbuden von 12.00 bis 21.00 Uhr<\/li><\/ul><p><strong>Foto:<\/strong> Zum \u201eHappy Butterfly\u201c und dem Riesenrad gesellen sich auch noch der<br \/>Autoscooter auf dem Martin-Luther-Platz und weitere Fahrgesch\u00e4fte hinzu.<\/p><p><\/p>\t\t\t\t\t\t<\/div>\n\t\t\t\t<\/div>\n\t\t\t\t\t<\/div>\n\t\t<\/div>\n\t\t\t\t<div class=\"elementor-column elementor-col-33 elementor-top-column elementor-element elementor-element-uferl75\" data-id=\"uferl75\" data-element_type=\"column\">\n\t\t\t<div class=\"elementor-widget-wrap elementor-element-populated\">\n\t\t\t\t\t\t<div class=\"elementor-element elementor-element-6ao1q60 elementor-widget elementor-widget-image\" data-id=\"6ao1q60\" data-element_type=\"widget\" data-widget_type=\"image.default\">\n\t\t\t\t<div class=\"elementor-widget-container\">\n\t\t\t\t\t\t\t\t\t\t\t\t\t<img fetchpriority=\"high\" decoding=\"async\" width=\"300\" height=\"300\" src=\"https:\/\/www.region-schwabach.de\/wordpress\/wp-content\/uploads\/2017\/06\/werbung8-300x300.png\" class=\"attachment-medium size-medium wp-image-2484\" alt=\"\" srcset=\"https:\/\/www.region-schwabach.de\/wordpress\/wp-content\/uploads\/2017\/06\/werbung8-300x300.png 300w, https:\/\/www.region-schwabach.de\/wordpress\/wp-content\/uploads\/2017\/06\/werbung8-150x150.png 150w, https:\/\/www.region-schwabach.de\/wordpress\/wp-content\/uploads\/2017\/06\/werbung8-768x768.png 768w, https:\/\/www.region-schwabach.de\/wordpress\/wp-content\/uploads\/2017\/06\/werbung8-1024x1024.png 1024w, https:\/\/www.region-schwabach.de\/wordpress\/wp-content\/uploads\/2017\/06\/werbung8-600x600.png 600w, https:\/\/www.region-schwabach.de\/wordpress\/wp-content\/uploads\/2017\/06\/werbung8.png 1200w\" sizes=\"(max-width: 300px) 100vw, 300px\" \/>\t\t\t\t\t\t\t\t\t\t\t\t\t<\/div>\n\t\t\t\t<\/div>\n\t\t\t\t\t<\/div>\n\t\t<\/div>\n\t\t\t\t\t<\/div>\n\t\t<\/section>\n\t\t\t\t<section class=\"elementor-section elementor-top-section elementor-element elementor-element-4c94a94 elementor-section-boxed elementor-section-height-default elementor-section-height-default\" data-id=\"4c94a94\" data-element_type=\"section\">\n\t\t\t\t\t\t<div class=\"elementor-container elementor-column-gap-default\">\n\t\t\t\t\t<div class=\"elementor-column elementor-col-100 elementor-top-column elementor-element elementor-element-130b272\" data-id=\"130b272\" data-element_type=\"column\">\n\t\t\t<div class=\"elementor-widget-wrap elementor-element-populated\">\n\t\t\t\t\t\t<div class=\"elementor-element elementor-element-4915182 elementor-widget elementor-widget-image\" data-id=\"4915182\" data-element_type=\"widget\" data-widget_type=\"image.default\">\n\t\t\t\t<div class=\"elementor-widget-container\">\n\t\t\t\t\t\t\t\t\t\t\t\t\t\t<a href=\"http:\/\/www.region-schwabach.de\/wordpress\/wp-content\/uploads\/2018\/09\/PM204_Kirchweih_2-e1536568886686.jpg\" data-elementor-open-lightbox=\"yes\" data-elementor-lightbox-title=\"PM204_Kirchweih_2\" data-e-action-hash=\"#elementor-action%3Aaction%3Dlightbox%26settings%3DeyJpZCI6NTU2OTYsInVybCI6Imh0dHBzOlwvXC93d3cucmVnaW9uLXNjaHdhYmFjaC5kZVwvd29yZHByZXNzXC93cC1jb250ZW50XC91cGxvYWRzXC8yMDE4XC8wOVwvUE0yMDRfS2lyY2h3ZWloXzItZTE1MzY1Njg4ODY2ODYuanBnIn0%3D\">\n\t\t\t\t\t\t\t<img decoding=\"async\" width=\"960\" height=\"960\" src=\"https:\/\/www.region-schwabach.de\/wordpress\/wp-content\/uploads\/2018\/09\/PM204_Kirchweih_2-e1536568886686.jpg\" class=\"attachment-full size-full wp-image-55696\" alt=\"\" \/>\t\t\t\t\t\t\t\t<\/a>\n\t\t\t\t\t\t\t\t\t\t\t\t\t<\/div>\n\t\t\t\t<\/div>\n\t\t\t\t\t<\/div>\n\t\t<\/div>\n\t\t\t\t\t<\/div>\n\t\t<\/section>\n\t\t\t\t<\/div>\n\t\t","protected":false},"excerpt":{"rendered":"<div class=\"mh-excerpt\"><p>Schwabacher Herbstvolksfest vom 14. bis 23. September 2018 Schwabach &#8211; Von Freitag, den 14.09.2018 bis Sonntag, den 23.09.2018 findet wieder die allseits beliebte Schwabacher Herbstkirchweih statt. 10 Tage lang wird auf dem K\u00f6nigs- und dem <a class=\"mh-excerpt-more\" href=\"https:\/\/www.region-schwabach.de\/wordpress\/schwabacher-herbstkirchweih-vom-14-bis-23-september-2018\/\" title=\"Schwabacher Herbstkirchweih vom 14. bis 23. September 2018\">[&#8230;]<\/a><\/p>\n<\/div>","protected":false},"author":1,"featured_media":55695,"comment_status":"open","ping_status":"open","sticky":false,"template":"template-full.php","format":"standard","meta":{"_cbd_carousel_blocks":"[]","footnotes":""},"categories":[16,1,231],"tags":[5880,524,525,522,523,19,521,27],"class_list":{"0":"post-55694","1":"post","2":"type-post","3":"status-publish","4":"format-standard","5":"has-post-thumbnail","7":"category-aktuell","8":"category-allgemein","9":"category-veranstaltungsnews","10":"tag-14-september-bis-23-september-2018","11":"tag-familientag","12":"tag-kirchweihmarkt","13":"tag-koenigsplatz","14":"tag-martin-luther-platz","15":"tag-schwabach","16":"tag-schwabacher-herbstkirchweih","17":"tag-verkaufsoffener-sonntag"},"_links":{"self":[{"href":"https:\/\/www.region-schwabach.de\/wordpress\/wp-json\/wp\/v2\/posts\/55694","targetHints":{"allow":["GET"]}}],"collection":[{"href":"https:\/\/www.region-schwabach.de\/wordpress\/wp-json\/wp\/v2\/posts"}],"about":[{"href":"https:\/\/www.region-schwabach.de\/wordpress\/wp-json\/wp\/v2\/types\/post"}],"author":[{"embeddable":true,"href":"https:\/\/www.region-schwabach.de\/wordpress\/wp-json\/wp\/v2\/users\/1"}],"replies":[{"embeddable":true,"href":"https:\/\/www.region-schwabach.de\/wordpress\/wp-json\/wp\/v2\/comments?post=55694"}],"version-history":[{"count":0,"href":"https:\/\/www.region-schwabach.de\/wordpress\/wp-json\/wp\/v2\/posts\/55694\/revisions"}],"wp:featuredmedia":[{"embeddable":true,"href":"https:\/\/www.region-schwabach.de\/wordpress\/wp-json\/wp\/v2\/media\/55695"}],"wp:attachment":[{"href":"https:\/\/www.region-schwabach.de\/wordpress\/wp-json\/wp\/v2\/media?parent=55694"}],"wp:term":[{"taxonomy":"category","embeddable":true,"href":"https:\/\/www.region-schwabach.de\/wordpress\/wp-json\/wp\/v2\/categories?post=55694"},{"taxonomy":"post_tag","embeddable":true,"href":"https:\/\/www.region-schwabach.de\/wordpress\/wp-json\/wp\/v2\/tags?post=55694"}],"curies":[{"name":"wp","href":"https:\/\/api.w.org\/{rel}","templated":true}]}}