{"id":55903,"date":"2018-09-15T00:07:50","date_gmt":"2018-09-14T22:07:50","guid":{"rendered":"http:\/\/www.region-schwabach.de\/wordpress\/?p=55903"},"modified":"2018-09-15T06:49:29","modified_gmt":"2018-09-15T04:49:29","slug":"tatort-fuehrung-in-schwabach-am-samstag-15-september-2018","status":"publish","type":"post","link":"https:\/\/www.region-schwabach.de\/wordpress\/tatort-fuehrung-in-schwabach-am-samstag-15-september-2018\/","title":{"rendered":"Tatort-F\u00fchrung in Schwabach am Samstag, 15. September 2018"},"content":{"rendered":"\t\t<div data-elementor-type=\"wp-post\" data-elementor-id=\"55903\" class=\"elementor elementor-55903 elementor-bc-flex-widget\">\n\t\t\t\t\t\t<section class=\"elementor-section elementor-top-section elementor-element elementor-element-678181b elementor-section-boxed elementor-section-height-default elementor-section-height-default\" data-id=\"678181b\" data-element_type=\"section\">\n\t\t\t\t\t\t<div class=\"elementor-container elementor-column-gap-default\">\n\t\t\t\t\t<div class=\"elementor-column elementor-col-66 elementor-top-column elementor-element elementor-element-6b34026\" data-id=\"6b34026\" data-element_type=\"column\">\n\t\t\t<div class=\"elementor-widget-wrap elementor-element-populated\">\n\t\t\t\t\t\t<div class=\"elementor-element elementor-element-443ab98 elementor-widget elementor-widget-text-editor\" data-id=\"443ab98\" data-element_type=\"widget\" data-widget_type=\"text-editor.default\">\n\t\t\t\t<div class=\"elementor-widget-container\">\n\t\t\t\t\t\t\t<h3>Samstag, 15. September:<br \/>Mit dem Kommissar auf Spurensuche<\/h3><p>Selbst vor der beschaulichen Goldschl\u00e4gerstadt macht das Verbrechen nicht\u00a0Halt. Diebst\u00e4hle, schwerer Raub und Mord geh\u00f6ren auch zum Alltag der\u00a0Schwabacher Polizei.<\/p><p>Zwei Kommissare a.D. berichten bei der F\u00fchrung \u201eTatort\u00a0Schwabach\u201c aus ihrem Berufsleben \u2013 von Beweis- und Spurensicherungen,\u00a0von T\u00e4ter\u00fcberf\u00fchrungen zu Zeiten, in denen es noch keine DNA-Analyse gab,\u00a0und von Kleinkriminellen, die polizeibekannt waren.<\/p><p>Die n\u00e4chste F\u00fchrung\u00a0starten die Kommissare am Samstag, 15. September, um 16 Uhr am Brunnen\u00a0am Schillerplatz (S\u00fcdliche Ringstra\u00dfe\/Ecke Schillerstra\u00dfe).<\/p><h3>\u201cTATORT Schwabach \u2013 Mit dem Kommissar auf Spurensuche\u201c<\/h3><p>Die Gruppe besucht dann Tatorte, an denen Diamanten geraubt oder Autos<br \/>besch\u00e4digt wurden und Brunnen \u00fcbersch\u00e4umten. Auch \u201eKommissar Zufall\u201c<br \/>werden die Teilnehmenden bei der F\u00fchrung kennenlernen.<\/p><h3>Infos<\/h3><p>Treffpunkt ist am Schillerplatz (am Brunnen) um 16 Uhr. Tickets gibt es\u00a0bei den Kommissaren (Erwachsene 5 Euro, Jugendliche ab 12 Jahren 3 Euro).\u00a0Eine Anmeldung ist nicht erforderlich.<\/p><p>Eine weitere TATORT-F\u00fchrung findet am\u00a0Samstag, den 20.10.2018, um 16:00 Uhr statt.<\/p><p><strong>Foto:<\/strong> Ob das Schwabacher Rathaus auch ins Fadenkreuz von Kriminellen<br \/>geraten ist, erfahren Interessierte bei der F\u00fchrung am 15. September.<\/p><h3>Weiterf\u00fchrende Links:<\/h3><p><a href=\"https:\/\/www.schwabach.de\/de\/schwabach-erleben\/tourismus\/en\/naechste-fuehrungen\/6228-tatort-schwabach-mit-dem-kommissar-auf-spurensuche-2.html\" target=\"_blank\" rel=\"noopener\">Weitere Infos zu der F\u00fchrung &#8222;Tatort Schwabach&#8220; gibt es hier &#8230;<\/a><\/p>\t\t\t\t\t\t<\/div>\n\t\t\t\t<\/div>\n\t\t\t\t<div class=\"elementor-element elementor-element-b95230e elementor-widget-divider--view-line elementor-widget elementor-widget-divider\" data-id=\"b95230e\" data-element_type=\"widget\" data-widget_type=\"divider.default\">\n\t\t\t\t<div class=\"elementor-widget-container\">\n\t\t\t\t\t<div class=\"elementor-divider\">\n\t\t\t<span class=\"elementor-divider-separator\">\n\t\t\t\t\t\t<\/span>\n\t\t<\/div>\n\t\t\t\t<\/div>\n\t\t\t\t<\/div>\n\t\t\t\t<div class=\"elementor-element elementor-element-804b00f elementor-widget elementor-widget-google_maps\" data-id=\"804b00f\" data-element_type=\"widget\" data-widget_type=\"google_maps.default\">\n\t\t\t\t<div class=\"elementor-widget-container\">\n\t\t\t\t\t<div class=\"elementor-custom-embed\">\n\t\t\t<iframe loading=\"lazy\"\n\t\t\t\t\tsrc=\"https:\/\/maps.google.com\/maps?q=49.327080%2C%2011.021553&#038;t=m&#038;z=17&#038;output=embed&#038;iwloc=near\"\n\t\t\t\t\ttitle=\"49.327080, 11.021553\"\n\t\t\t\t\taria-label=\"49.327080, 11.021553\"\n\t\t\t><\/iframe>\n\t\t<\/div>\n\t\t\t\t<\/div>\n\t\t\t\t<\/div>\n\t\t\t\t\t<\/div>\n\t\t<\/div>\n\t\t\t\t<div class=\"elementor-column elementor-col-33 elementor-top-column elementor-element elementor-element-f645137\" data-id=\"f645137\" data-element_type=\"column\">\n\t\t\t<div class=\"elementor-widget-wrap elementor-element-populated\">\n\t\t\t\t\t\t<div class=\"elementor-element elementor-element-25043c1 elementor-widget elementor-widget-image\" data-id=\"25043c1\" data-element_type=\"widget\" data-widget_type=\"image.default\">\n\t\t\t\t<div class=\"elementor-widget-container\">\n\t\t\t\t\t\t\t\t\t\t\t\t\t<img fetchpriority=\"high\" decoding=\"async\" width=\"300\" height=\"300\" src=\"https:\/\/www.region-schwabach.de\/wordpress\/wp-content\/uploads\/2018\/04\/werbung1-300x300.png\" class=\"attachment-medium size-medium wp-image-35382\" alt=\"\" srcset=\"https:\/\/www.region-schwabach.de\/wordpress\/wp-content\/uploads\/2018\/04\/werbung1-300x300.png 300w, https:\/\/www.region-schwabach.de\/wordpress\/wp-content\/uploads\/2018\/04\/werbung1-150x150.png 150w, https:\/\/www.region-schwabach.de\/wordpress\/wp-content\/uploads\/2018\/04\/werbung1-768x768.png 768w, https:\/\/www.region-schwabach.de\/wordpress\/wp-content\/uploads\/2018\/04\/werbung1-1024x1024.png 1024w, https:\/\/www.region-schwabach.de\/wordpress\/wp-content\/uploads\/2018\/04\/werbung1.png 1200w\" sizes=\"(max-width: 300px) 100vw, 300px\" \/>\t\t\t\t\t\t\t\t\t\t\t\t\t<\/div>\n\t\t\t\t<\/div>\n\t\t\t\t\t<\/div>\n\t\t<\/div>\n\t\t\t\t\t<\/div>\n\t\t<\/section>\n\t\t\t\t<\/div>\n\t\t","protected":false},"excerpt":{"rendered":"<div class=\"mh-excerpt\"><p>Samstag, 15. September:Mit dem Kommissar auf Spurensuche Selbst vor der beschaulichen Goldschl\u00e4gerstadt macht das Verbrechen nicht\u00a0Halt. Diebst\u00e4hle, schwerer Raub und Mord geh\u00f6ren auch zum Alltag der\u00a0Schwabacher Polizei. Zwei Kommissare a.D. berichten bei der F\u00fchrung \u201eTatort\u00a0Schwabach\u201c <a class=\"mh-excerpt-more\" href=\"https:\/\/www.region-schwabach.de\/wordpress\/tatort-fuehrung-in-schwabach-am-samstag-15-september-2018\/\" title=\"Tatort-F\u00fchrung in Schwabach am Samstag, 15. September 2018\">[&#8230;]<\/a><\/p>\n<\/div>","protected":false},"author":1,"featured_media":43207,"comment_status":"open","ping_status":"open","sticky":false,"template":"","format":"standard","meta":{"_cbd_carousel_blocks":"[]","footnotes":""},"categories":[16,1,61,231],"tags":[5726,3873,53,1480,3645,19,3872],"class_list":{"0":"post-55903","1":"post","2":"type-post","3":"status-publish","4":"format-standard","5":"has-post-thumbnail","7":"category-aktuell","8":"category-allgemein","9":"category-rathaus","10":"category-veranstaltungsnews","11":"tag-15-09-2018","12":"tag-brunnen-am-schillerplatz","13":"tag-fuehrung","14":"tag-rathaus","15":"tag-rundgang","16":"tag-schwabach","17":"tag-tatort-fuehrung"},"_links":{"self":[{"href":"https:\/\/www.region-schwabach.de\/wordpress\/wp-json\/wp\/v2\/posts\/55903","targetHints":{"allow":["GET"]}}],"collection":[{"href":"https:\/\/www.region-schwabach.de\/wordpress\/wp-json\/wp\/v2\/posts"}],"about":[{"href":"https:\/\/www.region-schwabach.de\/wordpress\/wp-json\/wp\/v2\/types\/post"}],"author":[{"embeddable":true,"href":"https:\/\/www.region-schwabach.de\/wordpress\/wp-json\/wp\/v2\/users\/1"}],"replies":[{"embeddable":true,"href":"https:\/\/www.region-schwabach.de\/wordpress\/wp-json\/wp\/v2\/comments?post=55903"}],"version-history":[{"count":0,"href":"https:\/\/www.region-schwabach.de\/wordpress\/wp-json\/wp\/v2\/posts\/55903\/revisions"}],"wp:featuredmedia":[{"embeddable":true,"href":"https:\/\/www.region-schwabach.de\/wordpress\/wp-json\/wp\/v2\/media\/43207"}],"wp:attachment":[{"href":"https:\/\/www.region-schwabach.de\/wordpress\/wp-json\/wp\/v2\/media?parent=55903"}],"wp:term":[{"taxonomy":"category","embeddable":true,"href":"https:\/\/www.region-schwabach.de\/wordpress\/wp-json\/wp\/v2\/categories?post=55903"},{"taxonomy":"post_tag","embeddable":true,"href":"https:\/\/www.region-schwabach.de\/wordpress\/wp-json\/wp\/v2\/tags?post=55903"}],"curies":[{"name":"wp","href":"https:\/\/api.w.org\/{rel}","templated":true}]}}