{"id":55950,"date":"2018-09-12T00:03:54","date_gmt":"2018-09-11T22:03:54","guid":{"rendered":"http:\/\/www.region-schwabach.de\/wordpress\/?p=55950"},"modified":"2018-09-11T14:02:38","modified_gmt":"2018-09-11T12:02:38","slug":"film-ab-fuer-den-imagefilm-schwabach-die-goldschlaegerstadt","status":"publish","type":"post","link":"https:\/\/www.region-schwabach.de\/wordpress\/film-ab-fuer-den-imagefilm-schwabach-die-goldschlaegerstadt\/","title":{"rendered":"Film ab f\u00fcr den Imagefilm \u201eSchwabach \u2013 die Goldschl\u00e4gerstadt.\u201c"},"content":{"rendered":"\t\t<div data-elementor-type=\"wp-post\" data-elementor-id=\"55950\" class=\"elementor elementor-55950 elementor-bc-flex-widget\">\n\t\t\t\t\t\t<section class=\"elementor-section elementor-top-section elementor-element elementor-element-1dzeyuh elementor-section-boxed elementor-section-height-default elementor-section-height-default\" data-id=\"1dzeyuh\" data-element_type=\"section\">\n\t\t\t\t\t\t<div class=\"elementor-container elementor-column-gap-default\">\n\t\t\t\t\t<div class=\"elementor-column elementor-col-66 elementor-top-column elementor-element elementor-element-aam59ft\" data-id=\"aam59ft\" data-element_type=\"column\">\n\t\t\t<div class=\"elementor-widget-wrap elementor-element-populated\">\n\t\t\t\t\t\t<div class=\"elementor-element elementor-element-k9p1oyc elementor-widget elementor-widget-text-editor\" data-id=\"k9p1oyc\" data-element_type=\"widget\" data-widget_type=\"text-editor.default\">\n\t\t\t\t<div class=\"elementor-widget-container\">\n\t\t\t\t\t\t\t<h3>Film ab f\u00fcr den Imagefilm \u201eSchwabach \u2013 die\u00a0Goldschl\u00e4gerstadt.\u201c<br \/>Im Hei\u00dfluftballon und zu Fu\u00df durch Schwabach<\/h3><p>Premiere feierte der neue Imagefilm der Stadt Schwabach bereits auf der\u00a0gro\u00dfen Leinwand als Vorfilm \u201eSchwabach \u2013 die Goldschl\u00e4gerstadt.\u201c w\u00e4hrend\u00a0des Sommernachtfilmfestival im Hof des Alten DG:\u00a0Eine Familie erkundet im\u00a0Hei\u00dfluftballon und zu Fu\u00df die Goldschl\u00e4gerstadt. Zu sehen ist der Film auf\u00a0<a href=\"http:\/\/www.schwabach.de\/goldschlaegerstadt\" target=\"_blank\" rel=\"noopener\">www.schwabach.de\/goldschlaegerstadt<\/a>.<\/p><h3>Viele Sehensw\u00fcrdigkeiten<\/h3><p>Neben der Altstadt mit dem Rathaus, Stadtkirche, Marktplatz und der\u00a0Goldschl\u00e4gerschauwerkstatt, der Synagogengasse, dem Apothekergarten und\u00a0der Franzosenkirche sind darin auch zahlreiche Highlights aus dem\u00a0Jubil\u00e4umsjahr 2017 vertreten. Auch regelm\u00e4\u00dfige Veranstaltungen wie die\u00a0goldschl\u00e4ger nacht oder das Latinfestival Ritmos Latinos sind darin zu sehen.<\/p><h3>9-j\u00e4hriger Junge f\u00fchrt durch den Film<\/h3><p>Selbstverst\u00e4ndlich liegt der Schwerpunkt auf den Blattgoldh\u00f6hepunkten wie der\u00a0Goldbox im Stadtmuseum, dem Goldenen Ei und den\u00a0Goldschl\u00e4gervorf\u00fchrungen.\u00a0Beschrieben wird Schwabach dabei von einem 9-j\u00e4hrigen Jungen, der seine Heimatstadt zusammen mit seiner Mutter entdeckt.<\/p><h3>Imagefilm auf vielen Medienkan\u00e4len zu sehen<\/h3><p>Der knapp f\u00fcnfmin\u00fctige Film, von dem auch eine etwa 90-sek\u00fcndige\u00a0Kurzfassung existiert, wird k\u00fcnftig im Stadtmuseum, im Goldmobil, auf\u00a0Touristikmessen sowie im Internet und den sozialen Medien der Stadt\u00a0Schwabach (Facebook, Twitter, Youtube) zu sehen sein.<\/p><h3>Unterst\u00fctzung durch Apollo-Optik<\/h3><p>Der Film wurde von\u00a0fabelzucker Filmproduktion mit freundlicher Unterst\u00fctzung des Schwabacher\u00a0Optik-Unternehmens Apollo produziert.<\/p>\t\t\t\t\t\t<\/div>\n\t\t\t\t<\/div>\n\t\t\t\t<div class=\"elementor-element elementor-element-c1133c5 elementor-widget-divider--view-line elementor-widget elementor-widget-divider\" data-id=\"c1133c5\" data-element_type=\"widget\" data-widget_type=\"divider.default\">\n\t\t\t\t<div class=\"elementor-widget-container\">\n\t\t\t\t\t<div class=\"elementor-divider\">\n\t\t\t<span class=\"elementor-divider-separator\">\n\t\t\t\t\t\t<\/span>\n\t\t<\/div>\n\t\t\t\t<\/div>\n\t\t\t\t<\/div>\n\t\t\t\t<div class=\"elementor-element elementor-element-7155fa8 elementor-widget elementor-widget-google_maps\" data-id=\"7155fa8\" data-element_type=\"widget\" data-widget_type=\"google_maps.default\">\n\t\t\t\t<div class=\"elementor-widget-container\">\n\t\t\t\t\t<div class=\"elementor-custom-embed\">\n\t\t\t<iframe loading=\"lazy\"\n\t\t\t\t\tsrc=\"https:\/\/maps.google.com\/maps?q=Schwabach%2C%20Deutschland&#038;t=m&#038;z=12&#038;output=embed&#038;iwloc=near\"\n\t\t\t\t\ttitle=\"Schwabach, Deutschland\"\n\t\t\t\t\taria-label=\"Schwabach, Deutschland\"\n\t\t\t><\/iframe>\n\t\t<\/div>\n\t\t\t\t<\/div>\n\t\t\t\t<\/div>\n\t\t\t\t\t<\/div>\n\t\t<\/div>\n\t\t\t\t<div class=\"elementor-column elementor-col-33 elementor-top-column elementor-element elementor-element-uferl75\" data-id=\"uferl75\" data-element_type=\"column\">\n\t\t\t<div class=\"elementor-widget-wrap elementor-element-populated\">\n\t\t\t\t\t\t<div class=\"elementor-element elementor-element-xuttsc2 elementor-widget elementor-widget-image\" data-id=\"xuttsc2\" data-element_type=\"widget\" data-widget_type=\"image.default\">\n\t\t\t\t<div class=\"elementor-widget-container\">\n\t\t\t\t\t\t\t\t\t\t\t\t\t\t<a href=\"http:\/\/www.region-schwabach.de\/wordpress\/werben-auf-region-schwabach\/\" target=\"_blank\">\n\t\t\t\t\t\t\t<img fetchpriority=\"high\" decoding=\"async\" width=\"300\" height=\"300\" src=\"https:\/\/www.region-schwabach.de\/wordpress\/wp-content\/uploads\/2017\/06\/werbung8-300x300.png\" class=\"attachment-medium size-medium wp-image-2484\" alt=\"\" srcset=\"https:\/\/www.region-schwabach.de\/wordpress\/wp-content\/uploads\/2017\/06\/werbung8-300x300.png 300w, https:\/\/www.region-schwabach.de\/wordpress\/wp-content\/uploads\/2017\/06\/werbung8-150x150.png 150w, https:\/\/www.region-schwabach.de\/wordpress\/wp-content\/uploads\/2017\/06\/werbung8-768x768.png 768w, https:\/\/www.region-schwabach.de\/wordpress\/wp-content\/uploads\/2017\/06\/werbung8-1024x1024.png 1024w, https:\/\/www.region-schwabach.de\/wordpress\/wp-content\/uploads\/2017\/06\/werbung8-600x600.png 600w, https:\/\/www.region-schwabach.de\/wordpress\/wp-content\/uploads\/2017\/06\/werbung8.png 1200w\" sizes=\"(max-width: 300px) 100vw, 300px\" \/>\t\t\t\t\t\t\t\t<\/a>\n\t\t\t\t\t\t\t\t\t\t\t\t\t<\/div>\n\t\t\t\t<\/div>\n\t\t\t\t\t<\/div>\n\t\t<\/div>\n\t\t\t\t\t<\/div>\n\t\t<\/section>\n\t\t\t\t<\/div>\n\t\t","protected":false},"excerpt":{"rendered":"<div class=\"mh-excerpt\"><p>Film ab f\u00fcr den Imagefilm \u201eSchwabach \u2013 die\u00a0Goldschl\u00e4gerstadt.\u201cIm Hei\u00dfluftballon und zu Fu\u00df durch Schwabach Premiere feierte der neue Imagefilm der Stadt Schwabach bereits auf der\u00a0gro\u00dfen Leinwand als Vorfilm \u201eSchwabach \u2013 die Goldschl\u00e4gerstadt.\u201c w\u00e4hrend\u00a0des Sommernachtfilmfestival im <a class=\"mh-excerpt-more\" href=\"https:\/\/www.region-schwabach.de\/wordpress\/film-ab-fuer-den-imagefilm-schwabach-die-goldschlaegerstadt\/\" title=\"Film ab f\u00fcr den Imagefilm \u201eSchwabach \u2013 die Goldschl\u00e4gerstadt.\u201c\">[&#8230;]<\/a><\/p>\n<\/div>","protected":false},"author":1,"featured_media":55951,"comment_status":"open","ping_status":"open","sticky":false,"template":"template-full.php","format":"image","meta":{"_cbd_carousel_blocks":"[]","footnotes":""},"categories":[16,287,61],"tags":[5910,1581,5914,3914,5913,5915,5912,5911,114,1480,19,3881,4883,4692],"class_list":{"0":"post-55950","1":"post","2":"type-post","3":"status-publish","4":"format-image","5":"has-post-thumbnail","7":"category-aktuell","8":"category-jugend-und-familie","9":"category-rathaus","10":"tag-schwabach-die-goldschlaegerstadt","11":"tag-altstadt","12":"tag-apothekergarten","13":"tag-franzosenkirche","14":"tag-goldschlaegerschauwerkstatt","15":"tag-highlights-aus-dem-jubilaeumsjahr-2017","16":"tag-im-heissluftballon-und-zu-fuss-durch-schwabach","17":"tag-imagefilm","18":"tag-marktplatz","19":"tag-rathaus","20":"tag-schwabach","21":"tag-september-2018","22":"tag-stadtkirche","23":"tag-synagogengasse","24":"post_format-post-format-image"},"_links":{"self":[{"href":"https:\/\/www.region-schwabach.de\/wordpress\/wp-json\/wp\/v2\/posts\/55950","targetHints":{"allow":["GET"]}}],"collection":[{"href":"https:\/\/www.region-schwabach.de\/wordpress\/wp-json\/wp\/v2\/posts"}],"about":[{"href":"https:\/\/www.region-schwabach.de\/wordpress\/wp-json\/wp\/v2\/types\/post"}],"author":[{"embeddable":true,"href":"https:\/\/www.region-schwabach.de\/wordpress\/wp-json\/wp\/v2\/users\/1"}],"replies":[{"embeddable":true,"href":"https:\/\/www.region-schwabach.de\/wordpress\/wp-json\/wp\/v2\/comments?post=55950"}],"version-history":[{"count":0,"href":"https:\/\/www.region-schwabach.de\/wordpress\/wp-json\/wp\/v2\/posts\/55950\/revisions"}],"wp:featuredmedia":[{"embeddable":true,"href":"https:\/\/www.region-schwabach.de\/wordpress\/wp-json\/wp\/v2\/media\/55951"}],"wp:attachment":[{"href":"https:\/\/www.region-schwabach.de\/wordpress\/wp-json\/wp\/v2\/media?parent=55950"}],"wp:term":[{"taxonomy":"category","embeddable":true,"href":"https:\/\/www.region-schwabach.de\/wordpress\/wp-json\/wp\/v2\/categories?post=55950"},{"taxonomy":"post_tag","embeddable":true,"href":"https:\/\/www.region-schwabach.de\/wordpress\/wp-json\/wp\/v2\/tags?post=55950"}],"curies":[{"name":"wp","href":"https:\/\/api.w.org\/{rel}","templated":true}]}}