{"id":55961,"date":"2018-09-11T14:19:47","date_gmt":"2018-09-11T12:19:47","guid":{"rendered":"http:\/\/www.region-schwabach.de\/wordpress\/?p=55961"},"modified":"2018-09-11T14:27:25","modified_gmt":"2018-09-11T12:27:25","slug":"motorradfahrer-bei-verkehrsunfall-in-kornburg-toedlich-verletzt","status":"publish","type":"post","link":"https:\/\/www.region-schwabach.de\/wordpress\/motorradfahrer-bei-verkehrsunfall-in-kornburg-toedlich-verletzt\/","title":{"rendered":"Motorradfahrer bei Verkehrsunfall in Kornburg t\u00f6dlich verletzt"},"content":{"rendered":"\t\t<div data-elementor-type=\"wp-post\" data-elementor-id=\"55961\" class=\"elementor elementor-55961 elementor-bc-flex-widget\">\n\t\t\t\t\t\t<section class=\"elementor-section elementor-top-section elementor-element elementor-element-1cuv9jr elementor-section-boxed elementor-section-height-default elementor-section-height-default\" data-id=\"1cuv9jr\" data-element_type=\"section\">\n\t\t\t\t\t\t<div class=\"elementor-container elementor-column-gap-default\">\n\t\t\t\t\t<div class=\"elementor-column elementor-col-66 elementor-top-column elementor-element elementor-element-q5zak7b\" data-id=\"q5zak7b\" data-element_type=\"column\">\n\t\t\t<div class=\"elementor-widget-wrap elementor-element-populated\">\n\t\t\t\t\t\t<div class=\"elementor-element elementor-element-763ecdd elementor-widget elementor-widget-text-editor\" data-id=\"763ecdd\" data-element_type=\"widget\" data-widget_type=\"text-editor.default\">\n\t\t\t\t<div class=\"elementor-widget-container\">\n\t\t\t\t\t\t\t<h3 class=\"story-headline\">Motorradfahrer bei Verkehrsunfall t\u00f6dlich verletzt<\/h3><p>N\u00fcrnberg (ots) &#8211;\u00a0Heute Vormittag (11.09.2018) kam es im N\u00fcrnberger Stadtteil Kornburg zu einem schweren Verkehrsunfall. Ein 65-j\u00e4hriger Motorradfahrer erlag in Folge dieses Unfalls seinen Verletzungen.<\/p><h3>Ringelnatzstra\u00dfe in Fahrtrichtung Katzwang<\/h3><p>Gegen 10:40 Uhr war der 65-j\u00e4hrige Mann mit seinem Motorrad auf der Ringelnatzstra\u00dfe in Fahrtrichtung Katzwang unterwegs und \u00fcberholte am Ortsausgang von Kornburg ein Anh\u00e4ngergespann. Zeitgleich setzte ein vor dem Gespann fahrender 67-j\u00e4hriger Mann mit seinem Nissan dazu an, nach links von der Ringelnatzstra\u00dfe abzufahren. Der Motorradfahrer leitete daraufhin ein Bremsman\u00f6ver ein, kam zu Sturz und wurde von dem abbiegenden Pkw erfasst. Trotz eingeleiteter Reanimationsma\u00dfnahmen verstarb der verungl\u00fcckte Motorradfahrer an der Unfallstelle.<\/p><h3>8.000 Euro Sachschaden<\/h3><p>Der entstandene Sachschaden wird auf etwa 8000 Euro beziffert. Beamte der N\u00fcrnberger Verkehrspolizei f\u00fchrten die Unfallaufnahme durch. Die Staatsanwaltschaft ordnete zur Rekonstruktion des Unfallhergangs die Hinzuziehung eines Sachverst\u00e4ndigen an.<\/p><h3>Ringelnatzstra\u00dfe in beide Richtungen gesperrt<\/h3><p>Die Ringelnatzstra\u00dfe ist derzeit (Stand 13:30 Uhr) in beide Fahrtrichtungen gesperrt. Die Unfallaufnahme sowie die Bergungs- und Reinigungsma\u00dfnahmen werden voraussichtlich bis etwa 14:00 Uhr andauern. Einsatzkr\u00e4fte der Feuerwehr leiten den Verkehr um.<\/p><p><strong>Michael Konrad\/n<\/strong><\/p><p>Original-Content von Polizeipr\u00e4sidium Mittelfranken<\/p>\t\t\t\t\t\t<\/div>\n\t\t\t\t<\/div>\n\t\t\t\t<div class=\"elementor-element elementor-element-ace1283 elementor-widget-divider--view-line elementor-widget elementor-widget-divider\" data-id=\"ace1283\" data-element_type=\"widget\" data-widget_type=\"divider.default\">\n\t\t\t\t<div class=\"elementor-widget-container\">\n\t\t\t\t\t<div class=\"elementor-divider\">\n\t\t\t<span class=\"elementor-divider-separator\">\n\t\t\t\t\t\t<\/span>\n\t\t<\/div>\n\t\t\t\t<\/div>\n\t\t\t\t<\/div>\n\t\t\t\t<div class=\"elementor-element elementor-element-1l7zbzo elementor-widget elementor-widget-google_maps\" data-id=\"1l7zbzo\" data-element_type=\"widget\" data-widget_type=\"google_maps.default\">\n\t\t\t\t<div class=\"elementor-widget-container\">\n\t\t\t\t\t<div class=\"elementor-custom-embed\">\n\t\t\t<iframe loading=\"lazy\"\n\t\t\t\t\tsrc=\"https:\/\/maps.google.com\/maps?q=Ringelnatzstra%C3%9Fe%2C%20N%C3%BCrnberg%2C%20Deutschland&#038;t=m&#038;z=15&#038;output=embed&#038;iwloc=near\"\n\t\t\t\t\ttitle=\"Ringelnatzstra\u00dfe, N\u00fcrnberg, Deutschland\"\n\t\t\t\t\taria-label=\"Ringelnatzstra\u00dfe, N\u00fcrnberg, Deutschland\"\n\t\t\t><\/iframe>\n\t\t<\/div>\n\t\t\t\t<\/div>\n\t\t\t\t<\/div>\n\t\t\t\t\t<\/div>\n\t\t<\/div>\n\t\t\t\t<div class=\"elementor-column elementor-col-33 elementor-top-column elementor-element elementor-element-0w0urt1\" data-id=\"0w0urt1\" data-element_type=\"column\">\n\t\t\t<div class=\"elementor-widget-wrap elementor-element-populated\">\n\t\t\t\t\t\t<div class=\"elementor-element elementor-element-mo6nk5i elementor-widget elementor-widget-image\" data-id=\"mo6nk5i\" data-element_type=\"widget\" data-widget_type=\"image.default\">\n\t\t\t\t<div class=\"elementor-widget-container\">\n\t\t\t\t\t\t\t\t\t\t\t\t\t\t<a href=\"http:\/\/www.region-schwabach.de\/wordpress\/werben-auf-region-schwabach\/\" target=\"_blank\">\n\t\t\t\t\t\t\t<img fetchpriority=\"high\" decoding=\"async\" width=\"1024\" height=\"1024\" src=\"https:\/\/www.region-schwabach.de\/wordpress\/wp-content\/uploads\/2017\/06\/werbung8-1024x1024.png\" class=\"attachment-large size-large wp-image-2484\" alt=\"\" srcset=\"https:\/\/www.region-schwabach.de\/wordpress\/wp-content\/uploads\/2017\/06\/werbung8-1024x1024.png 1024w, https:\/\/www.region-schwabach.de\/wordpress\/wp-content\/uploads\/2017\/06\/werbung8-150x150.png 150w, https:\/\/www.region-schwabach.de\/wordpress\/wp-content\/uploads\/2017\/06\/werbung8-300x300.png 300w, https:\/\/www.region-schwabach.de\/wordpress\/wp-content\/uploads\/2017\/06\/werbung8-768x768.png 768w, https:\/\/www.region-schwabach.de\/wordpress\/wp-content\/uploads\/2017\/06\/werbung8-600x600.png 600w, https:\/\/www.region-schwabach.de\/wordpress\/wp-content\/uploads\/2017\/06\/werbung8.png 1200w\" sizes=\"(max-width: 1024px) 100vw, 1024px\" \/>\t\t\t\t\t\t\t\t<\/a>\n\t\t\t\t\t\t\t\t\t\t\t\t\t<\/div>\n\t\t\t\t<\/div>\n\t\t\t\t\t<\/div>\n\t\t<\/div>\n\t\t\t\t\t<\/div>\n\t\t<\/section>\n\t\t\t\t<\/div>\n\t\t","protected":false},"excerpt":{"rendered":"<div class=\"mh-excerpt\"><p>Motorradfahrer bei Verkehrsunfall t\u00f6dlich verletzt N\u00fcrnberg (ots) &#8211;\u00a0Heute Vormittag (11.09.2018) kam es im N\u00fcrnberger Stadtteil Kornburg zu einem schweren Verkehrsunfall. Ein 65-j\u00e4hriger Motorradfahrer erlag in Folge dieses Unfalls seinen Verletzungen. Ringelnatzstra\u00dfe in Fahrtrichtung Katzwang Gegen <a class=\"mh-excerpt-more\" href=\"https:\/\/www.region-schwabach.de\/wordpress\/motorradfahrer-bei-verkehrsunfall-in-kornburg-toedlich-verletzt\/\" title=\"Motorradfahrer bei Verkehrsunfall in Kornburg t\u00f6dlich verletzt\">[&#8230;]<\/a><\/p>\n<\/div>","protected":false},"author":1,"featured_media":55963,"comment_status":"open","ping_status":"open","sticky":false,"template":"","format":"standard","meta":{"_cbd_carousel_blocks":"[]","footnotes":""},"categories":[15],"tags":[5722,2361,765,5921,1548,563,2327,35,463,981,5922,3393,335],"class_list":{"0":"post-55961","1":"post","2":"type-post","3":"status-publish","4":"format-standard","5":"has-post-thumbnail","7":"category-polizeimeldungen","8":"tag-11-09-2018","9":"tag-gespann","10":"tag-katzwang","11":"tag-kornburg","12":"tag-mann","13":"tag-motorrad","14":"tag-nissan","15":"tag-nuernberg","16":"tag-pkw","17":"tag-polizei","18":"tag-ringelnatzstrasse","19":"tag-toedlich-verletzt","20":"tag-verkehrsunfall"},"_links":{"self":[{"href":"https:\/\/www.region-schwabach.de\/wordpress\/wp-json\/wp\/v2\/posts\/55961","targetHints":{"allow":["GET"]}}],"collection":[{"href":"https:\/\/www.region-schwabach.de\/wordpress\/wp-json\/wp\/v2\/posts"}],"about":[{"href":"https:\/\/www.region-schwabach.de\/wordpress\/wp-json\/wp\/v2\/types\/post"}],"author":[{"embeddable":true,"href":"https:\/\/www.region-schwabach.de\/wordpress\/wp-json\/wp\/v2\/users\/1"}],"replies":[{"embeddable":true,"href":"https:\/\/www.region-schwabach.de\/wordpress\/wp-json\/wp\/v2\/comments?post=55961"}],"version-history":[{"count":0,"href":"https:\/\/www.region-schwabach.de\/wordpress\/wp-json\/wp\/v2\/posts\/55961\/revisions"}],"wp:featuredmedia":[{"embeddable":true,"href":"https:\/\/www.region-schwabach.de\/wordpress\/wp-json\/wp\/v2\/media\/55963"}],"wp:attachment":[{"href":"https:\/\/www.region-schwabach.de\/wordpress\/wp-json\/wp\/v2\/media?parent=55961"}],"wp:term":[{"taxonomy":"category","embeddable":true,"href":"https:\/\/www.region-schwabach.de\/wordpress\/wp-json\/wp\/v2\/categories?post=55961"},{"taxonomy":"post_tag","embeddable":true,"href":"https:\/\/www.region-schwabach.de\/wordpress\/wp-json\/wp\/v2\/tags?post=55961"}],"curies":[{"name":"wp","href":"https:\/\/api.w.org\/{rel}","templated":true}]}}