{"id":56004,"date":"2018-09-12T13:27:05","date_gmt":"2018-09-12T11:27:05","guid":{"rendered":"http:\/\/www.region-schwabach.de\/wordpress\/?p=56004"},"modified":"2018-09-12T13:35:40","modified_gmt":"2018-09-12T11:35:40","slug":"motorradunfaelle-in-roth-und-georgensgmuend","status":"publish","type":"post","link":"https:\/\/www.region-schwabach.de\/wordpress\/motorradunfaelle-in-roth-und-georgensgmuend\/","title":{"rendered":"Motorradunf\u00e4lle in Roth und Georgensgm\u00fcnd"},"content":{"rendered":"\t\t<div data-elementor-type=\"wp-post\" data-elementor-id=\"56004\" class=\"elementor elementor-56004 elementor-bc-flex-widget\">\n\t\t\t\t\t\t<section class=\"elementor-section elementor-top-section elementor-element elementor-element-1cuv9jr elementor-section-boxed elementor-section-height-default elementor-section-height-default\" data-id=\"1cuv9jr\" data-element_type=\"section\">\n\t\t\t\t\t\t<div class=\"elementor-container elementor-column-gap-default\">\n\t\t\t\t\t<div class=\"elementor-column elementor-col-66 elementor-top-column elementor-element elementor-element-q5zak7b\" data-id=\"q5zak7b\" data-element_type=\"column\">\n\t\t\t<div class=\"elementor-widget-wrap elementor-element-populated\">\n\t\t\t\t\t\t<div class=\"elementor-element elementor-element-763ecdd elementor-widget elementor-widget-text-editor\" data-id=\"763ecdd\" data-element_type=\"widget\" data-widget_type=\"text-editor.default\">\n\t\t\t\t<div class=\"elementor-widget-container\">\n\t\t\t\t\t\t\t<h3><strong>Motorradfahrer gest\u00fcrzt<\/strong><\/h3><p>Roth\/Georgensgm\u00fcnd &#8211; Am fr\u00fchen Dienstagabend, den 11.09.2018, ereigneten sich im Bereich der PI Roth zwei Verkehrsunf\u00e4lle, bei denen zwei Motorradfahrer verletzt wurden, und zus\u00e4tzlich ein hoher Sachschaden entstand ist.<\/p><h3>Unfall 1:<\/h3><p>Ein 38-j\u00e4hriger Kawasakifahrer war gegen 17.40 Uhr auf der Staatsstra\u00dfe zwischen Rothaurach und Aurau unterwegs, als er wegen gesundheitlicher Probleme die Kontrolle \u00fcber sein Motorrad verlor, und von der Fahrbahn abkam. Obwohl er Helm und Schutzkleidung trug, erlitt er eine schwere Kopfverletzung und Knochenbr\u00fcche. Der entstandene Sachschaden an seiner Ninja betr\u00e4gt ca. 8.000 Euro.<\/p><h3>Unfall 2:<\/h3><p>Gegen 18.20 Uhr war ein 26-j\u00e4hriger Motorradfahrer mit einer Aprilia auf der Staatsstra\u00dfe zwischen Georgensgm\u00fcnd und Rittersbach unterwegs, als er zwei vorausfahrende Autos \u00fcberholte, beim Einscheren dann aber die Kontrolle \u00fcber das Motorrad verlor, und deshalb st\u00fcrzte. Mit starken Prellungen und Sch\u00fcrfwunden wurde mu\u00dfte er zur Behandlung ins Krankenhaus gebracht werden. Der Sachschaden an seiner Maschine bel\u00e4uft sich auf mehrere tausend Euro.<\/p>\t\t\t\t\t\t<\/div>\n\t\t\t\t<\/div>\n\t\t\t\t<div class=\"elementor-element elementor-element-ace1283 elementor-widget-divider--view-line elementor-widget elementor-widget-divider\" data-id=\"ace1283\" data-element_type=\"widget\" data-widget_type=\"divider.default\">\n\t\t\t\t<div class=\"elementor-widget-container\">\n\t\t\t\t\t<div class=\"elementor-divider\">\n\t\t\t<span class=\"elementor-divider-separator\">\n\t\t\t\t\t\t<\/span>\n\t\t<\/div>\n\t\t\t\t<\/div>\n\t\t\t\t<\/div>\n\t\t\t\t<div class=\"elementor-element elementor-element-1l7zbzo elementor-widget elementor-widget-google_maps\" data-id=\"1l7zbzo\" data-element_type=\"widget\" data-widget_type=\"google_maps.default\">\n\t\t\t\t<div class=\"elementor-widget-container\">\n\t\t\t\t\t<div class=\"elementor-custom-embed\">\n\t\t\t<iframe loading=\"lazy\"\n\t\t\t\t\tsrc=\"https:\/\/maps.google.com\/maps?q=Roth%2C%20Deutschland&#038;t=m&#038;z=11&#038;output=embed&#038;iwloc=near\"\n\t\t\t\t\ttitle=\"Roth, Deutschland\"\n\t\t\t\t\taria-label=\"Roth, Deutschland\"\n\t\t\t><\/iframe>\n\t\t<\/div>\n\t\t\t\t<\/div>\n\t\t\t\t<\/div>\n\t\t\t\t\t<\/div>\n\t\t<\/div>\n\t\t\t\t<div class=\"elementor-column elementor-col-33 elementor-top-column elementor-element elementor-element-0w0urt1\" data-id=\"0w0urt1\" data-element_type=\"column\">\n\t\t\t<div class=\"elementor-widget-wrap elementor-element-populated\">\n\t\t\t\t\t\t<div class=\"elementor-element elementor-element-mo6nk5i elementor-widget elementor-widget-image\" data-id=\"mo6nk5i\" data-element_type=\"widget\" data-widget_type=\"image.default\">\n\t\t\t\t<div class=\"elementor-widget-container\">\n\t\t\t\t\t\t\t\t\t\t\t\t\t\t<a href=\"http:\/\/www.region-schwabach.de\/wordpress\/werben-auf-region-schwabach\/\" target=\"_blank\">\n\t\t\t\t\t\t\t<img fetchpriority=\"high\" decoding=\"async\" width=\"1024\" height=\"1024\" src=\"https:\/\/www.region-schwabach.de\/wordpress\/wp-content\/uploads\/2017\/06\/werbung8-1024x1024.png\" class=\"attachment-large size-large wp-image-2484\" alt=\"\" srcset=\"https:\/\/www.region-schwabach.de\/wordpress\/wp-content\/uploads\/2017\/06\/werbung8-1024x1024.png 1024w, https:\/\/www.region-schwabach.de\/wordpress\/wp-content\/uploads\/2017\/06\/werbung8-150x150.png 150w, https:\/\/www.region-schwabach.de\/wordpress\/wp-content\/uploads\/2017\/06\/werbung8-300x300.png 300w, https:\/\/www.region-schwabach.de\/wordpress\/wp-content\/uploads\/2017\/06\/werbung8-768x768.png 768w, https:\/\/www.region-schwabach.de\/wordpress\/wp-content\/uploads\/2017\/06\/werbung8-600x600.png 600w, https:\/\/www.region-schwabach.de\/wordpress\/wp-content\/uploads\/2017\/06\/werbung8.png 1200w\" sizes=\"(max-width: 1024px) 100vw, 1024px\" \/>\t\t\t\t\t\t\t\t<\/a>\n\t\t\t\t\t\t\t\t\t\t\t\t\t<\/div>\n\t\t\t\t<\/div>\n\t\t\t\t\t<\/div>\n\t\t<\/div>\n\t\t\t\t\t<\/div>\n\t\t<\/section>\n\t\t\t\t<\/div>\n\t\t","protected":false},"excerpt":{"rendered":"<div class=\"mh-excerpt\"><p>Motorradfahrer gest\u00fcrzt Roth\/Georgensgm\u00fcnd &#8211; Am fr\u00fchen Dienstagabend, den 11.09.2018, ereigneten sich im Bereich der PI Roth zwei Verkehrsunf\u00e4lle, bei denen zwei Motorradfahrer verletzt wurden, und zus\u00e4tzlich ein hoher Sachschaden entstand ist. Unfall 1: Ein 38-j\u00e4hriger <a class=\"mh-excerpt-more\" href=\"https:\/\/www.region-schwabach.de\/wordpress\/motorradunfaelle-in-roth-und-georgensgmuend\/\" title=\"Motorradunf\u00e4lle in Roth und Georgensgm\u00fcnd\">[&#8230;]<\/a><\/p>\n<\/div>","protected":false},"author":1,"featured_media":56005,"comment_status":"open","ping_status":"open","sticky":false,"template":"","format":"standard","meta":{"_cbd_carousel_blocks":"[]","footnotes":""},"categories":[15],"tags":[5722,5930,1911,527,5928,1375,563,463,981,2766,1538,401,713,1327,334],"class_list":{"0":"post-56004","1":"post","2":"type-post","3":"status-publish","4":"format-standard","5":"has-post-thumbnail","7":"category-polizeimeldungen","8":"tag-11-09-2018","9":"tag-aprilia","10":"tag-aurau","11":"tag-georgensgmuend","12":"tag-kawasaki","13":"tag-leicht-verletzt","14":"tag-motorrad","15":"tag-pkw","16":"tag-polizei","17":"tag-rittersbach","18":"tag-rothaurach","19":"tag-sachschaden","20":"tag-schaden","21":"tag-schwer-verletzt","22":"tag-unfall"},"_links":{"self":[{"href":"https:\/\/www.region-schwabach.de\/wordpress\/wp-json\/wp\/v2\/posts\/56004","targetHints":{"allow":["GET"]}}],"collection":[{"href":"https:\/\/www.region-schwabach.de\/wordpress\/wp-json\/wp\/v2\/posts"}],"about":[{"href":"https:\/\/www.region-schwabach.de\/wordpress\/wp-json\/wp\/v2\/types\/post"}],"author":[{"embeddable":true,"href":"https:\/\/www.region-schwabach.de\/wordpress\/wp-json\/wp\/v2\/users\/1"}],"replies":[{"embeddable":true,"href":"https:\/\/www.region-schwabach.de\/wordpress\/wp-json\/wp\/v2\/comments?post=56004"}],"version-history":[{"count":0,"href":"https:\/\/www.region-schwabach.de\/wordpress\/wp-json\/wp\/v2\/posts\/56004\/revisions"}],"wp:featuredmedia":[{"embeddable":true,"href":"https:\/\/www.region-schwabach.de\/wordpress\/wp-json\/wp\/v2\/media\/56005"}],"wp:attachment":[{"href":"https:\/\/www.region-schwabach.de\/wordpress\/wp-json\/wp\/v2\/media?parent=56004"}],"wp:term":[{"taxonomy":"category","embeddable":true,"href":"https:\/\/www.region-schwabach.de\/wordpress\/wp-json\/wp\/v2\/categories?post=56004"},{"taxonomy":"post_tag","embeddable":true,"href":"https:\/\/www.region-schwabach.de\/wordpress\/wp-json\/wp\/v2\/tags?post=56004"}],"curies":[{"name":"wp","href":"https:\/\/api.w.org\/{rel}","templated":true}]}}