{"id":56015,"date":"2018-09-30T00:03:51","date_gmt":"2018-09-29T22:03:51","guid":{"rendered":"http:\/\/www.region-schwabach.de\/wordpress\/?p=56015"},"modified":"2018-09-30T04:33:54","modified_gmt":"2018-09-30T02:33:54","slug":"fuehrung-durch-die-sonderausstellung-70-jahre-kuenstlerbund-2","status":"publish","type":"post","link":"https:\/\/www.region-schwabach.de\/wordpress\/fuehrung-durch-die-sonderausstellung-70-jahre-kuenstlerbund-2\/","title":{"rendered":"F\u00fchrung durch die Sonderausstellung &#8222;70 Jahre K\u00fcnstlerbund&#8220;"},"content":{"rendered":"\t\t<div data-elementor-type=\"wp-post\" data-elementor-id=\"56015\" class=\"elementor elementor-56015 elementor-bc-flex-widget\">\n\t\t\t\t\t\t<section class=\"elementor-section elementor-top-section elementor-element elementor-element-678181b elementor-section-boxed elementor-section-height-default elementor-section-height-default\" data-id=\"678181b\" data-element_type=\"section\">\n\t\t\t\t\t\t<div class=\"elementor-container elementor-column-gap-default\">\n\t\t\t\t\t<div class=\"elementor-column elementor-col-66 elementor-top-column elementor-element elementor-element-6b34026\" data-id=\"6b34026\" data-element_type=\"column\">\n\t\t\t<div class=\"elementor-widget-wrap elementor-element-populated\">\n\t\t\t\t\t\t<div class=\"elementor-element elementor-element-443ab98 elementor-widget elementor-widget-text-editor\" data-id=\"443ab98\" data-element_type=\"widget\" data-widget_type=\"text-editor.default\">\n\t\t\t\t<div class=\"elementor-widget-container\">\n\t\t\t\t\t\t\t<h3 class=\"idgroup_7 group_container\">F\u00fchrung am Sonntag, 16. September:<br \/>\u201e70 Jahre K\u00fcnstlerbund Schwabach\u201c im\u00a0Stadtmuseum<\/h3><p class=\"idgroup_7 group_container\">Sie ist seit \u00fcber 50 Jahren Mitglied im K\u00fcnstlerbund Schwabach und wohnt seit\u00a0\u00fcber 60 Jahren in Schwabach: Am Sonntag, 16. September, f\u00fchrt die \u00fcberregional\u00a0bekannte K\u00fcnstlerin Rosalinde Weber-Hohengrund ab 11 Uhr durch\u00a0die Sonderausstellung \u201e70 Jahre K\u00fcnstlerbund Schwabach\u201c im Stadtmuseum\u00a0Schwabach.<\/p><h3>Ausstellung in Kooperation mit dem K\u00fcnstlerbund Schwabach e.V.<\/h3><p class=\"idgroup_7 group_container\">Die Ausstellung ist in Kooperation mit dem K\u00fcnstlerbund entstanden und\u00a0pr\u00e4sentiert einen spannenden R\u00fcckblick auf 70 Jahre Vereinsgeschichte. Zum\u00a0Jubil\u00e4um brachten die heutigen Mitglieder eine Grafikmappe heraus, deren\u00a0Werke in einer kleinen Sonderschau zu sehen sind.\u00a0<\/p><h3>Neueste Forschungserkenntnisse zur Geschichte\u00a0des K\u00fcnstlerbundes<\/h3><p class=\"idgroup_7 group_container\">Die Ausstellung pr\u00e4sentiert\u00a0zudem neueste Forschungserkenntnisse zur Geschichte des K\u00fcnstlerbundes.\u00a0Dabei wird das rege Gesellschaftsleben der Nachkriegszeit ebenso beleuchtet\u00a0wie gro\u00dfe k\u00fcnstlerische Erfolge und so manche Debatte und Kontroverse.<\/p><h3>Infos:<\/h3><p class=\"idgroup_7 group_container\">Die F\u00fchrung durch die Ausstellung beginnt um 11 Uhr. Der Museumseintritt\u00a0betr\u00e4gt 5 Euro f\u00fcr Erwachsene und 2,50 Euro f\u00fcr Kinder, Treffpunkt ist die\u00a0Museumskasse.<\/p><p class=\"idgroup_7 group_container\"><strong>Foto (Stadtmuseum):<\/strong> Das \u201eLiebespaar\u201c von Rosalinde Weber-Hohengrund<\/p><h3>Weiterf\u00fchrende Links:<\/h3><div><a href=\"http:\/\/www.kuenstlerbund-schwabach.de\/ausstellungen\/index.html\" target=\"_blank\" rel=\"noopener\">Hier geht&#8217;s zur Homepage des K\u00fcnstlerbundes &#8230;<\/a><\/div><div><a href=\"http:\/\/www.schwabach.de\/de\/stadtverwaltung\/oberbuergermeister\/378-kulturamt\/einrichtungen-und-sachgebiete\/stadtmuseum\/neues-aus-dem-stadtmuseum\/6542-sonderausstellung-70-jahre-kuenstlerbund-schwabach.html\" target=\"_blank\" rel=\"noopener\">Das Stadtmuseum informiert \u00fcber seine Sonderausstellung hier &#8230;<\/a><\/div>\t\t\t\t\t\t<\/div>\n\t\t\t\t<\/div>\n\t\t\t\t<div class=\"elementor-element elementor-element-a29781d elementor-widget-divider--view-line elementor-widget elementor-widget-divider\" data-id=\"a29781d\" data-element_type=\"widget\" data-widget_type=\"divider.default\">\n\t\t\t\t<div class=\"elementor-widget-container\">\n\t\t\t\t\t<div class=\"elementor-divider\">\n\t\t\t<span class=\"elementor-divider-separator\">\n\t\t\t\t\t\t<\/span>\n\t\t<\/div>\n\t\t\t\t<\/div>\n\t\t\t\t<\/div>\n\t\t\t\t<div class=\"elementor-element elementor-element-55c8f9e elementor-widget elementor-widget-google_maps\" data-id=\"55c8f9e\" data-element_type=\"widget\" data-widget_type=\"google_maps.default\">\n\t\t\t\t<div class=\"elementor-widget-container\">\n\t\t\t\t\t<div class=\"elementor-custom-embed\">\n\t\t\t<iframe loading=\"lazy\"\n\t\t\t\t\tsrc=\"https:\/\/maps.google.com\/maps?q=Museumsstra%C3%9Fe%2C%20Schwabach%2C%20Deutschland&#038;t=m&#038;z=17&#038;output=embed&#038;iwloc=near\"\n\t\t\t\t\ttitle=\"Museumsstra\u00dfe, Schwabach, Deutschland\"\n\t\t\t\t\taria-label=\"Museumsstra\u00dfe, Schwabach, Deutschland\"\n\t\t\t><\/iframe>\n\t\t<\/div>\n\t\t\t\t<\/div>\n\t\t\t\t<\/div>\n\t\t\t\t\t<\/div>\n\t\t<\/div>\n\t\t\t\t<div class=\"elementor-column elementor-col-33 elementor-top-column elementor-element elementor-element-f645137\" data-id=\"f645137\" data-element_type=\"column\">\n\t\t\t<div class=\"elementor-widget-wrap elementor-element-populated\">\n\t\t\t\t\t\t<div class=\"elementor-element elementor-element-25043c1 elementor-widget elementor-widget-image\" data-id=\"25043c1\" data-element_type=\"widget\" data-widget_type=\"image.default\">\n\t\t\t\t<div class=\"elementor-widget-container\">\n\t\t\t\t\t\t\t\t\t\t\t\t\t<img fetchpriority=\"high\" decoding=\"async\" width=\"300\" height=\"300\" src=\"https:\/\/www.region-schwabach.de\/wordpress\/wp-content\/uploads\/2018\/04\/werbung1-300x300.png\" class=\"attachment-medium size-medium wp-image-35382\" alt=\"\" srcset=\"https:\/\/www.region-schwabach.de\/wordpress\/wp-content\/uploads\/2018\/04\/werbung1-300x300.png 300w, https:\/\/www.region-schwabach.de\/wordpress\/wp-content\/uploads\/2018\/04\/werbung1-150x150.png 150w, https:\/\/www.region-schwabach.de\/wordpress\/wp-content\/uploads\/2018\/04\/werbung1-768x768.png 768w, https:\/\/www.region-schwabach.de\/wordpress\/wp-content\/uploads\/2018\/04\/werbung1-1024x1024.png 1024w, https:\/\/www.region-schwabach.de\/wordpress\/wp-content\/uploads\/2018\/04\/werbung1.png 1200w\" sizes=\"(max-width: 300px) 100vw, 300px\" \/>\t\t\t\t\t\t\t\t\t\t\t\t\t<\/div>\n\t\t\t\t<\/div>\n\t\t\t\t\t<\/div>\n\t\t<\/div>\n\t\t\t\t\t<\/div>\n\t\t<\/section>\n\t\t\t\t<section class=\"elementor-section elementor-top-section elementor-element elementor-element-0d8da5b elementor-section-boxed elementor-section-height-default elementor-section-height-default\" data-id=\"0d8da5b\" data-element_type=\"section\">\n\t\t\t\t\t\t<div class=\"elementor-container elementor-column-gap-default\">\n\t\t\t\t\t<div class=\"elementor-column elementor-col-100 elementor-top-column elementor-element elementor-element-24590a7\" data-id=\"24590a7\" data-element_type=\"column\">\n\t\t\t<div class=\"elementor-widget-wrap elementor-element-populated\">\n\t\t\t\t\t\t<div class=\"elementor-element elementor-element-9b385f1 elementor-widget elementor-widget-image\" data-id=\"9b385f1\" data-element_type=\"widget\" data-widget_type=\"image.default\">\n\t\t\t\t<div class=\"elementor-widget-container\">\n\t\t\t\t\t\t\t\t\t\t<figure class=\"wp-caption\">\n\t\t\t\t\t\t\t\t\t\t\t<a href=\"http:\/\/www.region-schwabach.de\/wordpress\/wp-content\/uploads\/2018\/09\/PM222_Liebespaar_Rosalinde_Weber_Hohengrund-e1536777627353.jpg\" data-elementor-open-lightbox=\"yes\" data-elementor-lightbox-title=\"PM222_Liebespaar_Rosalinde_Weber_Hohengrund\" data-e-action-hash=\"#elementor-action%3Aaction%3Dlightbox%26settings%3DeyJpZCI6NTYwMTYsInVybCI6Imh0dHBzOlwvXC93d3cucmVnaW9uLXNjaHdhYmFjaC5kZVwvd29yZHByZXNzXC93cC1jb250ZW50XC91cGxvYWRzXC8yMDE4XC8wOVwvUE0yMjJfTGllYmVzcGFhcl9Sb3NhbGluZGVfV2ViZXJfSG9oZW5ncnVuZC1lMTUzNjc3NzYyNzM1My5qcGcifQ%3D%3D\">\n\t\t\t\t\t\t\t<img decoding=\"async\" width=\"640\" height=\"931\" src=\"https:\/\/www.region-schwabach.de\/wordpress\/wp-content\/uploads\/2018\/09\/PM222_Liebespaar_Rosalinde_Weber_Hohengrund-e1536777627353.jpg\" class=\"attachment-full size-full wp-image-56016\" alt=\"\" \/>\t\t\t\t\t\t\t\t<\/a>\n\t\t\t\t\t\t\t\t\t\t\t<figcaption class=\"widget-image-caption wp-caption-text\">Das \u201eLiebespaar\u201c von Rosalinde Weber-Hohengrund<\/figcaption>\n\t\t\t\t\t\t\t\t\t\t<\/figure>\n\t\t\t\t\t\t\t<\/div>\n\t\t\t\t<\/div>\n\t\t\t\t\t<\/div>\n\t\t<\/div>\n\t\t\t\t\t<\/div>\n\t\t<\/section>\n\t\t\t\t<\/div>\n\t\t","protected":false},"excerpt":{"rendered":"<div class=\"mh-excerpt\"><p>F\u00fchrung am Sonntag, 16. September:\u201e70 Jahre K\u00fcnstlerbund Schwabach\u201c im\u00a0Stadtmuseum Sie ist seit \u00fcber 50 Jahren Mitglied im K\u00fcnstlerbund Schwabach und wohnt seit\u00a0\u00fcber 60 Jahren in Schwabach: Am Sonntag, 16. September, f\u00fchrt die \u00fcberregional\u00a0bekannte K\u00fcnstlerin Rosalinde <a class=\"mh-excerpt-more\" href=\"https:\/\/www.region-schwabach.de\/wordpress\/fuehrung-durch-die-sonderausstellung-70-jahre-kuenstlerbund-2\/\" title=\"F\u00fchrung durch die Sonderausstellung &#8222;70 Jahre K\u00fcnstlerbund&#8220;\">[&#8230;]<\/a><\/p>\n<\/div>","protected":false},"author":1,"featured_media":56016,"comment_status":"open","ping_status":"open","sticky":false,"template":"","format":"standard","meta":{"_cbd_carousel_blocks":"[]","footnotes":""},"categories":[16,1,287,61,231,140],"tags":[5727,53,4349,4884,4813,1480,5931,19,3881,4812,3739],"class_list":{"0":"post-56015","1":"post","2":"type-post","3":"status-publish","4":"format-standard","5":"has-post-thumbnail","7":"category-aktuell","8":"category-allgemein","9":"category-jugend-und-familie","10":"category-rathaus","11":"category-veranstaltungsnews","12":"category-vereine","13":"tag-16-09-2018","14":"tag-fuehrung","15":"tag-jubilaeum","16":"tag-jubilaeumsfest","17":"tag-kuenstlerbund","18":"tag-rathaus","19":"tag-rosalinde-weber-hohengrund","20":"tag-schwabach","21":"tag-september-2018","22":"tag-sonderausstellung","23":"tag-stadtmuseum"},"_links":{"self":[{"href":"https:\/\/www.region-schwabach.de\/wordpress\/wp-json\/wp\/v2\/posts\/56015","targetHints":{"allow":["GET"]}}],"collection":[{"href":"https:\/\/www.region-schwabach.de\/wordpress\/wp-json\/wp\/v2\/posts"}],"about":[{"href":"https:\/\/www.region-schwabach.de\/wordpress\/wp-json\/wp\/v2\/types\/post"}],"author":[{"embeddable":true,"href":"https:\/\/www.region-schwabach.de\/wordpress\/wp-json\/wp\/v2\/users\/1"}],"replies":[{"embeddable":true,"href":"https:\/\/www.region-schwabach.de\/wordpress\/wp-json\/wp\/v2\/comments?post=56015"}],"version-history":[{"count":0,"href":"https:\/\/www.region-schwabach.de\/wordpress\/wp-json\/wp\/v2\/posts\/56015\/revisions"}],"wp:featuredmedia":[{"embeddable":true,"href":"https:\/\/www.region-schwabach.de\/wordpress\/wp-json\/wp\/v2\/media\/56016"}],"wp:attachment":[{"href":"https:\/\/www.region-schwabach.de\/wordpress\/wp-json\/wp\/v2\/media?parent=56015"}],"wp:term":[{"taxonomy":"category","embeddable":true,"href":"https:\/\/www.region-schwabach.de\/wordpress\/wp-json\/wp\/v2\/categories?post=56015"},{"taxonomy":"post_tag","embeddable":true,"href":"https:\/\/www.region-schwabach.de\/wordpress\/wp-json\/wp\/v2\/tags?post=56015"}],"curies":[{"name":"wp","href":"https:\/\/api.w.org\/{rel}","templated":true}]}}