{"id":56054,"date":"2018-09-17T00:01:12","date_gmt":"2018-09-16T22:01:12","guid":{"rendered":"http:\/\/www.region-schwabach.de\/wordpress\/?p=56054"},"modified":"2018-09-16T23:18:10","modified_gmt":"2018-09-16T21:18:10","slug":"parkbad-schwabach-geht-in-die-verlaengerung","status":"publish","type":"post","link":"https:\/\/www.region-schwabach.de\/wordpress\/parkbad-schwabach-geht-in-die-verlaengerung\/","title":{"rendered":"Parkbad Schwabach geht in die Verl\u00e4ngerung"},"content":{"rendered":"\t\t<div data-elementor-type=\"wp-post\" data-elementor-id=\"56054\" class=\"elementor elementor-56054 elementor-bc-flex-widget\">\n\t\t\t\t\t\t<section class=\"elementor-section elementor-top-section elementor-element elementor-element-678181b elementor-section-boxed elementor-section-height-default elementor-section-height-default\" data-id=\"678181b\" data-element_type=\"section\">\n\t\t\t\t\t\t<div class=\"elementor-container elementor-column-gap-default\">\n\t\t\t\t\t<div class=\"elementor-column elementor-col-66 elementor-top-column elementor-element elementor-element-6b34026\" data-id=\"6b34026\" data-element_type=\"column\">\n\t\t\t<div class=\"elementor-widget-wrap elementor-element-populated\">\n\t\t\t\t\t\t<div class=\"elementor-element elementor-element-443ab98 elementor-widget elementor-widget-text-editor\" data-id=\"443ab98\" data-element_type=\"widget\" data-widget_type=\"text-editor.default\">\n\t\t\t\t<div class=\"elementor-widget-container\">\n\t\t\t\t\t\t\t<h3><strong>Saison im Parkbad Schwabach geht in die Verl\u00e4ngerung<\/strong><\/h3><h3>Freibad bleibt bis 23. September ge\u00f6ffnet<\/h3><p>Schwabach &#8211; Noch ein bisschen l\u00e4nger Sommer tanken: Das Parkbad Schwabach bleibt mit Blick auf die gute Wetterprognose noch eine Woche l\u00e4nger ge\u00f6ffnet und schlie\u00dft damit erst am 23. September 2018.<\/p><h3>Badebetrieb t\u00e4glich bis 18 Uhr<\/h3><p>Der Badebetrieb wird dabei aber aus Sicherheitsgr\u00fcnden verk\u00fcrzt: Badenixen und Wasserratten sind t\u00e4glich bis 18 Uhr willkommen. Dies ist wegen der einsetzenden D\u00e4mmerung n\u00f6tig.<\/p><h3>Weiterf\u00fchrende Links:<\/h3><p><a href=\"https:\/\/www.stadtwerke-schwabach.de\/Baeder\/Parkbad-Schwabach\/\" target=\"_blank\" rel=\"noopener\">Homepage Parkbad Schwabach &#8230;<\/a><\/p><p><strong>Bild Manuel Mauer:<\/strong>\u00a0Freibad Schwabach, entstanden im August 2012<\/p>\t\t\t\t\t\t<\/div>\n\t\t\t\t<\/div>\n\t\t\t\t<div class=\"elementor-element elementor-element-21c3450 elementor-widget-divider--view-line elementor-widget elementor-widget-divider\" data-id=\"21c3450\" data-element_type=\"widget\" data-widget_type=\"divider.default\">\n\t\t\t\t<div class=\"elementor-widget-container\">\n\t\t\t\t\t<div class=\"elementor-divider\">\n\t\t\t<span class=\"elementor-divider-separator\">\n\t\t\t\t\t\t<\/span>\n\t\t<\/div>\n\t\t\t\t<\/div>\n\t\t\t\t<\/div>\n\t\t\t\t<div class=\"elementor-element elementor-element-f4c690c elementor-widget elementor-widget-google_maps\" data-id=\"f4c690c\" data-element_type=\"widget\" data-widget_type=\"google_maps.default\">\n\t\t\t\t<div class=\"elementor-widget-container\">\n\t\t\t\t\t<div class=\"elementor-custom-embed\">\n\t\t\t<iframe loading=\"lazy\"\n\t\t\t\t\tsrc=\"https:\/\/maps.google.com\/maps?q=Angerstra%C3%9Fe%2010%2C%20Schwabach%2C%20Deutschland&#038;t=m&#038;z=16&#038;output=embed&#038;iwloc=near\"\n\t\t\t\t\ttitle=\"Angerstra\u00dfe 10, Schwabach, Deutschland\"\n\t\t\t\t\taria-label=\"Angerstra\u00dfe 10, Schwabach, Deutschland\"\n\t\t\t><\/iframe>\n\t\t<\/div>\n\t\t\t\t<\/div>\n\t\t\t\t<\/div>\n\t\t\t\t\t<\/div>\n\t\t<\/div>\n\t\t\t\t<div class=\"elementor-column elementor-col-33 elementor-top-column elementor-element elementor-element-f645137\" data-id=\"f645137\" data-element_type=\"column\">\n\t\t\t<div class=\"elementor-widget-wrap elementor-element-populated\">\n\t\t\t\t\t\t<div class=\"elementor-element elementor-element-25043c1 elementor-widget elementor-widget-image\" data-id=\"25043c1\" data-element_type=\"widget\" data-widget_type=\"image.default\">\n\t\t\t\t<div class=\"elementor-widget-container\">\n\t\t\t\t\t\t\t\t\t\t\t\t\t<img fetchpriority=\"high\" decoding=\"async\" width=\"300\" height=\"300\" src=\"https:\/\/www.region-schwabach.de\/wordpress\/wp-content\/uploads\/2018\/04\/werbung1-300x300.png\" class=\"attachment-medium size-medium wp-image-35382\" alt=\"\" srcset=\"https:\/\/www.region-schwabach.de\/wordpress\/wp-content\/uploads\/2018\/04\/werbung1-300x300.png 300w, https:\/\/www.region-schwabach.de\/wordpress\/wp-content\/uploads\/2018\/04\/werbung1-150x150.png 150w, https:\/\/www.region-schwabach.de\/wordpress\/wp-content\/uploads\/2018\/04\/werbung1-768x768.png 768w, https:\/\/www.region-schwabach.de\/wordpress\/wp-content\/uploads\/2018\/04\/werbung1-1024x1024.png 1024w, https:\/\/www.region-schwabach.de\/wordpress\/wp-content\/uploads\/2018\/04\/werbung1.png 1200w\" sizes=\"(max-width: 300px) 100vw, 300px\" \/>\t\t\t\t\t\t\t\t\t\t\t\t\t<\/div>\n\t\t\t\t<\/div>\n\t\t\t\t\t<\/div>\n\t\t<\/div>\n\t\t\t\t\t<\/div>\n\t\t<\/section>\n\t\t\t\t<\/div>\n\t\t","protected":false},"excerpt":{"rendered":"<div class=\"mh-excerpt\"><p>Saison im Parkbad Schwabach geht in die Verl\u00e4ngerung Freibad bleibt bis 23. September ge\u00f6ffnet Schwabach &#8211; Noch ein bisschen l\u00e4nger Sommer tanken: Das Parkbad Schwabach bleibt mit Blick auf die gute Wetterprognose noch eine Woche <a class=\"mh-excerpt-more\" href=\"https:\/\/www.region-schwabach.de\/wordpress\/parkbad-schwabach-geht-in-die-verlaengerung\/\" title=\"Parkbad Schwabach geht in die Verl\u00e4ngerung\">[&#8230;]<\/a><\/p>\n<\/div>","protected":false},"author":1,"featured_media":0,"comment_status":"open","ping_status":"open","sticky":false,"template":"","format":"standard","meta":{"_cbd_carousel_blocks":"[]","footnotes":""},"categories":[16,1,2549,231],"tags":[941,5941,4127,5939,2546,5942,19,4477,5940,3861],"class_list":{"0":"post-56054","1":"post","2":"type-post","3":"status-publish","4":"format-standard","6":"category-aktuell","7":"category-allgemein","8":"category-stadtwerke","9":"category-veranstaltungsnews","10":"tag-angerstrasse","11":"tag-bis-23-september-2018","12":"tag-freibad","13":"tag-gute-wetterprognose","14":"tag-parkbad","15":"tag-saison","16":"tag-schwabach","17":"tag-stadtwerke","18":"tag-taeglich-bis-18-uhr-geoeffnet","19":"tag-verlaengerung"},"_links":{"self":[{"href":"https:\/\/www.region-schwabach.de\/wordpress\/wp-json\/wp\/v2\/posts\/56054","targetHints":{"allow":["GET"]}}],"collection":[{"href":"https:\/\/www.region-schwabach.de\/wordpress\/wp-json\/wp\/v2\/posts"}],"about":[{"href":"https:\/\/www.region-schwabach.de\/wordpress\/wp-json\/wp\/v2\/types\/post"}],"author":[{"embeddable":true,"href":"https:\/\/www.region-schwabach.de\/wordpress\/wp-json\/wp\/v2\/users\/1"}],"replies":[{"embeddable":true,"href":"https:\/\/www.region-schwabach.de\/wordpress\/wp-json\/wp\/v2\/comments?post=56054"}],"version-history":[{"count":0,"href":"https:\/\/www.region-schwabach.de\/wordpress\/wp-json\/wp\/v2\/posts\/56054\/revisions"}],"wp:attachment":[{"href":"https:\/\/www.region-schwabach.de\/wordpress\/wp-json\/wp\/v2\/media?parent=56054"}],"wp:term":[{"taxonomy":"category","embeddable":true,"href":"https:\/\/www.region-schwabach.de\/wordpress\/wp-json\/wp\/v2\/categories?post=56054"},{"taxonomy":"post_tag","embeddable":true,"href":"https:\/\/www.region-schwabach.de\/wordpress\/wp-json\/wp\/v2\/tags?post=56054"}],"curies":[{"name":"wp","href":"https:\/\/api.w.org\/{rel}","templated":true}]}}