{"id":56065,"date":"2018-09-14T09:56:33","date_gmt":"2018-09-14T07:56:33","guid":{"rendered":"http:\/\/www.region-schwabach.de\/wordpress\/?p=56065"},"modified":"2018-09-14T10:59:26","modified_gmt":"2018-09-14T08:59:26","slug":"lesespass-mit-hardy-hamster-am-14-september-2018","status":"publish","type":"post","link":"https:\/\/www.region-schwabach.de\/wordpress\/lesespass-mit-hardy-hamster-am-14-september-2018\/","title":{"rendered":"Lesespa\u00df mit Hardy Hamster am 14. September 2018"},"content":{"rendered":"\t\t<div data-elementor-type=\"wp-post\" data-elementor-id=\"56065\" class=\"elementor elementor-56065 elementor-bc-flex-widget\">\n\t\t\t\t\t\t<section class=\"elementor-section elementor-top-section elementor-element elementor-element-678181b elementor-section-boxed elementor-section-height-default elementor-section-height-default\" data-id=\"678181b\" data-element_type=\"section\">\n\t\t\t\t\t\t<div class=\"elementor-container elementor-column-gap-default\">\n\t\t\t\t\t<div class=\"elementor-column elementor-col-66 elementor-top-column elementor-element elementor-element-6b34026\" data-id=\"6b34026\" data-element_type=\"column\">\n\t\t\t<div class=\"elementor-widget-wrap elementor-element-populated\">\n\t\t\t\t\t\t<div class=\"elementor-element elementor-element-443ab98 elementor-widget elementor-widget-text-editor\" data-id=\"443ab98\" data-element_type=\"widget\" data-widget_type=\"text-editor.default\">\n\t\t\t\t<div class=\"elementor-widget-container\">\n\t\t\t\t\t\t\t<h3 class=\"entry-title\">Lesespa\u00df mit Hardy Hamster<br \/>&#8222;<span id=\"productTitle\" class=\"a-size-large\">Bis dann &#8230; und tr\u00e4um was Sch\u00f6nes!<\/span>&#8220; &#8211;\u00a0<span class=\"author notFaded\" data-width=\"\">Edward van de Vendel<\/span><\/h3><p>Ein Bilderbuch \u00fcber das Tr\u00e4umen.<\/p><p>Lotta geht gern schlafen. Dann tr\u00e4umt sie und fliegt davon. \u00dcber die H\u00e4user, \u00fcber die Berge und die Inseln. Jede Nacht. Und beim Fr\u00fchst\u00fcck erz\u00e4hlt sie von ihren sch\u00f6nen Tr\u00e4umen. Ihr Bruder Theo findet das bl\u00f6d. Das ist Kinderkram und \u00fcberhaupt nicht echt.<\/p><p>Theo kann in der Nacht nicht davonfliegen, so wie Lotta. Er tr\u00e4umt nie was Sch\u00f6nes. Das macht ihn w\u00fctend. Lotta wei\u00df warum und kuschelt sich mit all ihren Kuscheltieren zu ihrem Bruder ins Bett. Und in dieser Nacht fliegen sie gemeinsam \u00fcber die Berge und die Ozeane.<\/p><p>Hardy-Hamster-Lesung (Bilderbuchkino) f\u00fcr Kinder ab 3 Jahren<\/p><h3>Infos:<\/h3><p>Die Lesung findet um 15.00 Uhr in der Kinderbibliothek, im 2. Obergesch0ss der Stadtbibliothek am K\u00f6nigsplatz 29a in Schwabach statt. Der Eintritt zu der 30-min\u00fctigen Veranstaltung ist frei.<\/p><h3>Weiterf\u00fchrende Links:<\/h3><p><a href=\"http:\/\/www.schwabach.de\/de\/schwabach-erleben\/kultur\/einrichtungen\/bibliothek.html\" target=\"_blank\" rel=\"noopener\">Stadtbibliothek Schwabach<\/a><\/p>\t\t\t\t\t\t<\/div>\n\t\t\t\t<\/div>\n\t\t\t\t<div class=\"elementor-element elementor-element-0c834d7 elementor-widget-divider--view-line elementor-widget elementor-widget-divider\" data-id=\"0c834d7\" data-element_type=\"widget\" data-widget_type=\"divider.default\">\n\t\t\t\t<div class=\"elementor-widget-container\">\n\t\t\t\t\t<div class=\"elementor-divider\">\n\t\t\t<span class=\"elementor-divider-separator\">\n\t\t\t\t\t\t<\/span>\n\t\t<\/div>\n\t\t\t\t<\/div>\n\t\t\t\t<\/div>\n\t\t\t\t<div class=\"elementor-element elementor-element-325f51f elementor-widget elementor-widget-google_maps\" data-id=\"325f51f\" data-element_type=\"widget\" data-widget_type=\"google_maps.default\">\n\t\t\t\t<div class=\"elementor-widget-container\">\n\t\t\t\t\t<div class=\"elementor-custom-embed\">\n\t\t\t<iframe loading=\"lazy\"\n\t\t\t\t\tsrc=\"https:\/\/maps.google.com\/maps?q=K%C3%B6nigsplatz%2029a%2C%20Schwabach%2C%20Deutschland&#038;t=m&#038;z=17&#038;output=embed&#038;iwloc=near\"\n\t\t\t\t\ttitle=\"K\u00f6nigsplatz 29a, Schwabach, Deutschland\"\n\t\t\t\t\taria-label=\"K\u00f6nigsplatz 29a, Schwabach, Deutschland\"\n\t\t\t><\/iframe>\n\t\t<\/div>\n\t\t\t\t<\/div>\n\t\t\t\t<\/div>\n\t\t\t\t\t<\/div>\n\t\t<\/div>\n\t\t\t\t<div class=\"elementor-column elementor-col-33 elementor-top-column elementor-element elementor-element-f645137\" data-id=\"f645137\" data-element_type=\"column\">\n\t\t\t<div class=\"elementor-widget-wrap elementor-element-populated\">\n\t\t\t\t\t\t<div class=\"elementor-element elementor-element-25043c1 elementor-widget elementor-widget-image\" data-id=\"25043c1\" data-element_type=\"widget\" data-widget_type=\"image.default\">\n\t\t\t\t<div class=\"elementor-widget-container\">\n\t\t\t\t\t\t\t\t\t\t\t\t\t<img fetchpriority=\"high\" decoding=\"async\" width=\"300\" height=\"300\" src=\"https:\/\/www.region-schwabach.de\/wordpress\/wp-content\/uploads\/2018\/04\/werbung1-300x300.png\" class=\"attachment-medium size-medium wp-image-35382\" alt=\"\" srcset=\"https:\/\/www.region-schwabach.de\/wordpress\/wp-content\/uploads\/2018\/04\/werbung1-300x300.png 300w, https:\/\/www.region-schwabach.de\/wordpress\/wp-content\/uploads\/2018\/04\/werbung1-150x150.png 150w, https:\/\/www.region-schwabach.de\/wordpress\/wp-content\/uploads\/2018\/04\/werbung1-768x768.png 768w, https:\/\/www.region-schwabach.de\/wordpress\/wp-content\/uploads\/2018\/04\/werbung1-1024x1024.png 1024w, https:\/\/www.region-schwabach.de\/wordpress\/wp-content\/uploads\/2018\/04\/werbung1.png 1200w\" sizes=\"(max-width: 300px) 100vw, 300px\" \/>\t\t\t\t\t\t\t\t\t\t\t\t\t<\/div>\n\t\t\t\t<\/div>\n\t\t\t\t\t<\/div>\n\t\t<\/div>\n\t\t\t\t\t<\/div>\n\t\t<\/section>\n\t\t\t\t<\/div>\n\t\t","protected":false},"excerpt":{"rendered":"<div class=\"mh-excerpt\"><p>Lesespa\u00df mit Hardy Hamster &#8222;Bis dann &#8230; und tr\u00e4um was Sch\u00f6nes!&#8220; &#8211;\u00a0Edward van de Vendel Ein Bilderbuch \u00fcber das Tr\u00e4umen. Lotta geht gern schlafen. Dann tr\u00e4umt sie und fliegt davon. \u00dcber die H\u00e4user, \u00fcber die <a class=\"mh-excerpt-more\" href=\"https:\/\/www.region-schwabach.de\/wordpress\/lesespass-mit-hardy-hamster-am-14-september-2018\/\" title=\"Lesespa\u00df mit Hardy Hamster am 14. September 2018\">[&#8230;]<\/a><\/p>\n<\/div>","protected":false},"author":1,"featured_media":0,"comment_status":"open","ping_status":"open","sticky":false,"template":"","format":"standard","meta":{"_cbd_carousel_blocks":"[]","footnotes":""},"categories":[16,1,287,61,231],"tags":[5946,5725,4274,5945,4276,4273,522,4275,1480,19,2555],"class_list":{"0":"post-56065","1":"post","2":"type-post","3":"status-publish","4":"format-standard","6":"category-aktuell","7":"category-allgemein","8":"category-jugend-und-familie","9":"category-rathaus","10":"category-veranstaltungsnews","11":"tag-bis-dann-und-traeum-was-schoenes","12":"tag-14-09-2018","13":"tag-2-obergeschoss","14":"tag-edward-van-de-vendel","15":"tag-hardy-hamster","16":"tag-kinderbibliothek","17":"tag-koenigsplatz","18":"tag-lesung","19":"tag-rathaus","20":"tag-schwabach","21":"tag-stadtbibliothek"},"_links":{"self":[{"href":"https:\/\/www.region-schwabach.de\/wordpress\/wp-json\/wp\/v2\/posts\/56065","targetHints":{"allow":["GET"]}}],"collection":[{"href":"https:\/\/www.region-schwabach.de\/wordpress\/wp-json\/wp\/v2\/posts"}],"about":[{"href":"https:\/\/www.region-schwabach.de\/wordpress\/wp-json\/wp\/v2\/types\/post"}],"author":[{"embeddable":true,"href":"https:\/\/www.region-schwabach.de\/wordpress\/wp-json\/wp\/v2\/users\/1"}],"replies":[{"embeddable":true,"href":"https:\/\/www.region-schwabach.de\/wordpress\/wp-json\/wp\/v2\/comments?post=56065"}],"version-history":[{"count":0,"href":"https:\/\/www.region-schwabach.de\/wordpress\/wp-json\/wp\/v2\/posts\/56065\/revisions"}],"wp:attachment":[{"href":"https:\/\/www.region-schwabach.de\/wordpress\/wp-json\/wp\/v2\/media?parent=56065"}],"wp:term":[{"taxonomy":"category","embeddable":true,"href":"https:\/\/www.region-schwabach.de\/wordpress\/wp-json\/wp\/v2\/categories?post=56065"},{"taxonomy":"post_tag","embeddable":true,"href":"https:\/\/www.region-schwabach.de\/wordpress\/wp-json\/wp\/v2\/tags?post=56065"}],"curies":[{"name":"wp","href":"https:\/\/api.w.org\/{rel}","templated":true}]}}