{"id":56070,"date":"2018-09-14T08:35:48","date_gmt":"2018-09-14T06:35:48","guid":{"rendered":"http:\/\/www.region-schwabach.de\/wordpress\/?p=56070"},"modified":"2018-09-14T10:57:30","modified_gmt":"2018-09-14T08:57:30","slug":"schwerer-unfall-bei-wendelstein-mit-4-schwerverletzten","status":"publish","type":"post","link":"https:\/\/www.region-schwabach.de\/wordpress\/schwerer-unfall-bei-wendelstein-mit-4-schwerverletzten\/","title":{"rendered":"Schwerer Unfall bei Wendelstein mit 4 Schwerverletzten"},"content":{"rendered":"\t\t<div data-elementor-type=\"wp-post\" data-elementor-id=\"56070\" class=\"elementor elementor-56070 elementor-bc-flex-widget\">\n\t\t\t\t\t\t<section class=\"elementor-section elementor-top-section elementor-element elementor-element-1cuv9jr elementor-section-boxed elementor-section-height-default elementor-section-height-default\" data-id=\"1cuv9jr\" data-element_type=\"section\">\n\t\t\t\t\t\t<div class=\"elementor-container elementor-column-gap-default\">\n\t\t\t\t\t<div class=\"elementor-column elementor-col-66 elementor-top-column elementor-element elementor-element-q5zak7b\" data-id=\"q5zak7b\" data-element_type=\"column\">\n\t\t\t<div class=\"elementor-widget-wrap elementor-element-populated\">\n\t\t\t\t\t\t<div class=\"elementor-element elementor-element-763ecdd elementor-widget elementor-widget-text-editor\" data-id=\"763ecdd\" data-element_type=\"widget\" data-widget_type=\"text-editor.default\">\n\t\t\t\t<div class=\"elementor-widget-container\">\n\t\t\t\t\t\t\t<h3><strong>Verkehrsunfall mit 4 Schwerverletzten<\/strong><\/h3><p>Schwabach &#8211; Am Donnerstagabend, den 13.09.2018, kam es bei Wendelstein gegen 20.30 Uhr zu einem schweren Verkehrsunfall bei dem\u00a04 Personen schwer verletzt wurden.<\/p><h3>Vorfahrt missachtet<\/h3><p>Zu dem Unfall kam es, als ein 60-j\u00e4hriger Mercedes-Fahrer von der Wendelsteiner Stra\u00dfe auf die Staatsstra\u00dfe 2225 in Fahrtrichtung N\u00fcrnberg auffahren wollte, und dabei dabei die Vorfahrt eines 78-j\u00e4hrigen Ford-Fahrer missachtete, der ebenfalls in Richtung N\u00fcrnberg unterwegs war.<\/p><h3>Im Stra\u00dfengraben gelandet<\/h3><p>Im weiteren Verlauf geriet der Ford-Fahrer dann auf die links der Fahrbahn befindliche Gr\u00fcnfl\u00e4che und prallte drt gegen eine auf einem Stahlrohr angebrachte Warnbake, die dabei aus der Verankerung gerissen und total besch\u00e4digt wurde, bevor der Ford schlie\u00dflich im Stra\u00dfengraben zum Stehen kam.<\/p><h3>Vier Schwerverletzte<\/h3><p>Bei dem Unfall wurden alle Insassen &#8211; jeweils Fahrer und Beifahrer &#8211; der beiden Fahrzeuge schwer verletzt, und mu\u00dften vom Rettungsdienst und mehreren Not\u00e4rzten in Krankenh\u00e4user gebracht werden.\u00a0<\/p><h3>Staatsstra\u00dfe komplett gesperrt<\/h3><p>Die Staatsstra\u00dfe 2225 war f\u00fcr 2 Stunden komplett gesperrt. beide Unfallfahrzeuge wurden bei dem Unfall schwer besch\u00e4digt und mu\u00dften abgeschleppt werden.<\/p>\t\t\t\t\t\t<\/div>\n\t\t\t\t<\/div>\n\t\t\t\t<div class=\"elementor-element elementor-element-ace1283 elementor-widget-divider--view-line elementor-widget elementor-widget-divider\" data-id=\"ace1283\" data-element_type=\"widget\" data-widget_type=\"divider.default\">\n\t\t\t\t<div class=\"elementor-widget-container\">\n\t\t\t\t\t<div class=\"elementor-divider\">\n\t\t\t<span class=\"elementor-divider-separator\">\n\t\t\t\t\t\t<\/span>\n\t\t<\/div>\n\t\t\t\t<\/div>\n\t\t\t\t<\/div>\n\t\t\t\t<div class=\"elementor-element elementor-element-1l7zbzo elementor-widget elementor-widget-google_maps\" data-id=\"1l7zbzo\" data-element_type=\"widget\" data-widget_type=\"google_maps.default\">\n\t\t\t\t<div class=\"elementor-widget-container\">\n\t\t\t\t\t<div class=\"elementor-custom-embed\">\n\t\t\t<iframe loading=\"lazy\"\n\t\t\t\t\tsrc=\"https:\/\/maps.google.com\/maps?q=49.356947%2C%2011.163380&#038;t=m&#038;z=16&#038;output=embed&#038;iwloc=near\"\n\t\t\t\t\ttitle=\"49.356947, 11.163380\"\n\t\t\t\t\taria-label=\"49.356947, 11.163380\"\n\t\t\t><\/iframe>\n\t\t<\/div>\n\t\t\t\t<\/div>\n\t\t\t\t<\/div>\n\t\t\t\t\t<\/div>\n\t\t<\/div>\n\t\t\t\t<div class=\"elementor-column elementor-col-33 elementor-top-column elementor-element elementor-element-0w0urt1\" data-id=\"0w0urt1\" data-element_type=\"column\">\n\t\t\t<div class=\"elementor-widget-wrap elementor-element-populated\">\n\t\t\t\t\t\t<div class=\"elementor-element elementor-element-mo6nk5i elementor-widget elementor-widget-image\" data-id=\"mo6nk5i\" data-element_type=\"widget\" data-widget_type=\"image.default\">\n\t\t\t\t<div class=\"elementor-widget-container\">\n\t\t\t\t\t\t\t\t\t\t\t\t\t\t<a href=\"http:\/\/www.region-schwabach.de\/wordpress\/werben-auf-region-schwabach\/\" target=\"_blank\">\n\t\t\t\t\t\t\t<img fetchpriority=\"high\" decoding=\"async\" width=\"1024\" height=\"1024\" src=\"https:\/\/www.region-schwabach.de\/wordpress\/wp-content\/uploads\/2017\/06\/werbung8-1024x1024.png\" class=\"attachment-large size-large wp-image-2484\" alt=\"\" srcset=\"https:\/\/www.region-schwabach.de\/wordpress\/wp-content\/uploads\/2017\/06\/werbung8-1024x1024.png 1024w, https:\/\/www.region-schwabach.de\/wordpress\/wp-content\/uploads\/2017\/06\/werbung8-150x150.png 150w, https:\/\/www.region-schwabach.de\/wordpress\/wp-content\/uploads\/2017\/06\/werbung8-300x300.png 300w, https:\/\/www.region-schwabach.de\/wordpress\/wp-content\/uploads\/2017\/06\/werbung8-768x768.png 768w, https:\/\/www.region-schwabach.de\/wordpress\/wp-content\/uploads\/2017\/06\/werbung8-600x600.png 600w, https:\/\/www.region-schwabach.de\/wordpress\/wp-content\/uploads\/2017\/06\/werbung8.png 1200w\" sizes=\"(max-width: 1024px) 100vw, 1024px\" \/>\t\t\t\t\t\t\t\t<\/a>\n\t\t\t\t\t\t\t\t\t\t\t\t\t<\/div>\n\t\t\t\t<\/div>\n\t\t\t\t\t<\/div>\n\t\t<\/div>\n\t\t\t\t\t<\/div>\n\t\t<\/section>\n\t\t\t\t<\/div>\n\t\t","protected":false},"excerpt":{"rendered":"<div class=\"mh-excerpt\"><p>Verkehrsunfall mit 4 Schwerverletzten Schwabach &#8211; Am Donnerstagabend, den 13.09.2018, kam es bei Wendelstein gegen 20.30 Uhr zu einem schweren Verkehrsunfall bei dem\u00a04 Personen schwer verletzt wurden. Vorfahrt missachtet Zu dem Unfall kam es, als <a class=\"mh-excerpt-more\" href=\"https:\/\/www.region-schwabach.de\/wordpress\/schwerer-unfall-bei-wendelstein-mit-4-schwerverletzten\/\" title=\"Schwerer Unfall bei Wendelstein mit 4 Schwerverletzten\">[&#8230;]<\/a><\/p>\n<\/div>","protected":false},"author":1,"featured_media":56071,"comment_status":"open","ping_status":"open","sticky":false,"template":"","format":"standard","meta":{"_cbd_carousel_blocks":"[]","footnotes":""},"categories":[16,15],"tags":[5724,1246,250,463,4271,401,713,19,1327,631,334,31,476],"class_list":{"0":"post-56070","1":"post","2":"type-post","3":"status-publish","4":"format-standard","5":"has-post-thumbnail","7":"category-aktuell","8":"category-polizeimeldungen","9":"tag-13-09-2018","10":"tag-ford","11":"tag-mercedes","12":"tag-pkw","13":"tag-polizie","14":"tag-sachschaden","15":"tag-schaden","16":"tag-schwabach","17":"tag-schwer-verletzt","18":"tag-staatsstrasse-2225","19":"tag-unfall","20":"tag-wendelstein","21":"tag-wendelsteiner-strasse"},"_links":{"self":[{"href":"https:\/\/www.region-schwabach.de\/wordpress\/wp-json\/wp\/v2\/posts\/56070","targetHints":{"allow":["GET"]}}],"collection":[{"href":"https:\/\/www.region-schwabach.de\/wordpress\/wp-json\/wp\/v2\/posts"}],"about":[{"href":"https:\/\/www.region-schwabach.de\/wordpress\/wp-json\/wp\/v2\/types\/post"}],"author":[{"embeddable":true,"href":"https:\/\/www.region-schwabach.de\/wordpress\/wp-json\/wp\/v2\/users\/1"}],"replies":[{"embeddable":true,"href":"https:\/\/www.region-schwabach.de\/wordpress\/wp-json\/wp\/v2\/comments?post=56070"}],"version-history":[{"count":0,"href":"https:\/\/www.region-schwabach.de\/wordpress\/wp-json\/wp\/v2\/posts\/56070\/revisions"}],"wp:featuredmedia":[{"embeddable":true,"href":"https:\/\/www.region-schwabach.de\/wordpress\/wp-json\/wp\/v2\/media\/56071"}],"wp:attachment":[{"href":"https:\/\/www.region-schwabach.de\/wordpress\/wp-json\/wp\/v2\/media?parent=56070"}],"wp:term":[{"taxonomy":"category","embeddable":true,"href":"https:\/\/www.region-schwabach.de\/wordpress\/wp-json\/wp\/v2\/categories?post=56070"},{"taxonomy":"post_tag","embeddable":true,"href":"https:\/\/www.region-schwabach.de\/wordpress\/wp-json\/wp\/v2\/tags?post=56070"}],"curies":[{"name":"wp","href":"https:\/\/api.w.org\/{rel}","templated":true}]}}