{"id":56178,"date":"2018-09-16T10:31:36","date_gmt":"2018-09-16T08:31:36","guid":{"rendered":"http:\/\/www.region-schwabach.de\/wordpress\/?p=56178"},"modified":"2018-09-16T10:59:28","modified_gmt":"2018-09-16T08:59:28","slug":"dackel-von-labrador-retriever-in-schwabach-attackiert","status":"publish","type":"post","link":"https:\/\/www.region-schwabach.de\/wordpress\/dackel-von-labrador-retriever-in-schwabach-attackiert\/","title":{"rendered":"Dackel von Labrador Retriever in Schwabach attackiert"},"content":{"rendered":"\t\t<div data-elementor-type=\"wp-post\" data-elementor-id=\"56178\" class=\"elementor elementor-56178 elementor-bc-flex-widget\">\n\t\t\t\t\t\t<section class=\"elementor-section elementor-top-section elementor-element elementor-element-1cuv9jr elementor-section-boxed elementor-section-height-default elementor-section-height-default\" data-id=\"1cuv9jr\" data-element_type=\"section\">\n\t\t\t\t\t\t<div class=\"elementor-container elementor-column-gap-default\">\n\t\t\t\t\t<div class=\"elementor-column elementor-col-66 elementor-top-column elementor-element elementor-element-q5zak7b\" data-id=\"q5zak7b\" data-element_type=\"column\">\n\t\t\t<div class=\"elementor-widget-wrap elementor-element-populated\">\n\t\t\t\t\t\t<div class=\"elementor-element elementor-element-763ecdd elementor-widget elementor-widget-text-editor\" data-id=\"763ecdd\" data-element_type=\"widget\" data-widget_type=\"text-editor.default\">\n\t\t\t\t<div class=\"elementor-widget-container\">\n\t\t\t\t\t\t\t<h3><strong>Dackel von Labrador Retriever angegriffen<\/strong><\/h3><p>Schwabach &#8211; Am Freitagnachmittag, den 14.09.2018, wurden am Rennm\u00fchlweg &#8211; beim dortigen Bahn\u00fcbergang &#8211; eine Hundebesitzerin und ihr Dackel gegen 14.20 Uhr von einem schwarzen Labrador-Retriever angegriffen, wbei der nicht angeleinte Hund ein \u00e4u\u00dferst aggressives Verhalten an den Tag legte, und dem ihm k\u00f6rperlich unterlegenen Rauhhaardackel lebensbedrohliche Verletzungen zuf\u00fcgte.<\/p><h3>Hundebesitzerin hinterl\u00e4\u00dft keine Personalien<\/h3><p>Nur unter gr\u00f6\u00dfter M\u00fche konnten die Frauen die beiden Hunde voneinander trennen, bevor\u00a0sich die Besitzerin des Labrador &#8211; ohne ihre Personalien zu hinterlassen &#8211; einfach vom Tatort entfernte, w\u00e4hrend der Rauhaardackel blutend und reglos am Boden liegen blieb.<\/p><h3>Polizei sucht Zeugen<\/h3><p>Zeugen die den Vorfall beobachtet haben und Angaben zur Hundebesitzerin des schwarzen Labradors machen k\u00f6nnen, werden gebeten, sich bei der Polizeiinspektion Schwabach unter \u00a0Tel. 09122-927-0, zu melden.<\/p><h3>Hinweis in eigener Sache<\/h3><p>Ferner wird in diesem Zusammenhang darauf hingewiesen, dass gem\u00e4\u00df der Stadtsatzung der Stadt Schwabach, f\u00fcr Hunde eine Anleinpflicht in den Gr\u00fcnanlagen im Stadtgebiet gilt. Ein Versto\u00df dagegen kann mit einem Bu\u00dfgeld geahndet werden.<\/p>\t\t\t\t\t\t<\/div>\n\t\t\t\t<\/div>\n\t\t\t\t<div class=\"elementor-element elementor-element-ace1283 elementor-widget-divider--view-line elementor-widget elementor-widget-divider\" data-id=\"ace1283\" data-element_type=\"widget\" data-widget_type=\"divider.default\">\n\t\t\t\t<div class=\"elementor-widget-container\">\n\t\t\t\t\t<div class=\"elementor-divider\">\n\t\t\t<span class=\"elementor-divider-separator\">\n\t\t\t\t\t\t<\/span>\n\t\t<\/div>\n\t\t\t\t<\/div>\n\t\t\t\t<\/div>\n\t\t\t\t<div class=\"elementor-element elementor-element-1l7zbzo elementor-widget elementor-widget-google_maps\" data-id=\"1l7zbzo\" data-element_type=\"widget\" data-widget_type=\"google_maps.default\">\n\t\t\t\t<div class=\"elementor-widget-container\">\n\t\t\t\t\t<div class=\"elementor-custom-embed\">\n\t\t\t<iframe loading=\"lazy\"\n\t\t\t\t\tsrc=\"https:\/\/maps.google.com\/maps?q=49.332628%2C%2011.039429&#038;t=m&#038;z=15&#038;output=embed&#038;iwloc=near\"\n\t\t\t\t\ttitle=\"49.332628, 11.039429\"\n\t\t\t\t\taria-label=\"49.332628, 11.039429\"\n\t\t\t><\/iframe>\n\t\t<\/div>\n\t\t\t\t<\/div>\n\t\t\t\t<\/div>\n\t\t\t\t\t<\/div>\n\t\t<\/div>\n\t\t\t\t<div class=\"elementor-column elementor-col-33 elementor-top-column elementor-element elementor-element-0w0urt1\" data-id=\"0w0urt1\" data-element_type=\"column\">\n\t\t\t<div class=\"elementor-widget-wrap elementor-element-populated\">\n\t\t\t\t\t\t<div class=\"elementor-element elementor-element-mo6nk5i elementor-widget elementor-widget-image\" data-id=\"mo6nk5i\" data-element_type=\"widget\" data-widget_type=\"image.default\">\n\t\t\t\t<div class=\"elementor-widget-container\">\n\t\t\t\t\t\t\t\t\t\t\t\t\t\t<a href=\"http:\/\/www.region-schwabach.de\/wordpress\/werben-auf-region-schwabach\/\" target=\"_blank\">\n\t\t\t\t\t\t\t<img fetchpriority=\"high\" decoding=\"async\" width=\"1024\" height=\"1024\" src=\"https:\/\/www.region-schwabach.de\/wordpress\/wp-content\/uploads\/2017\/06\/werbung8-1024x1024.png\" class=\"attachment-large size-large wp-image-2484\" alt=\"\" srcset=\"https:\/\/www.region-schwabach.de\/wordpress\/wp-content\/uploads\/2017\/06\/werbung8-1024x1024.png 1024w, https:\/\/www.region-schwabach.de\/wordpress\/wp-content\/uploads\/2017\/06\/werbung8-150x150.png 150w, https:\/\/www.region-schwabach.de\/wordpress\/wp-content\/uploads\/2017\/06\/werbung8-300x300.png 300w, https:\/\/www.region-schwabach.de\/wordpress\/wp-content\/uploads\/2017\/06\/werbung8-768x768.png 768w, https:\/\/www.region-schwabach.de\/wordpress\/wp-content\/uploads\/2017\/06\/werbung8-600x600.png 600w, https:\/\/www.region-schwabach.de\/wordpress\/wp-content\/uploads\/2017\/06\/werbung8.png 1200w\" sizes=\"(max-width: 1024px) 100vw, 1024px\" \/>\t\t\t\t\t\t\t\t<\/a>\n\t\t\t\t\t\t\t\t\t\t\t\t\t<\/div>\n\t\t\t\t<\/div>\n\t\t\t\t\t<\/div>\n\t\t<\/div>\n\t\t\t\t\t<\/div>\n\t\t<\/section>\n\t\t\t\t<\/div>\n\t\t","protected":false},"excerpt":{"rendered":"<div class=\"mh-excerpt\"><p>Dackel von Labrador Retriever angegriffen Schwabach &#8211; Am Freitagnachmittag, den 14.09.2018, wurden am Rennm\u00fchlweg &#8211; beim dortigen Bahn\u00fcbergang &#8211; eine Hundebesitzerin und ihr Dackel gegen 14.20 Uhr von einem schwarzen Labrador-Retriever angegriffen, wbei der nicht <a class=\"mh-excerpt-more\" href=\"https:\/\/www.region-schwabach.de\/wordpress\/dackel-von-labrador-retriever-in-schwabach-attackiert\/\" title=\"Dackel von Labrador Retriever in Schwabach attackiert\">[&#8230;]<\/a><\/p>\n<\/div>","protected":false},"author":1,"featured_media":56179,"comment_status":"open","ping_status":"open","sticky":false,"template":"","format":"standard","meta":{"_cbd_carousel_blocks":"[]","footnotes":""},"categories":[15],"tags":[5725,5966,5967,5964,5965,5970,981,5969,5968,19,1327],"class_list":{"0":"post-56178","1":"post","2":"type-post","3":"status-publish","4":"format-standard","5":"has-post-thumbnail","7":"category-polizeimeldungen","8":"tag-14-09-2018","9":"tag-attackiert","10":"tag-bahnuebergang","11":"tag-dackel","12":"tag-labrador-retriever","13":"tag-lebensbedrohliche-verletzungen","14":"tag-polizei","15":"tag-rauhaardackel","16":"tag-rennmuehlweg","17":"tag-schwabach","18":"tag-schwer-verletzt"},"_links":{"self":[{"href":"https:\/\/www.region-schwabach.de\/wordpress\/wp-json\/wp\/v2\/posts\/56178","targetHints":{"allow":["GET"]}}],"collection":[{"href":"https:\/\/www.region-schwabach.de\/wordpress\/wp-json\/wp\/v2\/posts"}],"about":[{"href":"https:\/\/www.region-schwabach.de\/wordpress\/wp-json\/wp\/v2\/types\/post"}],"author":[{"embeddable":true,"href":"https:\/\/www.region-schwabach.de\/wordpress\/wp-json\/wp\/v2\/users\/1"}],"replies":[{"embeddable":true,"href":"https:\/\/www.region-schwabach.de\/wordpress\/wp-json\/wp\/v2\/comments?post=56178"}],"version-history":[{"count":0,"href":"https:\/\/www.region-schwabach.de\/wordpress\/wp-json\/wp\/v2\/posts\/56178\/revisions"}],"wp:featuredmedia":[{"embeddable":true,"href":"https:\/\/www.region-schwabach.de\/wordpress\/wp-json\/wp\/v2\/media\/56179"}],"wp:attachment":[{"href":"https:\/\/www.region-schwabach.de\/wordpress\/wp-json\/wp\/v2\/media?parent=56178"}],"wp:term":[{"taxonomy":"category","embeddable":true,"href":"https:\/\/www.region-schwabach.de\/wordpress\/wp-json\/wp\/v2\/categories?post=56178"},{"taxonomy":"post_tag","embeddable":true,"href":"https:\/\/www.region-schwabach.de\/wordpress\/wp-json\/wp\/v2\/tags?post=56178"}],"curies":[{"name":"wp","href":"https:\/\/api.w.org\/{rel}","templated":true}]}}