{"id":56415,"date":"2018-09-16T15:24:55","date_gmt":"2018-09-16T13:24:55","guid":{"rendered":"http:\/\/www.region-schwabach.de\/wordpress\/?p=56415"},"modified":"2018-09-16T15:36:58","modified_gmt":"2018-09-16T13:36:58","slug":"einbruch-auf-betriebsgelaende-in-dietersdorf","status":"publish","type":"post","link":"https:\/\/www.region-schwabach.de\/wordpress\/einbruch-auf-betriebsgelaende-in-dietersdorf\/","title":{"rendered":"Einbruch auf Betriebsgel\u00e4nde in Dietersdorf"},"content":{"rendered":"\t\t<div data-elementor-type=\"wp-post\" data-elementor-id=\"56415\" class=\"elementor elementor-56415 elementor-bc-flex-widget\">\n\t\t\t\t\t\t<section class=\"elementor-section elementor-top-section elementor-element elementor-element-1cuv9jr elementor-section-boxed elementor-section-height-default elementor-section-height-default\" data-id=\"1cuv9jr\" data-element_type=\"section\">\n\t\t\t\t\t\t<div class=\"elementor-container elementor-column-gap-default\">\n\t\t\t\t\t<div class=\"elementor-column elementor-col-66 elementor-top-column elementor-element elementor-element-q5zak7b\" data-id=\"q5zak7b\" data-element_type=\"column\">\n\t\t\t<div class=\"elementor-widget-wrap elementor-element-populated\">\n\t\t\t\t\t\t<div class=\"elementor-element elementor-element-763ecdd elementor-widget elementor-widget-text-editor\" data-id=\"763ecdd\" data-element_type=\"widget\" data-widget_type=\"text-editor.default\">\n\t\t\t\t<div class=\"elementor-widget-container\">\n\t\t\t\t\t\t\t<h3>Blumen, Dekoration und Lampe besch\u00e4digt<\/h3><p>Schwabach (ots) &#8211;\u00a0Im Zeitraum zwischen Mittwoch, den 12.09.2018, und Freitag, den 14.09.2018, brachen Unbekannte auf ein Gel\u00e4nde der regionalen Wasserversorgung im Schwabacher Ortsteil Dietersdorf ein. Zeugen werden gebeten, sich mit der Kriminalpolizei Schwabach in Verbindung zu setzen.<\/p><p>Die T\u00e4ter drangen gewaltsam auf das Gel\u00e4nde in der Dietersdorfer Stra\u00dfe ein. Dort entwendeten sie aus zwei Containern verschiedene Maschinen und Arbeitsger\u00e4te. Der Entwendungsschaden liegt bei mehreren tausend Euro.<\/p><p>Verd\u00e4chtige Wahrnehmungen zu diesem Vorfall oder Hinweise auf die T\u00e4ter nimmt der Kriminaldauerdienst Mittelfranken entgegen. Die Rufnummer des Hinweistelefons lautet 0911 2112-3333.<\/p><p><strong>Michael Konrad<\/strong><\/p><p>Original-Content von Polizeipr\u00e4sidium Mittelfranken<\/p>\t\t\t\t\t\t<\/div>\n\t\t\t\t<\/div>\n\t\t\t\t<div class=\"elementor-element elementor-element-ace1283 elementor-widget-divider--view-line elementor-widget elementor-widget-divider\" data-id=\"ace1283\" data-element_type=\"widget\" data-widget_type=\"divider.default\">\n\t\t\t\t<div class=\"elementor-widget-container\">\n\t\t\t\t\t<div class=\"elementor-divider\">\n\t\t\t<span class=\"elementor-divider-separator\">\n\t\t\t\t\t\t<\/span>\n\t\t<\/div>\n\t\t\t\t<\/div>\n\t\t\t\t<\/div>\n\t\t\t\t<div class=\"elementor-element elementor-element-1l7zbzo elementor-widget elementor-widget-google_maps\" data-id=\"1l7zbzo\" data-element_type=\"widget\" data-widget_type=\"google_maps.default\">\n\t\t\t\t<div class=\"elementor-widget-container\">\n\t\t\t\t\t<div class=\"elementor-custom-embed\">\n\t\t\t<iframe loading=\"lazy\"\n\t\t\t\t\tsrc=\"https:\/\/maps.google.com\/maps?q=49.368002%2C%2010.997949&#038;t=m&#038;z=17&#038;output=embed&#038;iwloc=near\"\n\t\t\t\t\ttitle=\"49.368002, 10.997949\"\n\t\t\t\t\taria-label=\"49.368002, 10.997949\"\n\t\t\t><\/iframe>\n\t\t<\/div>\n\t\t\t\t<\/div>\n\t\t\t\t<\/div>\n\t\t\t\t\t<\/div>\n\t\t<\/div>\n\t\t\t\t<div class=\"elementor-column elementor-col-33 elementor-top-column elementor-element elementor-element-0w0urt1\" data-id=\"0w0urt1\" data-element_type=\"column\">\n\t\t\t<div class=\"elementor-widget-wrap elementor-element-populated\">\n\t\t\t\t\t\t<div class=\"elementor-element elementor-element-mo6nk5i elementor-widget elementor-widget-image\" data-id=\"mo6nk5i\" data-element_type=\"widget\" data-widget_type=\"image.default\">\n\t\t\t\t<div class=\"elementor-widget-container\">\n\t\t\t\t\t\t\t\t\t\t\t\t\t\t<a href=\"http:\/\/www.region-schwabach.de\/wordpress\/werben-auf-region-schwabach\/\" target=\"_blank\">\n\t\t\t\t\t\t\t<img fetchpriority=\"high\" decoding=\"async\" width=\"1024\" height=\"1024\" src=\"https:\/\/www.region-schwabach.de\/wordpress\/wp-content\/uploads\/2017\/06\/werbung8-1024x1024.png\" class=\"attachment-large size-large wp-image-2484\" alt=\"\" srcset=\"https:\/\/www.region-schwabach.de\/wordpress\/wp-content\/uploads\/2017\/06\/werbung8-1024x1024.png 1024w, https:\/\/www.region-schwabach.de\/wordpress\/wp-content\/uploads\/2017\/06\/werbung8-150x150.png 150w, https:\/\/www.region-schwabach.de\/wordpress\/wp-content\/uploads\/2017\/06\/werbung8-300x300.png 300w, https:\/\/www.region-schwabach.de\/wordpress\/wp-content\/uploads\/2017\/06\/werbung8-768x768.png 768w, https:\/\/www.region-schwabach.de\/wordpress\/wp-content\/uploads\/2017\/06\/werbung8-600x600.png 600w, https:\/\/www.region-schwabach.de\/wordpress\/wp-content\/uploads\/2017\/06\/werbung8.png 1200w\" sizes=\"(max-width: 1024px) 100vw, 1024px\" \/>\t\t\t\t\t\t\t\t<\/a>\n\t\t\t\t\t\t\t\t\t\t\t\t\t<\/div>\n\t\t\t\t<\/div>\n\t\t\t\t\t<\/div>\n\t\t<\/div>\n\t\t\t\t\t<\/div>\n\t\t<\/section>\n\t\t\t\t<\/div>\n\t\t","protected":false},"excerpt":{"rendered":"<div class=\"mh-excerpt\"><p>Blumen, Dekoration und Lampe besch\u00e4digt Schwabach (ots) &#8211;\u00a0Im Zeitraum zwischen Mittwoch, den 12.09.2018, und Freitag, den 14.09.2018, brachen Unbekannte auf ein Gel\u00e4nde der regionalen Wasserversorgung im Schwabacher Ortsteil Dietersdorf ein. Zeugen werden gebeten, sich mit <a class=\"mh-excerpt-more\" href=\"https:\/\/www.region-schwabach.de\/wordpress\/einbruch-auf-betriebsgelaende-in-dietersdorf\/\" title=\"Einbruch auf Betriebsgel\u00e4nde in Dietersdorf\">[&#8230;]<\/a><\/p>\n<\/div>","protected":false},"author":1,"featured_media":56416,"comment_status":"open","ping_status":"open","sticky":false,"template":"","format":"standard","meta":{"_cbd_carousel_blocks":"[]","footnotes":""},"categories":[15],"tags":[5723,5724,5725,5983,2084,30,1545,217,5982,981,401,713,19,5605],"class_list":{"0":"post-56415","1":"post","2":"type-post","3":"status-publish","4":"format-standard","5":"has-post-thumbnail","7":"category-polizeimeldungen","8":"tag-12-09-2018","9":"tag-13-09-2018","10":"tag-14-09-2018","11":"tag-arbeitsgeraete","12":"tag-betriebsgelaende","13":"tag-diebstahl","14":"tag-dietersdorf","15":"tag-einbruch","16":"tag-maschinen","17":"tag-polizei","18":"tag-sachschaden","19":"tag-schaden","20":"tag-schwabach","21":"tag-wasserversorgung"},"_links":{"self":[{"href":"https:\/\/www.region-schwabach.de\/wordpress\/wp-json\/wp\/v2\/posts\/56415","targetHints":{"allow":["GET"]}}],"collection":[{"href":"https:\/\/www.region-schwabach.de\/wordpress\/wp-json\/wp\/v2\/posts"}],"about":[{"href":"https:\/\/www.region-schwabach.de\/wordpress\/wp-json\/wp\/v2\/types\/post"}],"author":[{"embeddable":true,"href":"https:\/\/www.region-schwabach.de\/wordpress\/wp-json\/wp\/v2\/users\/1"}],"replies":[{"embeddable":true,"href":"https:\/\/www.region-schwabach.de\/wordpress\/wp-json\/wp\/v2\/comments?post=56415"}],"version-history":[{"count":0,"href":"https:\/\/www.region-schwabach.de\/wordpress\/wp-json\/wp\/v2\/posts\/56415\/revisions"}],"wp:featuredmedia":[{"embeddable":true,"href":"https:\/\/www.region-schwabach.de\/wordpress\/wp-json\/wp\/v2\/media\/56416"}],"wp:attachment":[{"href":"https:\/\/www.region-schwabach.de\/wordpress\/wp-json\/wp\/v2\/media?parent=56415"}],"wp:term":[{"taxonomy":"category","embeddable":true,"href":"https:\/\/www.region-schwabach.de\/wordpress\/wp-json\/wp\/v2\/categories?post=56415"},{"taxonomy":"post_tag","embeddable":true,"href":"https:\/\/www.region-schwabach.de\/wordpress\/wp-json\/wp\/v2\/tags?post=56415"}],"curies":[{"name":"wp","href":"https:\/\/api.w.org\/{rel}","templated":true}]}}