{"id":56722,"date":"2018-09-18T00:05:42","date_gmt":"2018-09-17T22:05:42","guid":{"rendered":"http:\/\/www.region-schwabach.de\/wordpress\/?p=56722"},"modified":"2018-09-18T04:45:04","modified_gmt":"2018-09-18T02:45:04","slug":"rundgang-zur-herbstkirchweih-am-18-september-2018","status":"publish","type":"post","link":"https:\/\/www.region-schwabach.de\/wordpress\/rundgang-zur-herbstkirchweih-am-18-september-2018\/","title":{"rendered":"Rundgang zur Herbstkirchweih am 18. September 2018"},"content":{"rendered":"\t\t<div data-elementor-type=\"wp-post\" data-elementor-id=\"56722\" class=\"elementor elementor-56722 elementor-bc-flex-widget\">\n\t\t\t\t\t\t<section class=\"elementor-section elementor-top-section elementor-element elementor-element-678181b elementor-section-boxed elementor-section-height-default elementor-section-height-default\" data-id=\"678181b\" data-element_type=\"section\">\n\t\t\t\t\t\t<div class=\"elementor-container elementor-column-gap-default\">\n\t\t\t\t\t<div class=\"elementor-column elementor-col-66 elementor-top-column elementor-element elementor-element-6b34026\" data-id=\"6b34026\" data-element_type=\"column\">\n\t\t\t<div class=\"elementor-widget-wrap elementor-element-populated\">\n\t\t\t\t\t\t<div class=\"elementor-element elementor-element-443ab98 elementor-widget elementor-widget-text-editor\" data-id=\"443ab98\" data-element_type=\"widget\" data-widget_type=\"text-editor.default\">\n\t\t\t\t<div class=\"elementor-widget-container\">\n\t\t\t\t\t\t\t<h3>Herbstkirchweihf\u00fchrung: \u201eKauf mir einen bunten Luftballon\u201c<\/h3><p>Schwabach &#8211;\u00a0Haben Sie sich beim Besuch der Schwabacher Kirchweih auch schon mal z.B. die die Frage gestellt, wieviel das Riesenrad wiegt, warum die Gesch\u00e4fte genau da stehen wo sie stehen, oder seit wann es die Schwabacher Kirchweih \u00fcberhaupt schon gibt?<\/p><p>Antworten auf dies, und alle anderen Fragen, und nat\u00fcrlich auch jede Menge Hintergrundinformationen liefert die 90-min\u00fctige Herbstkirchweihf\u00fchrung mit dem Namen &#8222;Kauf mir einen bunten Luftballon.<\/p><p>Ein Vertreter der Schausteller und der Marktmeister der Stadt Schwabach f\u00fchren gemeinsam durch diese interessante Veranstaltung.<\/p><p>Infos:<\/p><p>Los geht&#8217;s am Dienstag, den 18.09.2018, um 17.00 Uhr am Rathauseingang (K\u00f6nigsplatz 1, 91126 Schwabach). Der Eintritt kostet 6,00 \u20ac, Kinder bis 10 Jahre 5,00 Euro (inkl. 5 K\u00e4rwa-Goldbarren zu 1,00 Euro).<\/p><h3>Weiterf\u00fchrende Links:<\/h3><p><a href=\"https:\/\/www.schwabach.de\/de\/schwabach-erleben\/tourismus\/en\/5726-angebote-fuer-einzelreisende-2.html\" target=\"_blank\" rel=\"noopener\">Eine \u00dcbersicht der\u00a0Stadtrundg\u00e4nge und F\u00fchrungen f\u00fcr Einzelreisende gibt es hier &#8230;<\/a><\/p><p><a href=\"https:\/\/www.schwabach.de\/de\/schwabach-erleben\/tourismus\/en\/6077-angebote-fuer-gruppen-2.html\" target=\"_blank\" rel=\"noopener\">Eine \u00dcbersicht der\u00a0Stadtrundg\u00e4nge und F\u00fchrungen f\u00fcr Gruppen gibt es hier &#8230;<\/a><\/p>\t\t\t\t\t\t<\/div>\n\t\t\t\t<\/div>\n\t\t\t\t<div class=\"elementor-element elementor-element-0c834d7 elementor-widget-divider--view-line elementor-widget elementor-widget-divider\" data-id=\"0c834d7\" data-element_type=\"widget\" data-widget_type=\"divider.default\">\n\t\t\t\t<div class=\"elementor-widget-container\">\n\t\t\t\t\t<div class=\"elementor-divider\">\n\t\t\t<span class=\"elementor-divider-separator\">\n\t\t\t\t\t\t<\/span>\n\t\t<\/div>\n\t\t\t\t<\/div>\n\t\t\t\t<\/div>\n\t\t\t\t<div class=\"elementor-element elementor-element-325f51f elementor-widget elementor-widget-google_maps\" data-id=\"325f51f\" data-element_type=\"widget\" data-widget_type=\"google_maps.default\">\n\t\t\t\t<div class=\"elementor-widget-container\">\n\t\t\t\t\t<div class=\"elementor-custom-embed\">\n\t\t\t<iframe loading=\"lazy\"\n\t\t\t\t\tsrc=\"https:\/\/maps.google.com\/maps?q=Marktplatz%201%2C%20Schwabach%2C%20Deutschland&#038;t=m&#038;z=15&#038;output=embed&#038;iwloc=near\"\n\t\t\t\t\ttitle=\"Marktplatz 1, Schwabach, Deutschland\"\n\t\t\t\t\taria-label=\"Marktplatz 1, Schwabach, Deutschland\"\n\t\t\t><\/iframe>\n\t\t<\/div>\n\t\t\t\t<\/div>\n\t\t\t\t<\/div>\n\t\t\t\t\t<\/div>\n\t\t<\/div>\n\t\t\t\t<div class=\"elementor-column elementor-col-33 elementor-top-column elementor-element elementor-element-f645137\" data-id=\"f645137\" data-element_type=\"column\">\n\t\t\t<div class=\"elementor-widget-wrap elementor-element-populated\">\n\t\t\t\t\t\t<div class=\"elementor-element elementor-element-25043c1 elementor-widget elementor-widget-image\" data-id=\"25043c1\" data-element_type=\"widget\" data-widget_type=\"image.default\">\n\t\t\t\t<div class=\"elementor-widget-container\">\n\t\t\t\t\t\t\t\t\t\t\t\t\t<img fetchpriority=\"high\" decoding=\"async\" width=\"300\" height=\"300\" src=\"https:\/\/www.region-schwabach.de\/wordpress\/wp-content\/uploads\/2018\/04\/werbung1-300x300.png\" class=\"attachment-medium size-medium wp-image-35382\" alt=\"\" srcset=\"https:\/\/www.region-schwabach.de\/wordpress\/wp-content\/uploads\/2018\/04\/werbung1-300x300.png 300w, https:\/\/www.region-schwabach.de\/wordpress\/wp-content\/uploads\/2018\/04\/werbung1-150x150.png 150w, https:\/\/www.region-schwabach.de\/wordpress\/wp-content\/uploads\/2018\/04\/werbung1-768x768.png 768w, https:\/\/www.region-schwabach.de\/wordpress\/wp-content\/uploads\/2018\/04\/werbung1-1024x1024.png 1024w, https:\/\/www.region-schwabach.de\/wordpress\/wp-content\/uploads\/2018\/04\/werbung1.png 1200w\" sizes=\"(max-width: 300px) 100vw, 300px\" \/>\t\t\t\t\t\t\t\t\t\t\t\t\t<\/div>\n\t\t\t\t<\/div>\n\t\t\t\t\t<\/div>\n\t\t<\/div>\n\t\t\t\t\t<\/div>\n\t\t<\/section>\n\t\t\t\t<\/div>\n\t\t","protected":false},"excerpt":{"rendered":"<div class=\"mh-excerpt\"><p>Herbstkirchweihf\u00fchrung: \u201eKauf mir einen bunten Luftballon\u201c Schwabach &#8211;\u00a0Haben Sie sich beim Besuch der Schwabacher Kirchweih auch schon mal z.B. die die Frage gestellt, wieviel das Riesenrad wiegt, warum die Gesch\u00e4fte genau da stehen wo sie <a class=\"mh-excerpt-more\" href=\"https:\/\/www.region-schwabach.de\/wordpress\/rundgang-zur-herbstkirchweih-am-18-september-2018\/\" title=\"Rundgang zur Herbstkirchweih am 18. September 2018\">[&#8230;]<\/a><\/p>\n<\/div>","protected":false},"author":1,"featured_media":55695,"comment_status":"open","ping_status":"open","sticky":false,"template":"","format":"standard","meta":{"_cbd_carousel_blocks":"[]","footnotes":""},"categories":[16,1,287,231,140],"tags":[2021,5527,1480,5989,5528,19,5525,5526,4099],"class_list":{"0":"post-56722","1":"post","2":"type-post","3":"status-publish","4":"format-standard","5":"has-post-thumbnail","7":"category-aktuell","8":"category-allgemein","9":"category-jugend-und-familie","10":"category-veranstaltungsnews","11":"category-vereine","12":"tag-18-09-2018","13":"tag-fuehrungen","14":"tag-rathaus","15":"tag-rundgang-zur-herbstkirchweih","16":"tag-rundgaenge","17":"tag-schwabach","18":"tag-sommer-2018","19":"tag-stadtrundgaenge","20":"tag-vorfuehrungen"},"_links":{"self":[{"href":"https:\/\/www.region-schwabach.de\/wordpress\/wp-json\/wp\/v2\/posts\/56722","targetHints":{"allow":["GET"]}}],"collection":[{"href":"https:\/\/www.region-schwabach.de\/wordpress\/wp-json\/wp\/v2\/posts"}],"about":[{"href":"https:\/\/www.region-schwabach.de\/wordpress\/wp-json\/wp\/v2\/types\/post"}],"author":[{"embeddable":true,"href":"https:\/\/www.region-schwabach.de\/wordpress\/wp-json\/wp\/v2\/users\/1"}],"replies":[{"embeddable":true,"href":"https:\/\/www.region-schwabach.de\/wordpress\/wp-json\/wp\/v2\/comments?post=56722"}],"version-history":[{"count":0,"href":"https:\/\/www.region-schwabach.de\/wordpress\/wp-json\/wp\/v2\/posts\/56722\/revisions"}],"wp:featuredmedia":[{"embeddable":true,"href":"https:\/\/www.region-schwabach.de\/wordpress\/wp-json\/wp\/v2\/media\/55695"}],"wp:attachment":[{"href":"https:\/\/www.region-schwabach.de\/wordpress\/wp-json\/wp\/v2\/media?parent=56722"}],"wp:term":[{"taxonomy":"category","embeddable":true,"href":"https:\/\/www.region-schwabach.de\/wordpress\/wp-json\/wp\/v2\/categories?post=56722"},{"taxonomy":"post_tag","embeddable":true,"href":"https:\/\/www.region-schwabach.de\/wordpress\/wp-json\/wp\/v2\/tags?post=56722"}],"curies":[{"name":"wp","href":"https:\/\/api.w.org\/{rel}","templated":true}]}}