{"id":56834,"date":"2018-09-19T11:16:56","date_gmt":"2018-09-19T09:16:56","guid":{"rendered":"http:\/\/www.region-schwabach.de\/wordpress\/?p=56834"},"modified":"2018-09-19T17:05:28","modified_gmt":"2018-09-19T15:05:28","slug":"sammlung-fuer-die-kriegsgraeber-startet-am-18-september-2018","status":"publish","type":"post","link":"https:\/\/www.region-schwabach.de\/wordpress\/sammlung-fuer-die-kriegsgraeber-startet-am-18-september-2018\/","title":{"rendered":"Sammlung f\u00fcr die Kriegsgr\u00e4ber startet am 18. September 2018"},"content":{"rendered":"\t\t<div data-elementor-type=\"wp-post\" data-elementor-id=\"56834\" class=\"elementor elementor-56834 elementor-bc-flex-widget\">\n\t\t\t\t\t\t<section class=\"elementor-section elementor-top-section elementor-element elementor-element-678181b elementor-section-boxed elementor-section-height-default elementor-section-height-default\" data-id=\"678181b\" data-element_type=\"section\">\n\t\t\t\t\t\t<div class=\"elementor-container elementor-column-gap-default\">\n\t\t\t\t\t<div class=\"elementor-column elementor-col-66 elementor-top-column elementor-element elementor-element-6b34026\" data-id=\"6b34026\" data-element_type=\"column\">\n\t\t\t<div class=\"elementor-widget-wrap elementor-element-populated\">\n\t\t\t\t\t\t<div class=\"elementor-element elementor-element-443ab98 elementor-widget elementor-widget-text-editor\" data-id=\"443ab98\" data-element_type=\"widget\" data-widget_type=\"text-editor.default\">\n\t\t\t\t<div class=\"elementor-widget-container\">\n\t\t\t\t\t\t\t<h3>Haus- und Stra\u00dfensammlung ab 18. September<br \/>Sammlung f\u00fcr Erhalt der Kriegsgr\u00e4ber<\/h3><p>Schwabach &#8211; F\u00fcr den Erhalt der Kriegsgr\u00e4ber und die Jugendarbeit des Volksbunds Deutsche Kriegsgr\u00e4berf\u00fcrsorge e.V. (VDK) sammeln in K\u00fcrze wieder Freiwillige in und um Schwabach. Am Dienstag, 18. September, bitten Mitglieder der 7. Kompagnie Luftwaffenausbildungsbataillon aus Roth bei der traditionellen Haussammlung um Spenden.<\/p><p>Zwischen 19. Oktober und 4. November sind Mitglieder der Historisch K.B. B\u00fcrgerwehr-Sch\u00fctzen-Compagnie an der Reihe und freuen sich \u00fcber jeden Beitrag.<\/p><h3>Volksbund Deutsche Kriegsgr\u00e4berf\u00fcrsorge e.V.<\/h3><p>Der Volksbund Deutsche Kriegsgr\u00e4berf\u00fcrsorge e.V. ist eine humanit\u00e4re Organisation. Er widmet sich im Auftrag der Bundesregierung der Aufgabe, die Gr\u00e4ber der deutschen Kriegstoten im Ausland zu erfassen, zu erhalten und zu pflegen. Der Volksbund betreut Angeh\u00f6rige in Fragen der Kriegsgr\u00e4berf\u00fcrsorge, er ber\u00e4t \u00f6ffentliche und private Stellen, er unterst\u00fctzt die internationale Zusammenarbeit auf dem Gebiet der Kriegsgr\u00e4berf\u00fcrsorge und f\u00f6rdert die Begegnung junger Menschen an den Menschen an den Ruhest\u00e4tten der Toten.<\/p><h3>833 Kriegsgr\u00e4berst\u00e4tten in der Obhut des Volksbunds<\/h3><p>Mit den Beitr\u00e4gen und Spenden finanziert der Volksbund zu etwa 70 Prozent seine Arbeit. Den Rest decken \u00f6ffentliche Mittel des Bundes und der L\u00e4nder. In der Obhut des Volksbunds befinden sich heute 833 Kriegsgr\u00e4berst\u00e4tten in 46 Staaten mit etwa 2,7 Millionen Kriegstoten.<\/p><p><strong>Foto:<\/strong> B\u00fcrgermeister Dr. Roland Oeser (rechts) w\u00fcnschte (von links nach rechts) Dirk Mewes (Bezirksgesch\u00e4ftsf\u00fchrer VDK), Hubert Weber (Kommandant Historisch K. B. B\u00fcrgerwehr Sch\u00fctzen-Compagnie) sowie Oberstabsgefreitem Martin Kobras und Stabsunteroffizier Aaron Kl\u00fcnsner, beide von der 7. Kompagnie Luftwaffenausbildungsbataillon, viel Erfolg bei der Sammlung.<\/p>\t\t\t\t\t\t<\/div>\n\t\t\t\t<\/div>\n\t\t\t\t<div class=\"elementor-element elementor-element-a2cb79b elementor-widget-divider--view-line elementor-widget elementor-widget-divider\" data-id=\"a2cb79b\" data-element_type=\"widget\" data-widget_type=\"divider.default\">\n\t\t\t\t<div class=\"elementor-widget-container\">\n\t\t\t\t\t<div class=\"elementor-divider\">\n\t\t\t<span class=\"elementor-divider-separator\">\n\t\t\t\t\t\t<\/span>\n\t\t<\/div>\n\t\t\t\t<\/div>\n\t\t\t\t<\/div>\n\t\t\t\t<div class=\"elementor-element elementor-element-da20a21 elementor-widget elementor-widget-google_maps\" data-id=\"da20a21\" data-element_type=\"widget\" data-widget_type=\"google_maps.default\">\n\t\t\t\t<div class=\"elementor-widget-container\">\n\t\t\t\t\t<div class=\"elementor-custom-embed\">\n\t\t\t<iframe loading=\"lazy\"\n\t\t\t\t\tsrc=\"https:\/\/maps.google.com\/maps?q=Schwabach%2C%20Deutschland&#038;t=m&#038;z=13&#038;output=embed&#038;iwloc=near\"\n\t\t\t\t\ttitle=\"Schwabach, Deutschland\"\n\t\t\t\t\taria-label=\"Schwabach, Deutschland\"\n\t\t\t><\/iframe>\n\t\t<\/div>\n\t\t\t\t<\/div>\n\t\t\t\t<\/div>\n\t\t\t\t\t<\/div>\n\t\t<\/div>\n\t\t\t\t<div class=\"elementor-column elementor-col-33 elementor-top-column elementor-element elementor-element-f645137\" data-id=\"f645137\" data-element_type=\"column\">\n\t\t\t<div class=\"elementor-widget-wrap elementor-element-populated\">\n\t\t\t\t\t\t<div class=\"elementor-element elementor-element-25043c1 elementor-widget elementor-widget-image\" data-id=\"25043c1\" data-element_type=\"widget\" data-widget_type=\"image.default\">\n\t\t\t\t<div class=\"elementor-widget-container\">\n\t\t\t\t\t\t\t\t\t\t\t\t\t<img fetchpriority=\"high\" decoding=\"async\" width=\"300\" height=\"300\" src=\"https:\/\/www.region-schwabach.de\/wordpress\/wp-content\/uploads\/2018\/04\/werbung1-300x300.png\" class=\"attachment-medium size-medium wp-image-35382\" alt=\"\" srcset=\"https:\/\/www.region-schwabach.de\/wordpress\/wp-content\/uploads\/2018\/04\/werbung1-300x300.png 300w, https:\/\/www.region-schwabach.de\/wordpress\/wp-content\/uploads\/2018\/04\/werbung1-150x150.png 150w, https:\/\/www.region-schwabach.de\/wordpress\/wp-content\/uploads\/2018\/04\/werbung1-768x768.png 768w, https:\/\/www.region-schwabach.de\/wordpress\/wp-content\/uploads\/2018\/04\/werbung1-1024x1024.png 1024w, https:\/\/www.region-schwabach.de\/wordpress\/wp-content\/uploads\/2018\/04\/werbung1.png 1200w\" sizes=\"(max-width: 300px) 100vw, 300px\" \/>\t\t\t\t\t\t\t\t\t\t\t\t\t<\/div>\n\t\t\t\t<\/div>\n\t\t\t\t\t<\/div>\n\t\t<\/div>\n\t\t\t\t\t<\/div>\n\t\t<\/section>\n\t\t\t\t<\/div>\n\t\t","protected":false},"excerpt":{"rendered":"<div class=\"mh-excerpt\"><p>Haus- und Stra\u00dfensammlung ab 18. SeptemberSammlung f\u00fcr Erhalt der Kriegsgr\u00e4ber Schwabach &#8211; F\u00fcr den Erhalt der Kriegsgr\u00e4ber und die Jugendarbeit des Volksbunds Deutsche Kriegsgr\u00e4berf\u00fcrsorge e.V. (VDK) sammeln in K\u00fcrze wieder Freiwillige in und um Schwabach. <a class=\"mh-excerpt-more\" href=\"https:\/\/www.region-schwabach.de\/wordpress\/sammlung-fuer-die-kriegsgraeber-startet-am-18-september-2018\/\" title=\"Sammlung f\u00fcr die Kriegsgr\u00e4ber startet am 18. September 2018\">[&#8230;]<\/a><\/p>\n<\/div>","protected":false},"author":1,"featured_media":56835,"comment_status":"open","ping_status":"open","sticky":false,"template":"","format":"standard","meta":{"_cbd_carousel_blocks":"[]","footnotes":""},"categories":[16,1,61,46],"tags":[6001,5998,6003,5999,5997,1480,5996,19,4207,6002,6000],"class_list":{"0":"post-56834","1":"post","2":"type-post","3":"status-publish","4":"format-standard","5":"has-post-thumbnail","7":"category-aktuell","8":"category-allgemein","9":"category-rathaus","10":"category-verbaende","11":"tag-deutsche-kriegsgraeberfuersorge-e-v","12":"tag-erhalt","13":"tag-freiwillige","14":"tag-jugendarbeit","15":"tag-kriegsgraeber","16":"tag-rathaus","17":"tag-sammlung","18":"tag-schwabach","19":"tag-spenden","20":"tag-vdk","21":"tag-volksbund"},"_links":{"self":[{"href":"https:\/\/www.region-schwabach.de\/wordpress\/wp-json\/wp\/v2\/posts\/56834","targetHints":{"allow":["GET"]}}],"collection":[{"href":"https:\/\/www.region-schwabach.de\/wordpress\/wp-json\/wp\/v2\/posts"}],"about":[{"href":"https:\/\/www.region-schwabach.de\/wordpress\/wp-json\/wp\/v2\/types\/post"}],"author":[{"embeddable":true,"href":"https:\/\/www.region-schwabach.de\/wordpress\/wp-json\/wp\/v2\/users\/1"}],"replies":[{"embeddable":true,"href":"https:\/\/www.region-schwabach.de\/wordpress\/wp-json\/wp\/v2\/comments?post=56834"}],"version-history":[{"count":0,"href":"https:\/\/www.region-schwabach.de\/wordpress\/wp-json\/wp\/v2\/posts\/56834\/revisions"}],"wp:featuredmedia":[{"embeddable":true,"href":"https:\/\/www.region-schwabach.de\/wordpress\/wp-json\/wp\/v2\/media\/56835"}],"wp:attachment":[{"href":"https:\/\/www.region-schwabach.de\/wordpress\/wp-json\/wp\/v2\/media?parent=56834"}],"wp:term":[{"taxonomy":"category","embeddable":true,"href":"https:\/\/www.region-schwabach.de\/wordpress\/wp-json\/wp\/v2\/categories?post=56834"},{"taxonomy":"post_tag","embeddable":true,"href":"https:\/\/www.region-schwabach.de\/wordpress\/wp-json\/wp\/v2\/tags?post=56834"}],"curies":[{"name":"wp","href":"https:\/\/api.w.org\/{rel}","templated":true}]}}