{"id":56839,"date":"2018-09-19T11:36:36","date_gmt":"2018-09-19T09:36:36","guid":{"rendered":"http:\/\/www.region-schwabach.de\/wordpress\/?p=56839"},"modified":"2018-09-19T11:41:33","modified_gmt":"2018-09-19T09:41:33","slug":"pkw-in-weissenburg-entwendet-und-unfall-gebaut","status":"publish","type":"post","link":"https:\/\/www.region-schwabach.de\/wordpress\/pkw-in-weissenburg-entwendet-und-unfall-gebaut\/","title":{"rendered":"PKW in Wei\u00dfenburg entwendet und Unfall gebaut"},"content":{"rendered":"\t\t<div data-elementor-type=\"wp-post\" data-elementor-id=\"56839\" class=\"elementor elementor-56839 elementor-bc-flex-widget\">\n\t\t\t\t\t\t<section class=\"elementor-section elementor-top-section elementor-element elementor-element-1cuv9jr elementor-section-boxed elementor-section-height-default elementor-section-height-default\" data-id=\"1cuv9jr\" data-element_type=\"section\">\n\t\t\t\t\t\t<div class=\"elementor-container elementor-column-gap-default\">\n\t\t\t\t\t<div class=\"elementor-column elementor-col-66 elementor-top-column elementor-element elementor-element-q5zak7b\" data-id=\"q5zak7b\" data-element_type=\"column\">\n\t\t\t<div class=\"elementor-widget-wrap elementor-element-populated\">\n\t\t\t\t\t\t<div class=\"elementor-element elementor-element-763ecdd elementor-widget elementor-widget-text-editor\" data-id=\"763ecdd\" data-element_type=\"widget\" data-widget_type=\"text-editor.default\">\n\t\t\t\t<div class=\"elementor-widget-container\">\n\t\t\t\t\t\t\t<h3><strong>Rollerfahrer leicht verletzt<\/strong><\/h3><p>Wei\u00dfenburg (ots) &#8211;\u00a0Gestern (18.09.18) wurde in Wei\u00dfenburg von zun\u00e4chst Unbekannten ein Pkw entwendet, der wenig sp\u00e4ter in einen Verkehrsunfall verwickelt war. Zwei Tatverd\u00e4chtige konnten festgenommen werden.<\/p><h3>Mercedes 280 SL-Cabrio gestohlen<\/h3><p>Gegen 05:00 Uhr wurde ein beigefarbener Mercedes 280 SL-Cabrio aus einer unversperrten Garage in der Kohlstra\u00dfe entwendet. Einige Stunden sp\u00e4ter war der Pkw an der Ecke Jahn- und Otto-Riederer-Stra\u00dfe von der Stra\u00dfe abgekommen und gegen einen Zaun geprallt. Zwei Personen waren aus dem Fahrzeug gefl\u00fcchtet und konnten nach Zeugenbeschreibungen wenig sp\u00e4ter in der Innenstadt angetroffen und festgenommen werden.<\/p><h3>Spritztour unternommen<\/h3><p>Die beiden Jugendlichen (16 und 17 Jahre) waren nach dem Diebstahl mit dem Pkw nach Roth gefahren und dann wieder nach Wei\u00dfenburg zur\u00fcckgekehrt. Hier hatte der Fahrer dann die Kontrolle \u00fcber das Fahrzeug verloren und den Unfall verursacht. Der entstandene Schaden wird auf mindestens 15.000 Euro beziffert. Beide Insassen blieben unverletzt.<\/p><h3>Anzeige Pkw-Diebstahl<\/h3><p>Die beiden Jugendlichen werden nun wegen Pkw-Diebstahls zur Anzeige gebracht und wurden nach der Sachbehandlung ihren Erziehungsberechtigten \u00fcbergeben.<\/p><p><strong>Rainer Seebauer<\/strong><\/p><p>Original-Content von Polizeipr\u00e4sidium Mittelfranken<\/p>\t\t\t\t\t\t<\/div>\n\t\t\t\t<\/div>\n\t\t\t\t<div class=\"elementor-element elementor-element-ace1283 elementor-widget-divider--view-line elementor-widget elementor-widget-divider\" data-id=\"ace1283\" data-element_type=\"widget\" data-widget_type=\"divider.default\">\n\t\t\t\t<div class=\"elementor-widget-container\">\n\t\t\t\t\t<div class=\"elementor-divider\">\n\t\t\t<span class=\"elementor-divider-separator\">\n\t\t\t\t\t\t<\/span>\n\t\t<\/div>\n\t\t\t\t<\/div>\n\t\t\t\t<\/div>\n\t\t\t\t<div class=\"elementor-element elementor-element-1l7zbzo elementor-widget elementor-widget-google_maps\" data-id=\"1l7zbzo\" data-element_type=\"widget\" data-widget_type=\"google_maps.default\">\n\t\t\t\t<div class=\"elementor-widget-container\">\n\t\t\t\t\t<div class=\"elementor-custom-embed\">\n\t\t\t<iframe loading=\"lazy\"\n\t\t\t\t\tsrc=\"https:\/\/maps.google.com\/maps?q=49.034568%2C%2010.977008&#038;t=m&#038;z=17&#038;output=embed&#038;iwloc=near\"\n\t\t\t\t\ttitle=\"49.034568, 10.977008\"\n\t\t\t\t\taria-label=\"49.034568, 10.977008\"\n\t\t\t><\/iframe>\n\t\t<\/div>\n\t\t\t\t<\/div>\n\t\t\t\t<\/div>\n\t\t\t\t\t<\/div>\n\t\t<\/div>\n\t\t\t\t<div class=\"elementor-column elementor-col-33 elementor-top-column elementor-element elementor-element-0w0urt1\" data-id=\"0w0urt1\" data-element_type=\"column\">\n\t\t\t<div class=\"elementor-widget-wrap elementor-element-populated\">\n\t\t\t\t\t\t<div class=\"elementor-element elementor-element-mo6nk5i elementor-widget elementor-widget-image\" data-id=\"mo6nk5i\" data-element_type=\"widget\" data-widget_type=\"image.default\">\n\t\t\t\t<div class=\"elementor-widget-container\">\n\t\t\t\t\t\t\t\t\t\t\t\t\t\t<a href=\"http:\/\/www.region-schwabach.de\/wordpress\/werben-auf-region-schwabach\/\" target=\"_blank\">\n\t\t\t\t\t\t\t<img fetchpriority=\"high\" decoding=\"async\" width=\"1024\" height=\"1024\" src=\"https:\/\/www.region-schwabach.de\/wordpress\/wp-content\/uploads\/2017\/06\/werbung8-1024x1024.png\" class=\"attachment-large size-large wp-image-2484\" alt=\"\" srcset=\"https:\/\/www.region-schwabach.de\/wordpress\/wp-content\/uploads\/2017\/06\/werbung8-1024x1024.png 1024w, https:\/\/www.region-schwabach.de\/wordpress\/wp-content\/uploads\/2017\/06\/werbung8-150x150.png 150w, https:\/\/www.region-schwabach.de\/wordpress\/wp-content\/uploads\/2017\/06\/werbung8-300x300.png 300w, https:\/\/www.region-schwabach.de\/wordpress\/wp-content\/uploads\/2017\/06\/werbung8-768x768.png 768w, https:\/\/www.region-schwabach.de\/wordpress\/wp-content\/uploads\/2017\/06\/werbung8-600x600.png 600w, https:\/\/www.region-schwabach.de\/wordpress\/wp-content\/uploads\/2017\/06\/werbung8.png 1200w\" sizes=\"(max-width: 1024px) 100vw, 1024px\" \/>\t\t\t\t\t\t\t\t<\/a>\n\t\t\t\t\t\t\t\t\t\t\t\t\t<\/div>\n\t\t\t\t<\/div>\n\t\t\t\t\t<\/div>\n\t\t<\/div>\n\t\t\t\t\t<\/div>\n\t\t<\/section>\n\t\t\t\t<\/div>\n\t\t","protected":false},"excerpt":{"rendered":"<div class=\"mh-excerpt\"><p>Rollerfahrer leicht verletzt Wei\u00dfenburg (ots) &#8211;\u00a0Gestern (18.09.18) wurde in Wei\u00dfenburg von zun\u00e4chst Unbekannten ein Pkw entwendet, der wenig sp\u00e4ter in einen Verkehrsunfall verwickelt war. Zwei Tatverd\u00e4chtige konnten festgenommen werden. Mercedes 280 SL-Cabrio gestohlen Gegen 05:00 <a class=\"mh-excerpt-more\" href=\"https:\/\/www.region-schwabach.de\/wordpress\/pkw-in-weissenburg-entwendet-und-unfall-gebaut\/\" title=\"PKW in Wei\u00dfenburg entwendet und Unfall gebaut\">[&#8230;]<\/a><\/p>\n<\/div>","protected":false},"author":1,"featured_media":56840,"comment_status":"open","ping_status":"open","sticky":false,"template":"","format":"standard","meta":{"_cbd_carousel_blocks":"[]","footnotes":""},"categories":[15],"tags":[2021,2585,30,645,1565,6004,6005,463,981,401,713,334,249],"class_list":{"0":"post-56839","1":"post","2":"type-post","3":"status-publish","4":"format-standard","5":"has-post-thumbnail","7":"category-polizeimeldungen","8":"tag-18-09-2018","9":"tag-cabrio","10":"tag-diebstahl","11":"tag-jahnstrasse","12":"tag-kohlstrasse","13":"tag-mercesdes-280-sl","14":"tag-otto-riederer-strasse","15":"tag-pkw","16":"tag-polizei","17":"tag-sachschaden","18":"tag-schaden","19":"tag-unfall","20":"tag-weissenburg"},"_links":{"self":[{"href":"https:\/\/www.region-schwabach.de\/wordpress\/wp-json\/wp\/v2\/posts\/56839","targetHints":{"allow":["GET"]}}],"collection":[{"href":"https:\/\/www.region-schwabach.de\/wordpress\/wp-json\/wp\/v2\/posts"}],"about":[{"href":"https:\/\/www.region-schwabach.de\/wordpress\/wp-json\/wp\/v2\/types\/post"}],"author":[{"embeddable":true,"href":"https:\/\/www.region-schwabach.de\/wordpress\/wp-json\/wp\/v2\/users\/1"}],"replies":[{"embeddable":true,"href":"https:\/\/www.region-schwabach.de\/wordpress\/wp-json\/wp\/v2\/comments?post=56839"}],"version-history":[{"count":0,"href":"https:\/\/www.region-schwabach.de\/wordpress\/wp-json\/wp\/v2\/posts\/56839\/revisions"}],"wp:featuredmedia":[{"embeddable":true,"href":"https:\/\/www.region-schwabach.de\/wordpress\/wp-json\/wp\/v2\/media\/56840"}],"wp:attachment":[{"href":"https:\/\/www.region-schwabach.de\/wordpress\/wp-json\/wp\/v2\/media?parent=56839"}],"wp:term":[{"taxonomy":"category","embeddable":true,"href":"https:\/\/www.region-schwabach.de\/wordpress\/wp-json\/wp\/v2\/categories?post=56839"},{"taxonomy":"post_tag","embeddable":true,"href":"https:\/\/www.region-schwabach.de\/wordpress\/wp-json\/wp\/v2\/tags?post=56839"}],"curies":[{"name":"wp","href":"https:\/\/api.w.org\/{rel}","templated":true}]}}