{"id":56855,"date":"2018-09-20T00:05:44","date_gmt":"2018-09-19T22:05:44","guid":{"rendered":"http:\/\/www.region-schwabach.de\/wordpress\/?p=56855"},"modified":"2018-09-19T21:18:17","modified_gmt":"2018-09-19T19:18:17","slug":"erstlesebuecher-aktion-in-den-schwabacher-grundschulen","status":"publish","type":"post","link":"https:\/\/www.region-schwabach.de\/wordpress\/erstlesebuecher-aktion-in-den-schwabacher-grundschulen\/","title":{"rendered":"Erstleseb\u00fccher-Aktion in den Schwabacher Grundschulen"},"content":{"rendered":"\t\t<div data-elementor-type=\"wp-post\" data-elementor-id=\"56855\" class=\"elementor elementor-56855 elementor-bc-flex-widget\">\n\t\t\t\t\t\t<section class=\"elementor-section elementor-top-section elementor-element elementor-element-678181b elementor-section-boxed elementor-section-height-default elementor-section-height-default\" data-id=\"678181b\" data-element_type=\"section\">\n\t\t\t\t\t\t<div class=\"elementor-container elementor-column-gap-default\">\n\t\t\t\t\t<div class=\"elementor-column elementor-col-66 elementor-top-column elementor-element elementor-element-6b34026\" data-id=\"6b34026\" data-element_type=\"column\">\n\t\t\t<div class=\"elementor-widget-wrap elementor-element-populated\">\n\t\t\t\t\t\t<div class=\"elementor-element elementor-element-443ab98 elementor-widget elementor-widget-text-editor\" data-id=\"443ab98\" data-element_type=\"widget\" data-widget_type=\"text-editor.default\">\n\t\t\t\t<div class=\"elementor-widget-container\">\n\t\t\t\t\t\t\t<h3>Erstleseb\u00fccher f\u00fcr Schulanf\u00e4nger:<br \/>Lesefutter f\u00fcr die J\u00fcngsten<\/h3><p>Schwabach &#8211;\u00a0P\u00fcnktlich zum Schulstart erhielten die Kinder der Klasse 1U in der Grundschule in Unterreichenbach viel Leselernstoff in Form von Drachen-, Prinzessinnen- und Detektivgeschichten. Jedes Kind erhielt ein Erstlesebuch samt Lesezeichen.<\/p><h3>Unterst\u00fctzung durch die\u00a0Sparkasse Mittelfranken-S\u00fcd<\/h3><p>Diese Aktion wird seit Jahren von der Stadt Schwabach organisiert und von der Sparkasse Mittelfranken-S\u00fcd finanziert. Neben der Schule in Unterreichenbach erhielten die Sch\u00fclerinnen und Sch\u00fcler der Luitpoldschule in der Innenstadt, der Zwieseltalschule in Wolkersdorf, der Christian-Maar-Schule, der Johannes-Helm-Schule, der Hans-Peter-Ruf-Schule und der Schule am Museum das Buchgeschenk, insgesamt waren es rund 400 B\u00fccher.<\/p><p><strong>Foto:<\/strong> Die Kinder in der Grundschule in Unterreichenbach freuten sich sichtlich \u00fcber die Erstleseb\u00fccher.<\/p>\t\t\t\t\t\t<\/div>\n\t\t\t\t<\/div>\n\t\t\t\t<div class=\"elementor-element elementor-element-a2cb79b elementor-widget-divider--view-line elementor-widget elementor-widget-divider\" data-id=\"a2cb79b\" data-element_type=\"widget\" data-widget_type=\"divider.default\">\n\t\t\t\t<div class=\"elementor-widget-container\">\n\t\t\t\t\t<div class=\"elementor-divider\">\n\t\t\t<span class=\"elementor-divider-separator\">\n\t\t\t\t\t\t<\/span>\n\t\t<\/div>\n\t\t\t\t<\/div>\n\t\t\t\t<\/div>\n\t\t\t\t<div class=\"elementor-element elementor-element-da20a21 elementor-widget elementor-widget-google_maps\" data-id=\"da20a21\" data-element_type=\"widget\" data-widget_type=\"google_maps.default\">\n\t\t\t\t<div class=\"elementor-widget-container\">\n\t\t\t\t\t<div class=\"elementor-custom-embed\">\n\t\t\t<iframe loading=\"lazy\"\n\t\t\t\t\tsrc=\"https:\/\/maps.google.com\/maps?q=Schwabach%2C%20Deutschland&#038;t=m&#038;z=13&#038;output=embed&#038;iwloc=near\"\n\t\t\t\t\ttitle=\"Schwabach, Deutschland\"\n\t\t\t\t\taria-label=\"Schwabach, Deutschland\"\n\t\t\t><\/iframe>\n\t\t<\/div>\n\t\t\t\t<\/div>\n\t\t\t\t<\/div>\n\t\t\t\t\t<\/div>\n\t\t<\/div>\n\t\t\t\t<div class=\"elementor-column elementor-col-33 elementor-top-column elementor-element elementor-element-f645137\" data-id=\"f645137\" data-element_type=\"column\">\n\t\t\t<div class=\"elementor-widget-wrap elementor-element-populated\">\n\t\t\t\t\t\t<div class=\"elementor-element elementor-element-25043c1 elementor-widget elementor-widget-image\" data-id=\"25043c1\" data-element_type=\"widget\" data-widget_type=\"image.default\">\n\t\t\t\t<div class=\"elementor-widget-container\">\n\t\t\t\t\t\t\t\t\t\t\t\t\t<img fetchpriority=\"high\" decoding=\"async\" width=\"300\" height=\"300\" src=\"https:\/\/www.region-schwabach.de\/wordpress\/wp-content\/uploads\/2018\/04\/werbung1-300x300.png\" class=\"attachment-medium size-medium wp-image-35382\" alt=\"\" srcset=\"https:\/\/www.region-schwabach.de\/wordpress\/wp-content\/uploads\/2018\/04\/werbung1-300x300.png 300w, https:\/\/www.region-schwabach.de\/wordpress\/wp-content\/uploads\/2018\/04\/werbung1-150x150.png 150w, https:\/\/www.region-schwabach.de\/wordpress\/wp-content\/uploads\/2018\/04\/werbung1-768x768.png 768w, https:\/\/www.region-schwabach.de\/wordpress\/wp-content\/uploads\/2018\/04\/werbung1-1024x1024.png 1024w, https:\/\/www.region-schwabach.de\/wordpress\/wp-content\/uploads\/2018\/04\/werbung1.png 1200w\" sizes=\"(max-width: 300px) 100vw, 300px\" \/>\t\t\t\t\t\t\t\t\t\t\t\t\t<\/div>\n\t\t\t\t<\/div>\n\t\t\t\t\t<\/div>\n\t\t<\/div>\n\t\t\t\t\t<\/div>\n\t\t<\/section>\n\t\t\t\t<\/div>\n\t\t","protected":false},"excerpt":{"rendered":"<div class=\"mh-excerpt\"><p>Erstleseb\u00fccher f\u00fcr Schulanf\u00e4nger:Lesefutter f\u00fcr die J\u00fcngsten Schwabach &#8211;\u00a0P\u00fcnktlich zum Schulstart erhielten die Kinder der Klasse 1U in der Grundschule in Unterreichenbach viel Leselernstoff in Form von Drachen-, Prinzessinnen- und Detektivgeschichten. Jedes Kind erhielt ein Erstlesebuch <a class=\"mh-excerpt-more\" href=\"https:\/\/www.region-schwabach.de\/wordpress\/erstlesebuecher-aktion-in-den-schwabacher-grundschulen\/\" title=\"Erstleseb\u00fccher-Aktion in den Schwabacher Grundschulen\">[&#8230;]<\/a><\/p>\n<\/div>","protected":false},"author":1,"featured_media":56856,"comment_status":"open","ping_status":"open","sticky":false,"template":"","format":"standard","meta":{"_cbd_carousel_blocks":"[]","footnotes":""},"categories":[16,1,61,46],"tags":[6007,6006,6008,3559,6009,1480,6010,19,3881],"class_list":{"0":"post-56855","1":"post","2":"type-post","3":"status-publish","4":"format-standard","5":"has-post-thumbnail","7":"category-aktuell","8":"category-allgemein","9":"category-rathaus","10":"category-verbaende","11":"tag-erstlesebuecher","12":"tag-erstlesebuecher-aktion","13":"tag-grundschulen","14":"tag-grundschueler","15":"tag-lesefutter","16":"tag-rathaus","17":"tag-schulstart","18":"tag-schwabach","19":"tag-september-2018"},"_links":{"self":[{"href":"https:\/\/www.region-schwabach.de\/wordpress\/wp-json\/wp\/v2\/posts\/56855","targetHints":{"allow":["GET"]}}],"collection":[{"href":"https:\/\/www.region-schwabach.de\/wordpress\/wp-json\/wp\/v2\/posts"}],"about":[{"href":"https:\/\/www.region-schwabach.de\/wordpress\/wp-json\/wp\/v2\/types\/post"}],"author":[{"embeddable":true,"href":"https:\/\/www.region-schwabach.de\/wordpress\/wp-json\/wp\/v2\/users\/1"}],"replies":[{"embeddable":true,"href":"https:\/\/www.region-schwabach.de\/wordpress\/wp-json\/wp\/v2\/comments?post=56855"}],"version-history":[{"count":0,"href":"https:\/\/www.region-schwabach.de\/wordpress\/wp-json\/wp\/v2\/posts\/56855\/revisions"}],"wp:featuredmedia":[{"embeddable":true,"href":"https:\/\/www.region-schwabach.de\/wordpress\/wp-json\/wp\/v2\/media\/56856"}],"wp:attachment":[{"href":"https:\/\/www.region-schwabach.de\/wordpress\/wp-json\/wp\/v2\/media?parent=56855"}],"wp:term":[{"taxonomy":"category","embeddable":true,"href":"https:\/\/www.region-schwabach.de\/wordpress\/wp-json\/wp\/v2\/categories?post=56855"},{"taxonomy":"post_tag","embeddable":true,"href":"https:\/\/www.region-schwabach.de\/wordpress\/wp-json\/wp\/v2\/tags?post=56855"}],"curies":[{"name":"wp","href":"https:\/\/api.w.org\/{rel}","templated":true}]}}