{"id":56884,"date":"2018-09-29T00:04:02","date_gmt":"2018-09-28T22:04:02","guid":{"rendered":"http:\/\/www.region-schwabach.de\/wordpress\/?p=56884"},"modified":"2018-09-29T08:22:31","modified_gmt":"2018-09-29T06:22:31","slug":"stadtmauerfuehrung-am-samstag-29-september-2018","status":"publish","type":"post","link":"https:\/\/www.region-schwabach.de\/wordpress\/stadtmauerfuehrung-am-samstag-29-september-2018\/","title":{"rendered":"Stadtmauerf\u00fchrung am Samstag, 29. September 2018"},"content":{"rendered":"\t\t<div data-elementor-type=\"wp-post\" data-elementor-id=\"56884\" class=\"elementor elementor-56884 elementor-bc-flex-widget\">\n\t\t\t\t\t\t<section class=\"elementor-section elementor-top-section elementor-element elementor-element-678181b elementor-section-boxed elementor-section-height-default elementor-section-height-default\" data-id=\"678181b\" data-element_type=\"section\">\n\t\t\t\t\t\t<div class=\"elementor-container elementor-column-gap-default\">\n\t\t\t\t\t<div class=\"elementor-column elementor-col-66 elementor-top-column elementor-element elementor-element-6b34026\" data-id=\"6b34026\" data-element_type=\"column\">\n\t\t\t<div class=\"elementor-widget-wrap elementor-element-populated\">\n\t\t\t\t\t\t<div class=\"elementor-element elementor-element-443ab98 elementor-widget elementor-widget-text-editor\" data-id=\"443ab98\" data-element_type=\"widget\" data-widget_type=\"text-editor.default\">\n\t\t\t\t<div class=\"elementor-widget-container\">\n\t\t\t\t\t\t\t<h3>Samstag, 29. September, 14 Uhr:<br \/>F\u00fchrung: \u201eWenn unsere Stadtmauer erz\u00e4hlen k\u00f6nnte\u201c<\/h3><p>Schwabach &#8211; Viele Schwabacher bedauern, dass von der alten Stadtmauer nur noch weniges vorhanden ist. Manche trauern ihr nach, weil sie an die Zeiten erinnert, in denen die Stadtmauer den Menschen lebenswichtigen Schutz geboten hat.<\/p><p>Deshalb l\u00e4dt das Tourismusb\u00fcro zu einem Stadtspaziergang mit der Stadtheimatpflegerin Ursula Kaiser-Biburger am Samstag, 29. September, um 14 Uhr ein. Unter dem Motto: \u201eWenn unsere Stadtmauer erz\u00e4hlen k\u00f6nnte\u2026.\u201c f\u00fchrt der Weg entlang der noch bestehenden Mauerreste.<\/p><p>Es soll daran erinnert werden, dass sie einst bis zu acht Meter hoch war. Doch mit dem technischen \u201eFortschritt\u201c in der Kriegsf\u00fchrung verlor die imposante Stadteinfriedung zunehmend an Bedeutung, bis sie schlie\u00dflich zum gro\u00dfen Teil abgerissen wurde.<\/p><p>Beim Spaziergang wird an die kleine Bastei, an den Ausbau des Walls sowie an die gro\u00dfen Basteien vor dem Z\u00f6llnertor erinnert. Auch der Abriss am Ende des 19. Jahrhunderts steht auf dem Programm. Dar\u00fcber und \u00fcber vieles mehr wird Ursula Kaiser-Biburger in dem Rundgang erz\u00e4hlen, der am Rathaus beginnt und sich \u00fcber den s\u00fcdwestlichen Mauerverlauf bis zum N\u00fcrnberger Tor erstreckt.<\/p><h3>Infos<\/h3><p>Treffpunkt: Vor dem Rathaus<br \/>Kosten: Erwachsene 5 Euro, Jugendliche ab 12 Jahren 3 Euro<\/p><p><strong>Foto:<\/strong> Christine Sch\u00f6n: Stadtmauer<\/p>\t\t\t\t\t\t<\/div>\n\t\t\t\t<\/div>\n\t\t\t\t<div class=\"elementor-element elementor-element-b95230e elementor-widget-divider--view-line elementor-widget elementor-widget-divider\" data-id=\"b95230e\" data-element_type=\"widget\" data-widget_type=\"divider.default\">\n\t\t\t\t<div class=\"elementor-widget-container\">\n\t\t\t\t\t<div class=\"elementor-divider\">\n\t\t\t<span class=\"elementor-divider-separator\">\n\t\t\t\t\t\t<\/span>\n\t\t<\/div>\n\t\t\t\t<\/div>\n\t\t\t\t<\/div>\n\t\t\t\t<div class=\"elementor-element elementor-element-804b00f elementor-widget elementor-widget-google_maps\" data-id=\"804b00f\" data-element_type=\"widget\" data-widget_type=\"google_maps.default\">\n\t\t\t\t<div class=\"elementor-widget-container\">\n\t\t\t\t\t<div class=\"elementor-custom-embed\">\n\t\t\t<iframe loading=\"lazy\"\n\t\t\t\t\tsrc=\"https:\/\/maps.google.com\/maps?q=K%C3%B6nigsplatz%201%2C%20Schwabach%2C%20Deutschland&#038;t=m&#038;z=17&#038;output=embed&#038;iwloc=near\"\n\t\t\t\t\ttitle=\"K\u00f6nigsplatz 1, Schwabach, Deutschland\"\n\t\t\t\t\taria-label=\"K\u00f6nigsplatz 1, Schwabach, Deutschland\"\n\t\t\t><\/iframe>\n\t\t<\/div>\n\t\t\t\t<\/div>\n\t\t\t\t<\/div>\n\t\t\t\t\t<\/div>\n\t\t<\/div>\n\t\t\t\t<div class=\"elementor-column elementor-col-33 elementor-top-column elementor-element elementor-element-f645137\" data-id=\"f645137\" data-element_type=\"column\">\n\t\t\t<div class=\"elementor-widget-wrap elementor-element-populated\">\n\t\t\t\t\t\t<div class=\"elementor-element elementor-element-25043c1 elementor-widget elementor-widget-image\" data-id=\"25043c1\" data-element_type=\"widget\" data-widget_type=\"image.default\">\n\t\t\t\t<div class=\"elementor-widget-container\">\n\t\t\t\t\t\t\t\t\t\t\t\t\t<img fetchpriority=\"high\" decoding=\"async\" width=\"300\" height=\"300\" src=\"https:\/\/www.region-schwabach.de\/wordpress\/wp-content\/uploads\/2018\/04\/werbung1-300x300.png\" class=\"attachment-medium size-medium wp-image-35382\" alt=\"\" srcset=\"https:\/\/www.region-schwabach.de\/wordpress\/wp-content\/uploads\/2018\/04\/werbung1-300x300.png 300w, https:\/\/www.region-schwabach.de\/wordpress\/wp-content\/uploads\/2018\/04\/werbung1-150x150.png 150w, https:\/\/www.region-schwabach.de\/wordpress\/wp-content\/uploads\/2018\/04\/werbung1-768x768.png 768w, https:\/\/www.region-schwabach.de\/wordpress\/wp-content\/uploads\/2018\/04\/werbung1-1024x1024.png 1024w, https:\/\/www.region-schwabach.de\/wordpress\/wp-content\/uploads\/2018\/04\/werbung1.png 1200w\" sizes=\"(max-width: 300px) 100vw, 300px\" \/>\t\t\t\t\t\t\t\t\t\t\t\t\t<\/div>\n\t\t\t\t<\/div>\n\t\t\t\t\t<\/div>\n\t\t<\/div>\n\t\t\t\t\t<\/div>\n\t\t<\/section>\n\t\t\t\t<\/div>\n\t\t","protected":false},"excerpt":{"rendered":"<div class=\"mh-excerpt\"><p>Samstag, 29. September, 14 Uhr:F\u00fchrung: \u201eWenn unsere Stadtmauer erz\u00e4hlen k\u00f6nnte\u201c Schwabach &#8211; Viele Schwabacher bedauern, dass von der alten Stadtmauer nur noch weniges vorhanden ist. Manche trauern ihr nach, weil sie an die Zeiten erinnert, <a class=\"mh-excerpt-more\" href=\"https:\/\/www.region-schwabach.de\/wordpress\/stadtmauerfuehrung-am-samstag-29-september-2018\/\" title=\"Stadtmauerf\u00fchrung am Samstag, 29. September 2018\">[&#8230;]<\/a><\/p>\n<\/div>","protected":false},"author":1,"featured_media":56885,"comment_status":"open","ping_status":"open","sticky":false,"template":"","format":"standard","meta":{"_cbd_carousel_blocks":"[]","footnotes":""},"categories":[16,1,287,61,231],"tags":[5736,53,1480,3645,19,6021,1933,6019,3872,6022,6020],"class_list":{"0":"post-56884","1":"post","2":"type-post","3":"status-publish","4":"format-standard","5":"has-post-thumbnail","7":"category-aktuell","8":"category-allgemein","9":"category-jugend-und-familie","10":"category-rathaus","11":"category-veranstaltungsnews","12":"tag-29-09-2018","13":"tag-fuehrung","14":"tag-rathaus","15":"tag-rundgang","16":"tag-schwabach","17":"tag-stadtheimatpflegerin","18":"tag-stadtmauer","19":"tag-stadtmauerfuehrung","20":"tag-tatort-fuehrung","21":"tag-ursula-kaiser-biburger","22":"tag-vor-dem-rathaus"},"_links":{"self":[{"href":"https:\/\/www.region-schwabach.de\/wordpress\/wp-json\/wp\/v2\/posts\/56884","targetHints":{"allow":["GET"]}}],"collection":[{"href":"https:\/\/www.region-schwabach.de\/wordpress\/wp-json\/wp\/v2\/posts"}],"about":[{"href":"https:\/\/www.region-schwabach.de\/wordpress\/wp-json\/wp\/v2\/types\/post"}],"author":[{"embeddable":true,"href":"https:\/\/www.region-schwabach.de\/wordpress\/wp-json\/wp\/v2\/users\/1"}],"replies":[{"embeddable":true,"href":"https:\/\/www.region-schwabach.de\/wordpress\/wp-json\/wp\/v2\/comments?post=56884"}],"version-history":[{"count":0,"href":"https:\/\/www.region-schwabach.de\/wordpress\/wp-json\/wp\/v2\/posts\/56884\/revisions"}],"wp:featuredmedia":[{"embeddable":true,"href":"https:\/\/www.region-schwabach.de\/wordpress\/wp-json\/wp\/v2\/media\/56885"}],"wp:attachment":[{"href":"https:\/\/www.region-schwabach.de\/wordpress\/wp-json\/wp\/v2\/media?parent=56884"}],"wp:term":[{"taxonomy":"category","embeddable":true,"href":"https:\/\/www.region-schwabach.de\/wordpress\/wp-json\/wp\/v2\/categories?post=56884"},{"taxonomy":"post_tag","embeddable":true,"href":"https:\/\/www.region-schwabach.de\/wordpress\/wp-json\/wp\/v2\/tags?post=56884"}],"curies":[{"name":"wp","href":"https:\/\/api.w.org\/{rel}","templated":true}]}}