{"id":56888,"date":"2018-10-07T00:06:02","date_gmt":"2018-10-06T22:06:02","guid":{"rendered":"http:\/\/www.region-schwabach.de\/wordpress\/?p=56888"},"modified":"2018-10-06T21:54:41","modified_gmt":"2018-10-06T19:54:41","slug":"hasenjagd-in-der-sukka-auf-den-spuren-fraenkisch-juedischer-geschichte-in-schwabach-3","status":"publish","type":"post","link":"https:\/\/www.region-schwabach.de\/wordpress\/hasenjagd-in-der-sukka-auf-den-spuren-fraenkisch-juedischer-geschichte-in-schwabach-3\/","title":{"rendered":"Hasenjagd in der Sukka \u2013 auf den Spuren fr\u00e4nkisch-j\u00fcdischer Geschichte in Schwabach"},"content":{"rendered":"\t\t<div data-elementor-type=\"wp-post\" data-elementor-id=\"56888\" class=\"elementor elementor-56888 elementor-bc-flex-widget\">\n\t\t\t\t\t\t<section class=\"elementor-section elementor-top-section elementor-element elementor-element-678181b elementor-section-boxed elementor-section-height-default elementor-section-height-default\" data-id=\"678181b\" data-element_type=\"section\">\n\t\t\t\t\t\t<div class=\"elementor-container elementor-column-gap-default\">\n\t\t\t\t\t<div class=\"elementor-column elementor-col-66 elementor-top-column elementor-element elementor-element-6b34026\" data-id=\"6b34026\" data-element_type=\"column\">\n\t\t\t<div class=\"elementor-widget-wrap elementor-element-populated\">\n\t\t\t\t\t\t<div class=\"elementor-element elementor-element-443ab98 elementor-widget elementor-widget-text-editor\" data-id=\"443ab98\" data-element_type=\"widget\" data-widget_type=\"text-editor.default\">\n\t\t\t\t<div class=\"elementor-widget-container\">\n\t\t\t\t\t\t\t<p><strong>Sonntagsf\u00fchrung in Schwabach:<\/strong><\/p><h3>Hasenjagd in der Sukka \u2013 auf den Spuren fr\u00e4nkisch-j\u00fcdischer Geschichte in Schwabach<\/h3><p>So, 07.10.2018, 14 Uhr | JMF Schwabach<br \/>Eintritt: 3 \u20ac zzgl. Eintritt (5 \u20ac \/ 3 \u20ac erm.)<\/p><p>Am Eingang, an der Kasse, in der Ausstellung \u2013 er ist einfach \u00fcberall. Warum steht gerade ein gejagter\u00a0Hase im Mittelpunkt des neuen J\u00fcdischen Museums Franken in Schwabach?<\/p><p>Und was hat er mit Sukkot,\u00a0dem j\u00fcdischen Laubh\u00fcttenfest zu tun? Lernen Sie das historische Museumsgeb\u00e4ude in der\u00a0Synagogengasse mit seiner Geschichte kennen und entdecken Sie mit uns einen einzigartigen Schatz\u00a0fr\u00e4nkisch-j\u00fcdischen Kulturerbes.<\/p><p>Erkunden Sie zudem das ehemalige j\u00fcdische Viertel Schwabachs mit\u00a0seinem bis heute erhaltenen Geb\u00e4udeensemble aus Synagoge, Rabbinerhaus, Lehrhaus und vielen\u00a0weiteren.<\/p><p>Diese und die Geschichten ihrer einstigen Bewohner sind Zeugen fr\u00e4nkisch-j\u00fcdischen Lebens in\u00a0all seiner Vielfalt.<\/p><p><strong>Bild: Ausschnitt der Hasenjagdszene in der Schwabacher Laubh\u00fctte<\/strong><br \/><strong>\u00a9J\u00fcdisches Museum Franken<\/strong><br \/><strong>Fotografin: Annette Kradisch, N\u00fcrnberg<\/strong><\/p>\t\t\t\t\t\t<\/div>\n\t\t\t\t<\/div>\n\t\t\t\t<div class=\"elementor-element elementor-element-0c834d7 elementor-widget-divider--view-line elementor-widget elementor-widget-divider\" data-id=\"0c834d7\" data-element_type=\"widget\" data-widget_type=\"divider.default\">\n\t\t\t\t<div class=\"elementor-widget-container\">\n\t\t\t\t\t<div class=\"elementor-divider\">\n\t\t\t<span class=\"elementor-divider-separator\">\n\t\t\t\t\t\t<\/span>\n\t\t<\/div>\n\t\t\t\t<\/div>\n\t\t\t\t<\/div>\n\t\t\t\t<div class=\"elementor-element elementor-element-325f51f elementor-widget elementor-widget-google_maps\" data-id=\"325f51f\" data-element_type=\"widget\" data-widget_type=\"google_maps.default\">\n\t\t\t\t<div class=\"elementor-widget-container\">\n\t\t\t\t\t<div class=\"elementor-custom-embed\">\n\t\t\t<iframe loading=\"lazy\"\n\t\t\t\t\tsrc=\"https:\/\/maps.google.com\/maps?q=Syagogengasse%2010a%2C%20Schwabach%2C%20Deutschland&#038;t=m&#038;z=17&#038;output=embed&#038;iwloc=near\"\n\t\t\t\t\ttitle=\"Syagogengasse 10a, Schwabach, Deutschland\"\n\t\t\t\t\taria-label=\"Syagogengasse 10a, Schwabach, Deutschland\"\n\t\t\t><\/iframe>\n\t\t<\/div>\n\t\t\t\t<\/div>\n\t\t\t\t<\/div>\n\t\t\t\t\t<\/div>\n\t\t<\/div>\n\t\t\t\t<div class=\"elementor-column elementor-col-33 elementor-top-column elementor-element elementor-element-f645137\" data-id=\"f645137\" data-element_type=\"column\">\n\t\t\t<div class=\"elementor-widget-wrap elementor-element-populated\">\n\t\t\t\t\t\t<div class=\"elementor-element elementor-element-25043c1 elementor-widget elementor-widget-image\" data-id=\"25043c1\" data-element_type=\"widget\" data-widget_type=\"image.default\">\n\t\t\t\t<div class=\"elementor-widget-container\">\n\t\t\t\t\t\t\t\t\t\t\t\t\t<img fetchpriority=\"high\" decoding=\"async\" width=\"300\" height=\"300\" src=\"https:\/\/www.region-schwabach.de\/wordpress\/wp-content\/uploads\/2018\/04\/werbung1-300x300.png\" class=\"attachment-medium size-medium wp-image-35382\" alt=\"\" srcset=\"https:\/\/www.region-schwabach.de\/wordpress\/wp-content\/uploads\/2018\/04\/werbung1-300x300.png 300w, https:\/\/www.region-schwabach.de\/wordpress\/wp-content\/uploads\/2018\/04\/werbung1-150x150.png 150w, https:\/\/www.region-schwabach.de\/wordpress\/wp-content\/uploads\/2018\/04\/werbung1-768x768.png 768w, https:\/\/www.region-schwabach.de\/wordpress\/wp-content\/uploads\/2018\/04\/werbung1-1024x1024.png 1024w, https:\/\/www.region-schwabach.de\/wordpress\/wp-content\/uploads\/2018\/04\/werbung1.png 1200w\" sizes=\"(max-width: 300px) 100vw, 300px\" \/>\t\t\t\t\t\t\t\t\t\t\t\t\t<\/div>\n\t\t\t\t<\/div>\n\t\t\t\t\t<\/div>\n\t\t<\/div>\n\t\t\t\t\t<\/div>\n\t\t<\/section>\n\t\t\t\t<\/div>\n\t\t","protected":false},"excerpt":{"rendered":"<div class=\"mh-excerpt\"><p>Sonntagsf\u00fchrung in Schwabach: Hasenjagd in der Sukka \u2013 auf den Spuren fr\u00e4nkisch-j\u00fcdischer Geschichte in Schwabach So, 07.10.2018, 14 Uhr | JMF Schwabach Eintritt: 3 \u20ac zzgl. Eintritt (5 \u20ac \/ 3 \u20ac erm.) Am Eingang, <a class=\"mh-excerpt-more\" href=\"https:\/\/www.region-schwabach.de\/wordpress\/hasenjagd-in-der-sukka-auf-den-spuren-fraenkisch-juedischer-geschichte-in-schwabach-3\/\" title=\"Hasenjagd in der Sukka \u2013 auf den Spuren fr\u00e4nkisch-j\u00fcdischer Geschichte in Schwabach\">[&#8230;]<\/a><\/p>\n<\/div>","protected":false},"author":1,"featured_media":45149,"comment_status":"open","ping_status":"open","sticky":false,"template":"","format":"standard","meta":{"_cbd_carousel_blocks":"[]","footnotes":""},"categories":[16,1,287,231,140],"tags":[6023,4691,4690,4689,19,4692],"class_list":{"0":"post-56888","1":"post","2":"type-post","3":"status-publish","4":"format-standard","5":"has-post-thumbnail","7":"category-aktuell","8":"category-allgemein","9":"category-jugend-und-familie","10":"category-veranstaltungsnews","11":"category-vereine","12":"tag-07-10-2018","13":"tag-fraenkisch-juedische-geschichte","14":"tag-hasenjagd-in-der-sukka","15":"tag-juedischen-museum-franken","16":"tag-schwabach","17":"tag-synagogengasse"},"_links":{"self":[{"href":"https:\/\/www.region-schwabach.de\/wordpress\/wp-json\/wp\/v2\/posts\/56888","targetHints":{"allow":["GET"]}}],"collection":[{"href":"https:\/\/www.region-schwabach.de\/wordpress\/wp-json\/wp\/v2\/posts"}],"about":[{"href":"https:\/\/www.region-schwabach.de\/wordpress\/wp-json\/wp\/v2\/types\/post"}],"author":[{"embeddable":true,"href":"https:\/\/www.region-schwabach.de\/wordpress\/wp-json\/wp\/v2\/users\/1"}],"replies":[{"embeddable":true,"href":"https:\/\/www.region-schwabach.de\/wordpress\/wp-json\/wp\/v2\/comments?post=56888"}],"version-history":[{"count":0,"href":"https:\/\/www.region-schwabach.de\/wordpress\/wp-json\/wp\/v2\/posts\/56888\/revisions"}],"wp:featuredmedia":[{"embeddable":true,"href":"https:\/\/www.region-schwabach.de\/wordpress\/wp-json\/wp\/v2\/media\/45149"}],"wp:attachment":[{"href":"https:\/\/www.region-schwabach.de\/wordpress\/wp-json\/wp\/v2\/media?parent=56888"}],"wp:term":[{"taxonomy":"category","embeddable":true,"href":"https:\/\/www.region-schwabach.de\/wordpress\/wp-json\/wp\/v2\/categories?post=56888"},{"taxonomy":"post_tag","embeddable":true,"href":"https:\/\/www.region-schwabach.de\/wordpress\/wp-json\/wp\/v2\/tags?post=56888"}],"curies":[{"name":"wp","href":"https:\/\/api.w.org\/{rel}","templated":true}]}}